{"id":167582,"date":"2026-04-30T15:28:24","date_gmt":"2026-04-30T14:28:24","guid":{"rendered":"https:\/\/swmikolaj.org\/?p=167582"},"modified":"2026-04-30T15:28:24","modified_gmt":"2026-04-30T14:28:24","slug":"intencje-mszy-swietych-27-04-03-05-2026","status":"publish","type":"post","link":"https:\/\/swmikolaj.org\/index.php\/2026\/04\/30\/intencje-mszy-swietych-27-04-03-05-2026\/","title":{"rendered":"INTENCJE MSZY \u015aWI\u0118TYCH 27\/04 &#8211; 03\/05\/2026"},"content":{"rendered":"<table width=\"647\">\n<tbody>\n<tr>\n<td colspan=\"2\" width=\"647\"><strong>27\/04\/2026 Poniedzia\u0142ek<\/strong><\/td>\n<\/tr>\n<tr>\n<td width=\"85\"><strong>08:00<\/strong><\/td>\n<td width=\"562\">1.\u00a0\u00a0\u00a0\u00a0 + Zygmunt, Gertruda, Sebastian, Albin, Teresa, Zdzis\u0142aw, Ewa<\/p>\n<p>2.\u00a0\u00a0\u00a0\u00a0 + Janusz Zdrojewski<\/td>\n<\/tr>\n<tr>\n<td width=\"85\"><strong>18:30<\/strong><\/td>\n<td width=\"562\">1.\u00a0\u00a0\u00a0\u00a0 + Czes\u0142aw w 1 rocz. \u015bmierci<\/p>\n<p>2.\u00a0\u00a0\u00a0\u00a0 + Agnieszka Niemczyk &#8211; gregoria\u0144ska<\/td>\n<\/tr>\n<tr>\n<td colspan=\"2\" width=\"647\"><strong>28\/04\/2026 Wtorek<\/strong><\/td>\n<\/tr>\n<tr>\n<td width=\"85\"><strong>08:00<\/strong><\/td>\n<td width=\"562\">1.\u00a0\u00a0\u00a0\u00a0 + Katarzyna Lewa\u0144czyk w dniu urodzin oraz Hildegarda i Jan<\/p>\n<p>2.\u00a0\u00a0\u00a0\u00a0 + Michalina<\/td>\n<\/tr>\n<tr>\n<td width=\"85\"><strong>10:30<\/strong><\/td>\n<td width=\"562\">Pogrzeb: \u015bp. W\u0142adys\u0142aw Mularczyk, lat 81<\/td>\n<\/tr>\n<tr>\n<td width=\"85\"><strong>18:30<\/strong><\/td>\n<td width=\"562\">1.\u00a0\u00a0\u00a0\u00a0 + Stefania<\/p>\n<p>2.\u00a0\u00a0\u00a0\u00a0 + Agnieszka Niemczyk &#8211; gregoria\u0144ska<\/td>\n<\/tr>\n<tr>\n<td colspan=\"2\" width=\"647\"><strong>29\/04\/2026 \u015aroda<\/strong><\/td>\n<\/tr>\n<tr>\n<td width=\"85\"><strong>08:00<\/strong><\/td>\n<td width=\"562\">1.\u00a0\u00a0\u00a0\u00a0 Dzi\u0119kczynno-b\u0142agalna w intencji wnuk\u00f3w Kazimierza i Tadeusza z pro\u015bb\u0105 o Bo\u017ce b\u0142ogos\u0142awie\u0144stwo<\/p>\n<p>2.\u00a0\u00a0\u00a0\u00a0 + M\u0105\u017c Zygmunt w 21 rocz. \u015bmierci oraz szwagierka Zofia w 23 rocz. \u015bmierci i mama Zofia w 8 rocz. \u015bmierci<\/td>\n<\/tr>\n<tr>\n<td width=\"85\"><strong>10:00<\/strong><\/td>\n<td width=\"562\">Pogrzeb: \u015bp. Irena Kuligowska, lat 90<\/td>\n<\/tr>\n<tr>\n<td width=\"85\"><strong>18:30<\/strong><\/td>\n<td width=\"562\">1.\u00a0\u00a0\u00a0\u00a0 + Mariusz i Edmund Domaradzcy oraz Lidia i Kazimierz Beszterda, Zygmunt Szmytka<\/p>\n<p>2.\u00a0\u00a0\u00a0\u00a0 + Agnieszka Niemczyk &#8211; gregoria\u0144ska<\/td>\n<\/tr>\n<tr>\n<td colspan=\"2\" width=\"647\"><strong>30\/04\/2026 Czwartek<\/strong><\/td>\n<\/tr>\n<tr>\n<td width=\"85\"><strong>08:00<\/strong><\/td>\n<td width=\"562\">1.\u00a0\u00a0\u00a0\u00a0 + Ryszard Witczak, Ma\u0142gorzata Ja\u015btak<\/p>\n<p>2.\u00a0\u00a0\u00a0\u00a0 + Agnieszka Niemczyk &#8211; gregoria\u0144ska<\/td>\n<\/tr>\n<tr>\n<td width=\"85\"><strong>10:00<\/strong><\/td>\n<td width=\"562\">Pogrzeb: \u015bp. Edeltruda Teresa Szachta, lat 86<\/td>\n<\/tr>\n<tr>\n<td width=\"85\"><strong>15:00<\/strong><\/td>\n<td width=\"562\">\u015alub: Emila i J\u0119drzej<\/td>\n<\/tr>\n<tr>\n<td width=\"85\"><strong>18:30<\/strong><\/td>\n<td width=\"562\">1.\u00a0\u00a0\u00a0\u00a0 ++ Danuta Juszczak, Ryszard Miler, Jan Inorowicz, Bernard Sinicki, Wojciech Bigosi\u0144ski, Irena Korzeniewska, Barbara Grochowska, Marianna Soko\u0142owska, S\u0142awomir Zakrzewski, Teresa Cebula, Marek Cebula, El\u017cbieta Lipi\u0144ska, Helena Brzezi\u0144ska, El\u017cbieta Kaniewska, Torben Lind, Janina Januszewska, Emilia Miko\u0142ajewska, Celina Rolbiecka, Ryszard Potrykus, Maria Wawrzyniak, Janina Badowicz.<\/p>\n<p>2.\u00a0\u00a0\u00a0\u00a0 + Ignacy<\/td>\n<\/tr>\n<tr>\n<td colspan=\"2\" width=\"647\"><strong>01\/05\/2026 Pi\u0105tek<\/strong><\/td>\n<\/tr>\n<tr>\n<td width=\"85\"><strong>08:00<\/strong><\/td>\n<td width=\"562\">1.\u00a0\u00a0\u00a0\u00a0 + M\u0105\u017c Edmund w 8 rocz. \u015bmierci oraz rodzice z obojga stron<\/p>\n<p>2.\u00a0\u00a0\u00a0\u00a0 + Agnieszka Niemczyk &#8211; gregoria\u0144ska<\/td>\n<\/tr>\n<tr>\n<td width=\"85\"><strong>18:30<\/strong><\/td>\n<td width=\"562\">1.\u00a0\u00a0\u00a0\u00a0 + Mama Ludgarda w 10 rocz. \u015bmieci, tata Leon oraz Marta i J\u00f3zef, Zofia i Jan, zmarli z rodziny i znajomi, Krystyna Maksymowicz, Szymon, Jadwiga, Kazimierz<\/p>\n<p>2.\u00a0\u00a0\u00a0\u00a0 + Wanda w 3 rocz. \u015bmierci oraz Tadeusza, Antoni, siostra Bronis\u0142awa i rodzice z obojga stron<\/td>\n<\/tr>\n<tr>\n<td colspan=\"2\" width=\"647\"><strong>02\/05\/2026 Sobota<\/strong><\/p>\n<p><strong>Uroczysto\u015b\u0107 NMP Kr\u00f3lowej Polski<\/strong><\/td>\n<\/tr>\n<tr>\n<td width=\"85\"><strong>08:00<\/strong><\/td>\n<td width=\"562\">1.\u00a0\u00a0\u00a0\u00a0 Dzi\u0119kczynno-b\u0142agalna w intencji II R\u00f3\u017cy \u017bywego R\u00f3\u017ca\u0144ca z pro\u015bb\u0105 o pozyskanie nowych R\u00f3\u017c, zdrowie, Bo\u017ce b\u0142ogos\u0142awie\u0144stwo i opiek\u0119 Matki Bo\u017cej dla cz\u0142onki\u0144 i ich rodzin oraz o \u017cycie wieczne dla zmar\u0142ych, jak r\u00f3wnie\u017c w intencjach Ojca \u015awi\u0119tego na miesi\u0105c maj ustanowionych<\/p>\n<p>2.\u00a0\u00a0\u00a0\u00a0 + Zygmunt Kosznik w dniu imienin, rodzice i rodze\u0144stwo z obojga stron oraz Jan i Maria Kwiatkowscy<\/td>\n<\/tr>\n<tr>\n<td width=\"85\"><strong>10:00<\/strong><\/td>\n<td width=\"562\">+ M\u0105\u017c Wojciech oraz Henryk<\/td>\n<\/tr>\n<tr>\n<td width=\"85\"><strong>11:45<\/strong><\/td>\n<td width=\"562\">Pogrzeb: \u015bp. Maria Hebel, lat 83<\/td>\n<\/tr>\n<tr>\n<td width=\"85\"><strong>18:30<\/strong><\/td>\n<td width=\"562\">+ Agnieszka Niemczyk &#8211; gregoria\u0144ska<\/td>\n<\/tr>\n<tr>\n<td width=\"85\"><strong>19:30DK<\/strong><\/td>\n<td width=\"562\">Liturgia Neokatechumenalna<\/td>\n<\/tr>\n<tr>\n<td colspan=\"2\" width=\"647\"><strong>03\/05\/2026<\/strong><\/p>\n<p><strong>V Niedziela Wielkanocna<\/strong><\/td>\n<\/tr>\n<tr>\n<td width=\"85\"><strong>08:00<\/strong><\/td>\n<td width=\"562\">1.\u00a0\u00a0\u00a0\u00a0 + Rodzice Aniela i Jan, rodze\u0144stwo Maria i Jan, zmarli z rodziny Dobke<\/p>\n<p>2.\u00a0\u00a0\u00a0\u00a0 + Feliks, Henryk, Zofia, Dawid, Anna, Bazyli, Jerzy, Helena, dziadkowie i rodze\u0144stwo oraz zmarli z rodziny Kortas, Kancyr i Miko\u0142ajczyk<\/td>\n<\/tr>\n<tr>\n<td width=\"85\"><strong>10:00<\/strong><\/td>\n<td width=\"562\">W intencji parafii<\/td>\n<\/tr>\n<tr>\n<td width=\"85\"><strong>11:30<\/strong><\/td>\n<td width=\"562\">Dzi\u0119kczynno-b\u0142agalna za dar \u017cycia dzieci, wnuczk\u00f3w i prawnuczki<\/td>\n<\/tr>\n<tr>\n<td width=\"85\"><strong>13:00<\/strong><\/td>\n<td width=\"562\">+ Rodzice i te\u015bciowie zmarli z rodziny Pachur, Plit, Witczak, Fangrat, babcie i dziadkowie<\/td>\n<\/tr>\n<tr>\n<td width=\"85\"><strong>18:30<\/strong><\/td>\n<td width=\"562\">+ Agnieszka Niemczyk &#8211; gregoria\u0144ska<\/td>\n<\/tr>\n<tr>\n<td width=\"85\"><strong>20:00DK<\/strong><\/td>\n<td width=\"562\">+ Janusz<\/td>\n<\/tr>\n<\/tbody>\n<\/table>\n","protected":false},"excerpt":{"rendered":"<p>27\/04\/2026 Poniedzia\u0142ek 08:00 1.\u00a0\u00a0\u00a0\u00a0 + Zygmunt, Gertruda, Sebastian, Albin, Teresa, Zdzis\u0142aw, Ewa 2.\u00a0\u00a0\u00a0\u00a0 + Janusz Zdrojewski 18:30 1.\u00a0\u00a0\u00a0\u00a0 + Czes\u0142aw w 1 rocz. \u015bmierci 2.\u00a0\u00a0\u00a0\u00a0 + Agnieszka Niemczyk &#8211; gregoria\u0144ska 28\/04\/2026 Wtorek 08:00 1.\u00a0\u00a0\u00a0\u00a0 + Katarzyna Lewa\u0144czyk w dniu urodzin oraz Hildegarda i Jan 2.\u00a0\u00a0\u00a0\u00a0 + Michalina 10:30 Pogrzeb: \u015bp. W\u0142adys\u0142aw Mularczyk, lat 81 18:30 [&hellip;]<\/p>\n","protected":false},"author":6,"featured_media":0,"comment_status":"closed","ping_status":"closed","sticky":false,"template":"","format":"standard","meta":{"footnotes":""},"categories":[10],"tags":[],"publishpress_future_action":{"enabled":false,"date":"1970-01-01 01:00:00","action":"","terms":[],"taxonomy":"","browser_timezone_offset":0},"_links":{"self":[{"href":"https:\/\/swmikolaj.org\/index.php\/wp-json\/wp\/v2\/posts\/167582"}],"collection":[{"href":"https:\/\/swmikolaj.org\/index.php\/wp-json\/wp\/v2\/posts"}],"about":[{"href":"https:\/\/swmikolaj.org\/index.php\/wp-json\/wp\/v2\/types\/post"}],"author":[{"embeddable":true,"href":"https:\/\/swmikolaj.org\/index.php\/wp-json\/wp\/v2\/users\/6"}],"replies":[{"embeddable":true,"href":"https:\/\/swmikolaj.org\/index.php\/wp-json\/wp\/v2\/comments?post=167582"}],"version-history":[{"count":1,"href":"https:\/\/swmikolaj.org\/index.php\/wp-json\/wp\/v2\/posts\/167582\/revisions"}],"predecessor-version":[{"id":167583,"href":"https:\/\/swmikolaj.org\/index.php\/wp-json\/wp\/v2\/posts\/167582\/revisions\/167583"}],"wp:attachment":[{"href":"https:\/\/swmikolaj.org\/index.php\/wp-json\/wp\/v2\/media?parent=167582"}],"wp:term":[{"taxonomy":"category","embeddable":true,"href":"https:\/\/swmikolaj.org\/index.php\/wp-json\/wp\/v2\/categories?post=167582"},{"taxonomy":"post_tag","embeddable":true,"href":"https:\/\/swmikolaj.org\/index.php\/wp-json\/wp\/v2\/tags?post=167582"}],"curies":[{"name":"wp","href":"https:\/\/api.w.org\/{rel}","templated":true}]}}