{"id":167576,"date":"2026-04-29T14:55:06","date_gmt":"2026-04-29T13:55:06","guid":{"rendered":"https:\/\/swmikolaj.org\/?p=167576"},"modified":"2026-04-29T14:55:06","modified_gmt":"2026-04-29T13:55:06","slug":"moj-proboszcz-z-dachau","status":"publish","type":"post","link":"https:\/\/swmikolaj.org\/index.php\/2026\/04\/29\/moj-proboszcz-z-dachau\/","title":{"rendered":"M\u00f3j proboszcz z Dachau"},"content":{"rendered":"\n\n\n<p style=\"text-align: justify;\"><br \/>\u00a0 \u00a0 \u00a0W katedrze oliwskiej by\u0142 zawsze odk\u0105d si\u0119gam pami\u0119ci\u0105 &#8211; ks. Leon Kossak-G\u0142\u00f3wczewski. Pierwsza spowied\u017a u niego w tzw. &#8222;szafie&#8221;, czyli w zamykanym konfesjonale w ambicie katedralnym, Pierwsza Komunia \u015awi\u0119ta z jego r\u0105k, przyj\u0119cie do grona ministrant\u00f3w przez niego. Niekt\u00f3rzy m\u00f3wili, \u017ce id\u0105 do niego do spowiedzi, gdy\u017c s\u0142abiej s\u0142ysza\u0142, ale to nie by\u0142a prawda. Chodzili\u015bmy ze wzgl\u0119du na jego \u0142agodno\u015b\u0107 i dobro\u0107. Gdy by\u0142em seminarzyst\u0105, on mia\u0142 grubo po osiemdziesi\u0105tce (urodzi\u0142 si\u0119 w 1902 r. ). Cz\u0119sto s\u0142u\u017cy\u0142em mu do Mszy, kt\u00f3r\u0105 odprawia\u0142 o 8:30, a potem zabiera\u0142 mnie na \u015bniadanie. Czasami je\u017adzili\u015bmy na spacer do Sopotu i na zakupy. By\u0142 na mojej prymicji, mia\u0142 wtedy 92 lata. Na obiedzie &#8222;poprymicyjnym&#8221; za\u015bpiewa\u0142 mi &#8222;sto lat&#8221;. By\u0142a to nieznana, staropolska melodia, czym wszystkich wzruszy\u0142. Zmar\u0142 maj\u0105c 96 lat.<br \/>\u00a0 \u00a0 Nosi\u0142 w sobie bolesn\u0105 tajemnic\u0119. By\u0142 w obozie Dachau. Nigdy mi o tym nie opowiada\u0142. Dzisiaj, 29 kwietnia jest dzie\u0144 pami\u0119ci o um\u0119czonych i uwi\u0119zionych duchownych podczas II Wojny \u015awiatowej, dzie\u0144 wspomnienia wyzwolenia obozu Dachau przez \u017co\u0142nierzy ameryka\u0144skich . Przez to miejsce ka\u017ani przesz\u0142o m.in. 2794 duchownych, w tym 1773 ksi\u0119\u017cy z Polski.<br \/>\u00a0 \u00a0 Przegl\u0105daj\u0105c pami\u0105tki z historii parafii \u015bw. Miko\u0142aja w Gdyni Chyloni, ze zdziwieniem zobaczy\u0142em ks. Leona na jednym ze zdj\u0119\u0107. To by\u0142 pogrzeb ks. Wojciecha Zieli\u0144skiego, r\u00f3wnie\u017c &#8222;dachaowca&#8221;, by\u0142ego proboszcza chylo\u0144skiego.<\/p>\n<p><img decoding=\"async\" loading=\"lazy\" class=\"alignnone  wp-image-167577\" src=\"https:\/\/swmikolaj.org\/wp-content\/uploads\/2026\/04\/IMG_0086-300x225.jpg\" alt=\"\" width=\"752\" height=\"564\" srcset=\"https:\/\/swmikolaj.org\/wp-content\/uploads\/2026\/04\/IMG_0086-300x225.jpg 300w, https:\/\/swmikolaj.org\/wp-content\/uploads\/2026\/04\/IMG_0086-1024x768.jpg 1024w, https:\/\/swmikolaj.org\/wp-content\/uploads\/2026\/04\/IMG_0086-768x576.jpg 768w, https:\/\/swmikolaj.org\/wp-content\/uploads\/2026\/04\/IMG_0086-1536x1152.jpg 1536w, https:\/\/swmikolaj.org\/wp-content\/uploads\/2026\/04\/IMG_0086-2048x1536.jpg 2048w, https:\/\/swmikolaj.org\/wp-content\/uploads\/2026\/04\/IMG_0086-676x507.jpg 676w\" sizes=\"(max-width: 752px) 100vw, 752px\" \/><\/p>\n","protected":false},"excerpt":{"rendered":"<p>\u00a0 \u00a0 \u00a0W katedrze oliwskiej by\u0142 zawsze odk\u0105d si\u0119gam pami\u0119ci\u0105 &#8211; ks. Leon Kossak-G\u0142\u00f3wczewski. Pierwsza spowied\u017a u niego w tzw. &#8222;szafie&#8221;, czyli w zamykanym konfesjonale w ambicie katedralnym, Pierwsza Komunia \u015awi\u0119ta z jego r\u0105k, przyj\u0119cie do grona ministrant\u00f3w przez niego. Niekt\u00f3rzy m\u00f3wili, \u017ce id\u0105 do niego do spowiedzi, gdy\u017c s\u0142abiej s\u0142ysza\u0142, ale to nie by\u0142a [&hellip;]<\/p>\n","protected":false},"author":6,"featured_media":0,"comment_status":"closed","ping_status":"closed","sticky":false,"template":"","format":"standard","meta":{"footnotes":""},"categories":[9],"tags":[],"publishpress_future_action":{"enabled":false,"date":"1970-01-01 01:00:00","action":"","terms":[],"taxonomy":"","browser_timezone_offset":0},"_links":{"self":[{"href":"https:\/\/swmikolaj.org\/index.php\/wp-json\/wp\/v2\/posts\/167576"}],"collection":[{"href":"https:\/\/swmikolaj.org\/index.php\/wp-json\/wp\/v2\/posts"}],"about":[{"href":"https:\/\/swmikolaj.org\/index.php\/wp-json\/wp\/v2\/types\/post"}],"author":[{"embeddable":true,"href":"https:\/\/swmikolaj.org\/index.php\/wp-json\/wp\/v2\/users\/6"}],"replies":[{"embeddable":true,"href":"https:\/\/swmikolaj.org\/index.php\/wp-json\/wp\/v2\/comments?post=167576"}],"version-history":[{"count":1,"href":"https:\/\/swmikolaj.org\/index.php\/wp-json\/wp\/v2\/posts\/167576\/revisions"}],"predecessor-version":[{"id":167578,"href":"https:\/\/swmikolaj.org\/index.php\/wp-json\/wp\/v2\/posts\/167576\/revisions\/167578"}],"wp:attachment":[{"href":"https:\/\/swmikolaj.org\/index.php\/wp-json\/wp\/v2\/media?parent=167576"}],"wp:term":[{"taxonomy":"category","embeddable":true,"href":"https:\/\/swmikolaj.org\/index.php\/wp-json\/wp\/v2\/categories?post=167576"},{"taxonomy":"post_tag","embeddable":true,"href":"https:\/\/swmikolaj.org\/index.php\/wp-json\/wp\/v2\/tags?post=167576"}],"curies":[{"name":"wp","href":"https:\/\/api.w.org\/{rel}","templated":true}]}}