{"id":167566,"date":"2026-04-26T21:35:28","date_gmt":"2026-04-26T20:35:28","guid":{"rendered":"https:\/\/swmikolaj.org\/?p=167566"},"modified":"2026-04-26T21:35:28","modified_gmt":"2026-04-26T20:35:28","slug":"ja-jestem-pieknym-pasterzem","status":"publish","type":"post","link":"https:\/\/swmikolaj.org\/index.php\/2026\/04\/26\/ja-jestem-pieknym-pasterzem\/","title":{"rendered":"&#8222;Ja jestem pi\u0119knym pasterzem&#8221;"},"content":{"rendered":"\n\n\n<div class=\"x14z9mp xat24cr x1lziwak x1vvkbs xtlvy1s x126k92a\">\n<div dir=\"auto\" data-tfs-translated=\"true\">\u00a0<\/div>\n<\/div>\n<div class=\"x14z9mp xat24cr x1lziwak x1vvkbs xtlvy1s x126k92a\">\n<div dir=\"auto\" data-tfs-translated=\"true\">\u00a0 \u00a0 \u00a0 Papie\u017c Leon napisa\u0142 w or\u0119dziu na dzisiejsz\u0105 niedziel\u0119: &#8222;W Ewangelii Janowej Jezus nazywa siebie dos\u0142ownie \u201epi\u0119knym pasterzem\u201d (\u1f41 \u03c0\u03bf\u03b9\u03bc\u1f74\u03bd \u1f41 \u03ba\u03b1\u03bb\u03cc\u03c2) ( J 10, 11). &#8230;Jest to Pasterz, kt\u00f3ry fascynuje: kto na Niego patrzy, odkrywa, \u017ce \u017cycie jest naprawd\u0119 pi\u0119kne, je\u015bli si\u0119 za Nim pod\u0105\u017ca&#8230;.A najbardziej niezwyk\u0142e jest to, \u017ce staj\u0105c si\u0119 Jego uczniami, sami stajemy si\u0119 \u201epi\u0119kni\u201d \u2013 Jego pi\u0119kno nas przemienia. Jak pisze teolog Pawe\u0142 Florenski, ascetyka nie tworzy cz\u0142owieka \u201edobrego\u201d, lecz cz\u0142owieka \u201epi\u0119knego\u201d. Czy\u017c w tym papieskim or\u0119dziu nie ma powiewu \u015bwie\u017co\u015bci?<\/div>\n<div dir=\"auto\" data-tfs-translated=\"true\">\u00a0 \u00a0 Mia\u0142em okazj\u0119, w ten weekend, widzie\u0107 pi\u0119kno w r\u00f3\u017cnych jego ods\u0142onach. Wpierw, w tym kim s\u0105 i co zrobi\u0142y \u00a0<span class=\"html-span xdj266r x14z9mp xat24cr x1lziwak xexx8yu xyri2b x18d9i69 x1c1uobl x1hl2dhg x16tdsg8 x1vvkbs\"><a class=\"x1i10hfl xjbqb8w x1ejq31n x18oe1m7 x1sy0etr xstzfhl x972fbf x10w94by x1qhh985 x14e42zd x9f619 x1ypdohk xt0psk2 x3ct3a4 xdj266r x14z9mp xat24cr x1lziwak xexx8yu xyri2b x18d9i69 x1c1uobl x16tdsg8 x1hl2dhg xggy1nq x1a2a7pz xkrqix3 x1sur9pj x1fey0fg x1s688f\" tabindex=\"0\" role=\"link\" href=\"https:\/\/www.facebook.com\/profile.php?id=100005568528645&amp;__cft__[0]=AZaiPhG5A7V0YOtO8yHNIC8_kxIiWyfsaj426ZlKbcYQRLd0lLlxoUwfr4iVq1ofmhx6jH8ZjQae9iaRW4KnKXT4bjQe0wwhXoQM8L5se6Kwu_bUn6ZJkhGjkk-zCBGfkrYNp2XBYg_PxRtTXM3SpnqkFf9o9nN5DhvgJrXS7D5nJg&amp;__tn__=-]K-R\"><span class=\"xt0psk2\"><span class=\"xjp7ctv\"><span data-tfs-translated=\"true\">Maja Sowi\u0144ska<\/span><\/span><\/span><\/a><\/span>, Joanna Borowska oraz uczestnicy 9 rekolekcji dla muzyk\u00f3w w gdy\u0144skim &#8222;Miko\u0142aju&#8221;. Uwielbienie to taka muzyka, kt\u00f3ra mo\u017ce &#8222;wg\u0142\u0119bi\u0107 si\u0119&#8221;. Jest w niej co\u015b z pi\u0119knego wydarzenia, w kt\u00f3rym chce si\u0119 by\u0107 i tworzy\u0107.<\/div>\n<div dir=\"auto\" data-tfs-translated=\"true\">\u00a0 \u00a0 W sobot\u0119 widzia\u0142em te\u017c pi\u0119kno w wi\u0119zieniu. Od trzech tygodni prowadzimy Alpha w wi\u0119zieniu wejherowskim. Tajemnica Jezusa, kt\u00f3ry przekracza drzwi wi\u0119zienia i m\u00f3wi w\u0142a\u015bnie tam: &#8222;Pok\u00f3j wam&#8221;. To jest naprawd\u0119 pi\u0119kno, kt\u00f3re zbawia.<\/div>\n<div dir=\"auto\" data-tfs-translated=\"true\">\u00a0 \u00a0 R. Rolheiser napisa\u0142 kiedy\u015b: &#8222;z dwiema rzeczami na tym \u015bwiecie nie mo\u017cna dyskutowa\u0107: z pi\u0119knem i dzieckiem&#8221;. Pi\u0119kno jest mocne, zar\u00f3wno w uwielbieniu prowadzonym przez Maj\u0119 Sowi\u0144sk\u0105, jak i w wi\u0119zieniu, gdy rozpromieniaj\u0105 si\u0119 nasze twarze w spotkaniach i rozmowach. I w tym pierwszym, i w tym drugim czu\u0107 pokorn\u0105, pi\u0119kn\u0105 Obecno\u015b\u0107.<\/div>\n<div dir=\"auto\" data-tfs-translated=\"true\">\n\n\t\t<style type=\"text\/css\">\n\t\t\t#gallery-1 {\n\t\t\t\tmargin: auto;\n\t\t\t}\n\t\t\t#gallery-1 .gallery-item {\n\t\t\t\tfloat: left;\n\t\t\t\tmargin-top: 10px;\n\t\t\t\ttext-align: center;\n\t\t\t\twidth: 33%;\n\t\t\t}\n\t\t\t#gallery-1 img {\n\t\t\t\tborder: 2px solid #cfcfcf;\n\t\t\t}\n\t\t\t#gallery-1 .gallery-caption {\n\t\t\t\tmargin-left: 0;\n\t\t\t}\n\t\t\t\/* see gallery_shortcode() in wp-includes\/media.php *\/\n\t\t<\/style>\n\t\t<div id='gallery-1' class='gallery galleryid-167566 gallery-columns-3 gallery-size-thumbnail'><dl class='gallery-item'>\n\t\t\t<dt class='gallery-icon portrait'>\n\t\t\t\t<a href='https:\/\/swmikolaj.org\/index.php\/2026\/04\/26\/rekolekcje-dla-muzykow-24-26-kwietnia-2026-r-fotorelacja\/678409363_1269925078587516_4926483311804664462_n\/'><img width=\"150\" height=\"150\" src=\"https:\/\/swmikolaj.org\/wp-content\/uploads\/2026\/04\/678409363_1269925078587516_4926483311804664462_n-150x150.jpg\" class=\"attachment-thumbnail size-thumbnail\" alt=\"\" decoding=\"async\" loading=\"lazy\" \/><\/a>\n\t\t\t<\/dt><\/dl><dl class='gallery-item'>\n\t\t\t<dt class='gallery-icon landscape'>\n\t\t\t\t<a href='https:\/\/swmikolaj.org\/index.php\/2026\/04\/26\/ja-jestem-pieknym-pasterzem\/683779470_27004736402444049_3997391595329203984_n\/'><img width=\"150\" height=\"150\" src=\"https:\/\/swmikolaj.org\/wp-content\/uploads\/2026\/04\/683779470_27004736402444049_3997391595329203984_n-150x150.jpg\" class=\"attachment-thumbnail size-thumbnail\" alt=\"\" decoding=\"async\" loading=\"lazy\" \/><\/a>\n\t\t\t<\/dt><\/dl><dl class='gallery-item'>\n\t\t\t<dt class='gallery-icon portrait'>\n\t\t\t\t<a href='https:\/\/swmikolaj.org\/index.php\/2026\/04\/26\/rekolekcje-dla-muzykow-24-26-kwietnia-2026-r-fotorelacja\/677966249_1269928745253816_4456678486086807459_n\/'><img width=\"150\" height=\"150\" src=\"https:\/\/swmikolaj.org\/wp-content\/uploads\/2026\/04\/677966249_1269928745253816_4456678486086807459_n-150x150.jpg\" class=\"attachment-thumbnail size-thumbnail\" alt=\"\" decoding=\"async\" loading=\"lazy\" \/><\/a>\n\t\t\t<\/dt><\/dl><br style=\"clear: both\" \/>\n\t\t<\/div>\n\n<\/div>\n<\/div>\n","protected":false},"excerpt":{"rendered":"<p>\u00a0 \u00a0 \u00a0 \u00a0 Papie\u017c Leon napisa\u0142 w or\u0119dziu na dzisiejsz\u0105 niedziel\u0119: &#8222;W Ewangelii Janowej Jezus nazywa siebie dos\u0142ownie \u201epi\u0119knym pasterzem\u201d (\u1f41 \u03c0\u03bf\u03b9\u03bc\u1f74\u03bd \u1f41 \u03ba\u03b1\u03bb\u03cc\u03c2) ( J 10, 11). &#8230;Jest to Pasterz, kt\u00f3ry fascynuje: kto na Niego patrzy, odkrywa, \u017ce \u017cycie jest naprawd\u0119 pi\u0119kne, je\u015bli si\u0119 za Nim pod\u0105\u017ca&#8230;.A najbardziej niezwyk\u0142e jest to, \u017ce staj\u0105c [&hellip;]<\/p>\n","protected":false},"author":6,"featured_media":0,"comment_status":"closed","ping_status":"closed","sticky":false,"template":"","format":"standard","meta":{"footnotes":""},"categories":[9],"tags":[],"publishpress_future_action":{"enabled":false,"date":"1970-01-01 01:00:00","action":"","terms":[],"taxonomy":"","browser_timezone_offset":0},"_links":{"self":[{"href":"https:\/\/swmikolaj.org\/index.php\/wp-json\/wp\/v2\/posts\/167566"}],"collection":[{"href":"https:\/\/swmikolaj.org\/index.php\/wp-json\/wp\/v2\/posts"}],"about":[{"href":"https:\/\/swmikolaj.org\/index.php\/wp-json\/wp\/v2\/types\/post"}],"author":[{"embeddable":true,"href":"https:\/\/swmikolaj.org\/index.php\/wp-json\/wp\/v2\/users\/6"}],"replies":[{"embeddable":true,"href":"https:\/\/swmikolaj.org\/index.php\/wp-json\/wp\/v2\/comments?post=167566"}],"version-history":[{"count":1,"href":"https:\/\/swmikolaj.org\/index.php\/wp-json\/wp\/v2\/posts\/167566\/revisions"}],"predecessor-version":[{"id":167568,"href":"https:\/\/swmikolaj.org\/index.php\/wp-json\/wp\/v2\/posts\/167566\/revisions\/167568"}],"wp:attachment":[{"href":"https:\/\/swmikolaj.org\/index.php\/wp-json\/wp\/v2\/media?parent=167566"}],"wp:term":[{"taxonomy":"category","embeddable":true,"href":"https:\/\/swmikolaj.org\/index.php\/wp-json\/wp\/v2\/categories?post=167566"},{"taxonomy":"post_tag","embeddable":true,"href":"https:\/\/swmikolaj.org\/index.php\/wp-json\/wp\/v2\/tags?post=167566"}],"curies":[{"name":"wp","href":"https:\/\/api.w.org\/{rel}","templated":true}]}}