{"id":167539,"date":"2026-04-26T07:40:25","date_gmt":"2026-04-26T06:40:25","guid":{"rendered":"https:\/\/swmikolaj.org\/?p=167539"},"modified":"2026-04-26T10:11:42","modified_gmt":"2026-04-26T09:11:42","slug":"rekolekcje-dla-muzykow-24-26-kwietnia-2026-r-fotorelacja","status":"publish","type":"post","link":"https:\/\/swmikolaj.org\/index.php\/2026\/04\/26\/rekolekcje-dla-muzykow-24-26-kwietnia-2026-r-fotorelacja\/","title":{"rendered":"Rekolekcje dla muzyk\u00f3w 24-26 kwietnia 2026 r.  &#8211; fotorelacja"},"content":{"rendered":"\n<p>Maja Sowi\u0144ska i Joanna Borowska poprowadzi\u0142y w naszej parafii rekolekcje dla muzyk\u00f3w, kt\u00f3re zorganizowa\u0142o Tr\u00f3jmiejskie Uwielbienie. Oto fotorelacja autorstwa Aleksandry Zieli\u0144skiej.<\/p>\n\n\t\t<style type=\"text\/css\">\n\t\t\t#gallery-1 {\n\t\t\t\tmargin: auto;\n\t\t\t}\n\t\t\t#gallery-1 .gallery-item {\n\t\t\t\tfloat: left;\n\t\t\t\tmargin-top: 10px;\n\t\t\t\ttext-align: center;\n\t\t\t\twidth: 33%;\n\t\t\t}\n\t\t\t#gallery-1 img {\n\t\t\t\tborder: 2px solid #cfcfcf;\n\t\t\t}\n\t\t\t#gallery-1 .gallery-caption {\n\t\t\t\tmargin-left: 0;\n\t\t\t}\n\t\t\t\/* see gallery_shortcode() in wp-includes\/media.php *\/\n\t\t<\/style>\n\t\t<div id='gallery-1' class='gallery galleryid-167539 gallery-columns-3 gallery-size-thumbnail'><dl class='gallery-item'>\n\t\t\t<dt class='gallery-icon portrait'>\n\t\t\t\t<a href='https:\/\/swmikolaj.org\/index.php\/2026\/04\/26\/rekolekcje-dla-muzykow-24-26-kwietnia-2026-r-fotorelacja\/654863267_1269926298587394_2667424863535239107_n\/'><img width=\"150\" height=\"150\" src=\"https:\/\/swmikolaj.org\/wp-content\/uploads\/2026\/04\/654863267_1269926298587394_2667424863535239107_n-150x150.jpg\" class=\"attachment-thumbnail size-thumbnail\" alt=\"\" decoding=\"async\" aria-describedby=\"gallery-1-167540\" loading=\"lazy\" \/><\/a>\n\t\t\t<\/dt>\n\t\t\t\t<dd class='wp-caption-text gallery-caption' id='gallery-1-167540'>\n\t\t\t\tMaja Sowi\u0144ska\n\t\t\t\t<\/dd><\/dl><dl class='gallery-item'>\n\t\t\t<dt class='gallery-icon portrait'>\n\t\t\t\t<a href='https:\/\/swmikolaj.org\/index.php\/2026\/04\/26\/rekolekcje-dla-muzykow-24-26-kwietnia-2026-r-fotorelacja\/680462303_1269925765254114_7194424330583665877_n-2\/'><img width=\"150\" height=\"150\" src=\"https:\/\/swmikolaj.org\/wp-content\/uploads\/2026\/04\/680462303_1269925765254114_7194424330583665877_n-1-150x150.jpg\" class=\"attachment-thumbnail size-thumbnail\" alt=\"\" decoding=\"async\" aria-describedby=\"gallery-1-167562\" loading=\"lazy\" \/><\/a>\n\t\t\t<\/dt>\n\t\t\t\t<dd class='wp-caption-text gallery-caption' id='gallery-1-167562'>\n\t\t\t\tJoanna Borowska\n\t\t\t\t<\/dd><\/dl><dl class='gallery-item'>\n\t\t\t<dt class='gallery-icon portrait'>\n\t\t\t\t<a href='https:\/\/swmikolaj.org\/index.php\/2026\/04\/26\/rekolekcje-dla-muzykow-24-26-kwietnia-2026-r-fotorelacja\/678409363_1269925078587516_4926483311804664462_n\/'><img width=\"150\" height=\"150\" src=\"https:\/\/swmikolaj.org\/wp-content\/uploads\/2026\/04\/678409363_1269925078587516_4926483311804664462_n-150x150.jpg\" class=\"attachment-thumbnail size-thumbnail\" alt=\"\" decoding=\"async\" loading=\"lazy\" \/><\/a>\n\t\t\t<\/dt><\/dl><br style=\"clear: both\" \/><dl class='gallery-item'>\n\t\t\t<dt class='gallery-icon landscape'>\n\t\t\t\t<a href='https:\/\/swmikolaj.org\/index.php\/2026\/04\/26\/rekolekcje-dla-muzykow-24-26-kwietnia-2026-r-fotorelacja\/680421257_1269928315253859_7350017343397970437_n\/'><img width=\"150\" height=\"150\" src=\"https:\/\/swmikolaj.org\/wp-content\/uploads\/2026\/04\/680421257_1269928315253859_7350017343397970437_n-150x150.jpg\" class=\"attachment-thumbnail size-thumbnail\" alt=\"\" decoding=\"async\" loading=\"lazy\" \/><\/a>\n\t\t\t<\/dt><\/dl><dl class='gallery-item'>\n\t\t\t<dt class='gallery-icon portrait'>\n\t\t\t\t<a href='https:\/\/swmikolaj.org\/index.php\/2026\/04\/26\/rekolekcje-dla-muzykow-24-26-kwietnia-2026-r-fotorelacja\/679324804_1269927491920608_4661139630095295090_n\/'><img width=\"150\" height=\"150\" src=\"https:\/\/swmikolaj.org\/wp-content\/uploads\/2026\/04\/679324804_1269927491920608_4661139630095295090_n-150x150.jpg\" class=\"attachment-thumbnail size-thumbnail\" alt=\"\" decoding=\"async\" loading=\"lazy\" \/><\/a>\n\t\t\t<\/dt><\/dl><dl class='gallery-item'>\n\t\t\t<dt class='gallery-icon portrait'>\n\t\t\t\t<a href='https:\/\/swmikolaj.org\/index.php\/2026\/04\/26\/rekolekcje-dla-muzykow-24-26-kwietnia-2026-r-fotorelacja\/678467821_1269928531920504_8342499414451481941_n\/'><img width=\"150\" height=\"150\" src=\"https:\/\/swmikolaj.org\/wp-content\/uploads\/2026\/04\/678467821_1269928531920504_8342499414451481941_n-150x150.jpg\" class=\"attachment-thumbnail size-thumbnail\" alt=\"\" decoding=\"async\" loading=\"lazy\" \/><\/a>\n\t\t\t<\/dt><\/dl><br style=\"clear: both\" \/><dl class='gallery-item'>\n\t\t\t<dt class='gallery-icon portrait'>\n\t\t\t\t<a href='https:\/\/swmikolaj.org\/index.php\/2026\/04\/26\/rekolekcje-dla-muzykow-24-26-kwietnia-2026-r-fotorelacja\/677966249_1269928745253816_4456678486086807459_n\/'><img width=\"150\" height=\"150\" src=\"https:\/\/swmikolaj.org\/wp-content\/uploads\/2026\/04\/677966249_1269928745253816_4456678486086807459_n-150x150.jpg\" class=\"attachment-thumbnail size-thumbnail\" alt=\"\" decoding=\"async\" loading=\"lazy\" \/><\/a>\n\t\t\t<\/dt><\/dl><dl class='gallery-item'>\n\t\t\t<dt class='gallery-icon landscape'>\n\t\t\t\t<a href='https:\/\/swmikolaj.org\/index.php\/2026\/04\/26\/rekolekcje-dla-muzykow-24-26-kwietnia-2026-r-fotorelacja\/678153866_1269928788587145_8061357063261130740_n\/'><img width=\"150\" height=\"150\" src=\"https:\/\/swmikolaj.org\/wp-content\/uploads\/2026\/04\/678153866_1269928788587145_8061357063261130740_n-150x150.jpg\" class=\"attachment-thumbnail size-thumbnail\" alt=\"\" decoding=\"async\" loading=\"lazy\" \/><\/a>\n\t\t\t<\/dt><\/dl><dl class='gallery-item'>\n\t\t\t<dt class='gallery-icon landscape'>\n\t\t\t\t<a href='https:\/\/swmikolaj.org\/index.php\/2026\/04\/26\/rekolekcje-dla-muzykow-24-26-kwietnia-2026-r-fotorelacja\/678551743_1269929161920441_8706019862208724119_n\/'><img width=\"150\" height=\"150\" src=\"https:\/\/swmikolaj.org\/wp-content\/uploads\/2026\/04\/678551743_1269929161920441_8706019862208724119_n-150x150.jpg\" class=\"attachment-thumbnail size-thumbnail\" alt=\"\" decoding=\"async\" loading=\"lazy\" \/><\/a>\n\t\t\t<\/dt><\/dl><br style=\"clear: both\" \/><dl class='gallery-item'>\n\t\t\t<dt class='gallery-icon landscape'>\n\t\t\t\t<a href='https:\/\/swmikolaj.org\/index.php\/2026\/04\/26\/rekolekcje-dla-muzykow-24-26-kwietnia-2026-r-fotorelacja\/679375779_1269929261920431_6692270382538093737_n\/'><img width=\"150\" height=\"150\" src=\"https:\/\/swmikolaj.org\/wp-content\/uploads\/2026\/04\/679375779_1269929261920431_6692270382538093737_n-150x150.jpg\" class=\"attachment-thumbnail size-thumbnail\" alt=\"\" decoding=\"async\" loading=\"lazy\" \/><\/a>\n\t\t\t<\/dt><\/dl><dl class='gallery-item'>\n\t\t\t<dt class='gallery-icon landscape'>\n\t\t\t\t<a href='https:\/\/swmikolaj.org\/index.php\/2026\/04\/26\/rekolekcje-dla-muzykow-24-26-kwietnia-2026-r-fotorelacja\/679377595_1269929355253755_1557791417188597156_n\/'><img width=\"150\" height=\"150\" src=\"https:\/\/swmikolaj.org\/wp-content\/uploads\/2026\/04\/679377595_1269929355253755_1557791417188597156_n-150x150.jpg\" class=\"attachment-thumbnail size-thumbnail\" alt=\"\" decoding=\"async\" loading=\"lazy\" \/><\/a>\n\t\t\t<\/dt><\/dl><dl class='gallery-item'>\n\t\t\t<dt class='gallery-icon portrait'>\n\t\t\t\t<a href='https:\/\/swmikolaj.org\/index.php\/2026\/04\/26\/rekolekcje-dla-muzykow-24-26-kwietnia-2026-r-fotorelacja\/680264399_1269927028587321_6854948868844801773_n\/'><img width=\"150\" height=\"150\" src=\"https:\/\/swmikolaj.org\/wp-content\/uploads\/2026\/04\/680264399_1269927028587321_6854948868844801773_n-150x150.jpg\" class=\"attachment-thumbnail size-thumbnail\" alt=\"\" decoding=\"async\" loading=\"lazy\" \/><\/a>\n\t\t\t<\/dt><\/dl><br style=\"clear: both\" \/><dl class='gallery-item'>\n\t\t\t<dt class='gallery-icon portrait'>\n\t\t\t\t<a href='https:\/\/swmikolaj.org\/index.php\/2026\/04\/26\/rekolekcje-dla-muzykow-24-26-kwietnia-2026-r-fotorelacja\/677620471_1269926788587345_1002006418642299352_n\/'><img width=\"150\" height=\"150\" src=\"https:\/\/swmikolaj.org\/wp-content\/uploads\/2026\/04\/677620471_1269926788587345_1002006418642299352_n-150x150.jpg\" class=\"attachment-thumbnail size-thumbnail\" alt=\"\" decoding=\"async\" loading=\"lazy\" \/><\/a>\n\t\t\t<\/dt><\/dl><dl class='gallery-item'>\n\t\t\t<dt class='gallery-icon landscape'>\n\t\t\t\t<a href='https:\/\/swmikolaj.org\/index.php\/2026\/04\/26\/rekolekcje-dla-muzykow-24-26-kwietnia-2026-r-fotorelacja\/679036907_1269925695254121_7611074693278669497_n\/'><img width=\"150\" height=\"150\" src=\"https:\/\/swmikolaj.org\/wp-content\/uploads\/2026\/04\/679036907_1269925695254121_7611074693278669497_n-150x150.jpg\" class=\"attachment-thumbnail size-thumbnail\" alt=\"\" decoding=\"async\" loading=\"lazy\" \/><\/a>\n\t\t\t<\/dt><\/dl><dl class='gallery-item'>\n\t\t\t<dt class='gallery-icon portrait'>\n\t\t\t\t<a href='https:\/\/swmikolaj.org\/index.php\/2026\/04\/26\/rekolekcje-dla-muzykow-24-26-kwietnia-2026-r-fotorelacja\/678182786_1269925611920796_3544634551052473633_n\/'><img width=\"150\" height=\"150\" src=\"https:\/\/swmikolaj.org\/wp-content\/uploads\/2026\/04\/678182786_1269925611920796_3544634551052473633_n-150x150.jpg\" class=\"attachment-thumbnail size-thumbnail\" alt=\"\" decoding=\"async\" loading=\"lazy\" \/><\/a>\n\t\t\t<\/dt><\/dl><br style=\"clear: both\" \/><dl class='gallery-item'>\n\t\t\t<dt class='gallery-icon landscape'>\n\t\t\t\t<a href='https:\/\/swmikolaj.org\/index.php\/2026\/04\/26\/rekolekcje-dla-muzykow-24-26-kwietnia-2026-r-fotorelacja\/682100232_1269925411920816_5563844949245376474_n\/'><img width=\"150\" height=\"150\" src=\"https:\/\/swmikolaj.org\/wp-content\/uploads\/2026\/04\/682100232_1269925411920816_5563844949245376474_n-150x150.jpg\" class=\"attachment-thumbnail size-thumbnail\" alt=\"\" decoding=\"async\" loading=\"lazy\" \/><\/a>\n\t\t\t<\/dt><\/dl><dl class='gallery-item'>\n\t\t\t<dt class='gallery-icon landscape'>\n\t\t\t\t<a href='https:\/\/swmikolaj.org\/index.php\/2026\/04\/26\/rekolekcje-dla-muzykow-24-26-kwietnia-2026-r-fotorelacja\/679545724_1269925175254173_5773236179596137275_n\/'><img width=\"150\" height=\"150\" src=\"https:\/\/swmikolaj.org\/wp-content\/uploads\/2026\/04\/679545724_1269925175254173_5773236179596137275_n-150x150.jpg\" class=\"attachment-thumbnail size-thumbnail\" alt=\"\" decoding=\"async\" loading=\"lazy\" \/><\/a>\n\t\t\t<\/dt><\/dl><dl class='gallery-item'>\n\t\t\t<dt class='gallery-icon portrait'>\n\t\t\t\t<a href='https:\/\/swmikolaj.org\/index.php\/2026\/04\/26\/rekolekcje-dla-muzykow-24-26-kwietnia-2026-r-fotorelacja\/681942515_1269925108587513_1290055606747667026_n\/'><img width=\"150\" height=\"150\" src=\"https:\/\/swmikolaj.org\/wp-content\/uploads\/2026\/04\/681942515_1269925108587513_1290055606747667026_n-150x150.jpg\" class=\"attachment-thumbnail size-thumbnail\" alt=\"\" decoding=\"async\" loading=\"lazy\" \/><\/a>\n\t\t\t<\/dt><\/dl><br style=\"clear: both\" \/>\n\t\t<\/div>\n\n<p>\u00a0<\/p>\n","protected":false},"excerpt":{"rendered":"<p>Maja Sowi\u0144ska i Joanna Borowska poprowadzi\u0142y w naszej parafii rekolekcje dla muzyk\u00f3w, kt\u00f3re zorganizowa\u0142o Tr\u00f3jmiejskie Uwielbienie. Oto fotorelacja autorstwa Aleksandry Zieli\u0144skiej. \u00a0<\/p>\n","protected":false},"author":4,"featured_media":0,"comment_status":"closed","ping_status":"closed","sticky":false,"template":"","format":"standard","meta":{"footnotes":""},"categories":[8,23],"tags":[],"publishpress_future_action":{"enabled":false,"date":"1970-01-01 01:00:00","action":"","terms":[],"taxonomy":"","browser_timezone_offset":0},"_links":{"self":[{"href":"https:\/\/swmikolaj.org\/index.php\/wp-json\/wp\/v2\/posts\/167539"}],"collection":[{"href":"https:\/\/swmikolaj.org\/index.php\/wp-json\/wp\/v2\/posts"}],"about":[{"href":"https:\/\/swmikolaj.org\/index.php\/wp-json\/wp\/v2\/types\/post"}],"author":[{"embeddable":true,"href":"https:\/\/swmikolaj.org\/index.php\/wp-json\/wp\/v2\/users\/4"}],"replies":[{"embeddable":true,"href":"https:\/\/swmikolaj.org\/index.php\/wp-json\/wp\/v2\/comments?post=167539"}],"version-history":[{"count":3,"href":"https:\/\/swmikolaj.org\/index.php\/wp-json\/wp\/v2\/posts\/167539\/revisions"}],"predecessor-version":[{"id":167564,"href":"https:\/\/swmikolaj.org\/index.php\/wp-json\/wp\/v2\/posts\/167539\/revisions\/167564"}],"wp:attachment":[{"href":"https:\/\/swmikolaj.org\/index.php\/wp-json\/wp\/v2\/media?parent=167539"}],"wp:term":[{"taxonomy":"category","embeddable":true,"href":"https:\/\/swmikolaj.org\/index.php\/wp-json\/wp\/v2\/categories?post=167539"},{"taxonomy":"post_tag","embeddable":true,"href":"https:\/\/swmikolaj.org\/index.php\/wp-json\/wp\/v2\/tags?post=167539"}],"curies":[{"name":"wp","href":"https:\/\/api.w.org\/{rel}","templated":true}]}}