{"id":165618,"date":"2025-07-11T14:21:20","date_gmt":"2025-07-11T13:21:20","guid":{"rendered":"https:\/\/swmikolaj.org\/?p=165618"},"modified":"2025-07-11T14:35:40","modified_gmt":"2025-07-11T13:35:40","slug":"trwa-oboz-wakacyjny-dla-mlodziezy-z-postcresimy","status":"publish","type":"post","link":"https:\/\/swmikolaj.org\/index.php\/2025\/07\/11\/trwa-oboz-wakacyjny-dla-mlodziezy-z-postcresimy\/","title":{"rendered":"Trwa ob\u00f3z wakacyjny dla m\u0142odzie\u017cy z Postcresimy"},"content":{"rendered":"\n<div class=\"xdj266r x14z9mp xat24cr x1lziwak x1vvkbs x126k92a\">\n<div dir=\"auto\">M\u0142odzie\u017c z Postcresimy prze\u017cywa ob\u00f3z wakacyjny na Jurze Krakowsko-Cz\u0119stochowskiej. Oto relacja z pierwszych dni <span class=\"html-span xexx8yu xyri2b x18d9i69 x1c1uobl x1hl2dhg x16tdsg8 x1vvkbs x3nfvp2 x1j61x8r x1fcty0u xdj266r xat24cr xm2jcoa x1mpyi22 xxymvpz xlup9mm x1kky2od\"><img decoding=\"async\" loading=\"lazy\" class=\"xz74otr x15mokao x1ga7v0g x16uus16 xbiv7yw\" src=\"https:\/\/static.xx.fbcdn.net\/images\/emoji.php\/v9\/teb\/2\/16\/1f642.png\" alt=\"\ud83d\ude42\" width=\"16\" height=\"16\" \/><\/span><\/div>\n<div dir=\"auto\">Towarzysz\u0105 im ma\u0142\u017ce\u0144stwa, \u00a0tzw. chrzestni i dwaj ksi\u0119\u017ca.<\/div>\n<\/div>\n<div class=\"x14z9mp xat24cr x1lziwak x1vvkbs xtlvy1s x126k92a\">\n<div dir=\"auto\">Fot. ks. T. Makowski\n\n\t\t<style type=\"text\/css\">\n\t\t\t#gallery-1 {\n\t\t\t\tmargin: auto;\n\t\t\t}\n\t\t\t#gallery-1 .gallery-item {\n\t\t\t\tfloat: left;\n\t\t\t\tmargin-top: 10px;\n\t\t\t\ttext-align: center;\n\t\t\t\twidth: 33%;\n\t\t\t}\n\t\t\t#gallery-1 img {\n\t\t\t\tborder: 2px solid #cfcfcf;\n\t\t\t}\n\t\t\t#gallery-1 .gallery-caption {\n\t\t\t\tmargin-left: 0;\n\t\t\t}\n\t\t\t\/* see gallery_shortcode() in wp-includes\/media.php *\/\n\t\t<\/style>\n\t\t<div id='gallery-1' class='gallery galleryid-165618 gallery-columns-3 gallery-size-thumbnail'><dl class='gallery-item'>\n\t\t\t<dt class='gallery-icon landscape'>\n\t\t\t\t<a href='https:\/\/swmikolaj.org\/index.php\/2025\/07\/11\/trwa-oboz-wakacyjny-dla-mlodziezy-z-postcresimy\/504430556_1047298544183505_3238539770159093902_n\/'><img width=\"150\" height=\"150\" src=\"https:\/\/swmikolaj.org\/wp-content\/uploads\/2025\/07\/504430556_1047298544183505_3238539770159093902_n-150x150.jpg\" class=\"attachment-thumbnail size-thumbnail\" alt=\"\" decoding=\"async\" loading=\"lazy\" \/><\/a>\n\t\t\t<\/dt><\/dl><dl class='gallery-item'>\n\t\t\t<dt class='gallery-icon landscape'>\n\t\t\t\t<a href='https:\/\/swmikolaj.org\/index.php\/2025\/07\/11\/trwa-oboz-wakacyjny-dla-mlodziezy-z-postcresimy\/504425633_1047298634183496_4100525789032124764_n\/'><img width=\"150\" height=\"150\" src=\"https:\/\/swmikolaj.org\/wp-content\/uploads\/2025\/07\/504425633_1047298634183496_4100525789032124764_n-150x150.jpg\" class=\"attachment-thumbnail size-thumbnail\" alt=\"\" decoding=\"async\" loading=\"lazy\" \/><\/a>\n\t\t\t<\/dt><\/dl><dl class='gallery-item'>\n\t\t\t<dt class='gallery-icon landscape'>\n\t\t\t\t<a href='https:\/\/swmikolaj.org\/index.php\/2025\/07\/11\/trwa-oboz-wakacyjny-dla-mlodziezy-z-postcresimy\/516229307_1047298710850155_639484210489251170_n\/'><img width=\"150\" height=\"150\" src=\"https:\/\/swmikolaj.org\/wp-content\/uploads\/2025\/07\/516229307_1047298710850155_639484210489251170_n-150x150.jpg\" class=\"attachment-thumbnail size-thumbnail\" alt=\"\" decoding=\"async\" loading=\"lazy\" \/><\/a>\n\t\t\t<\/dt><\/dl><br style=\"clear: both\" \/><dl class='gallery-item'>\n\t\t\t<dt class='gallery-icon landscape'>\n\t\t\t\t<a href='https:\/\/swmikolaj.org\/index.php\/2025\/07\/11\/trwa-oboz-wakacyjny-dla-mlodziezy-z-postcresimy\/517049926_1047298647516828_5829017429780018604_n\/'><img width=\"150\" height=\"150\" src=\"https:\/\/swmikolaj.org\/wp-content\/uploads\/2025\/07\/517049926_1047298647516828_5829017429780018604_n-150x150.jpg\" class=\"attachment-thumbnail size-thumbnail\" alt=\"\" decoding=\"async\" loading=\"lazy\" \/><\/a>\n\t\t\t<\/dt><\/dl><dl class='gallery-item'>\n\t\t\t<dt class='gallery-icon landscape'>\n\t\t\t\t<a href='https:\/\/swmikolaj.org\/index.php\/2025\/07\/11\/trwa-oboz-wakacyjny-dla-mlodziezy-z-postcresimy\/504380750_1047298677516825_3284700900742781078_n\/'><img width=\"150\" height=\"150\" src=\"https:\/\/swmikolaj.org\/wp-content\/uploads\/2025\/07\/504380750_1047298677516825_3284700900742781078_n-150x150.jpg\" class=\"attachment-thumbnail size-thumbnail\" alt=\"\" decoding=\"async\" loading=\"lazy\" \/><\/a>\n\t\t\t<\/dt><\/dl><dl class='gallery-item'>\n\t\t\t<dt class='gallery-icon landscape'>\n\t\t\t\t<a href='https:\/\/swmikolaj.org\/index.php\/2025\/07\/11\/trwa-oboz-wakacyjny-dla-mlodziezy-z-postcresimy\/518078928_1047298620850164_2523903774632346645_n\/'><img width=\"150\" height=\"150\" src=\"https:\/\/swmikolaj.org\/wp-content\/uploads\/2025\/07\/518078928_1047298620850164_2523903774632346645_n-150x150.jpg\" class=\"attachment-thumbnail size-thumbnail\" alt=\"\" decoding=\"async\" loading=\"lazy\" \/><\/a>\n\t\t\t<\/dt><\/dl><br style=\"clear: both\" \/><dl class='gallery-item'>\n\t\t\t<dt class='gallery-icon landscape'>\n\t\t\t\t<a href='https:\/\/swmikolaj.org\/index.php\/2025\/07\/11\/trwa-oboz-wakacyjny-dla-mlodziezy-z-postcresimy\/516872296_1047298540850172_2900185341736049893_n\/'><img width=\"150\" height=\"150\" src=\"https:\/\/swmikolaj.org\/wp-content\/uploads\/2025\/07\/516872296_1047298540850172_2900185341736049893_n-150x150.jpg\" class=\"attachment-thumbnail size-thumbnail\" alt=\"\" decoding=\"async\" loading=\"lazy\" \/><\/a>\n\t\t\t<\/dt><\/dl><dl class='gallery-item'>\n\t\t\t<dt class='gallery-icon landscape'>\n\t\t\t\t<a href='https:\/\/swmikolaj.org\/index.php\/2025\/07\/11\/trwa-oboz-wakacyjny-dla-mlodziezy-z-postcresimy\/516844231_1047298704183489_4186452652014104669_n\/'><img width=\"150\" height=\"150\" src=\"https:\/\/swmikolaj.org\/wp-content\/uploads\/2025\/07\/516844231_1047298704183489_4186452652014104669_n-150x150.jpg\" class=\"attachment-thumbnail size-thumbnail\" alt=\"\" decoding=\"async\" loading=\"lazy\" \/><\/a>\n\t\t\t<\/dt><\/dl><dl class='gallery-item'>\n\t\t\t<dt class='gallery-icon landscape'>\n\t\t\t\t<a href='https:\/\/swmikolaj.org\/index.php\/2025\/07\/11\/trwa-oboz-wakacyjny-dla-mlodziezy-z-postcresimy\/516828853_1047298690850157_3363719041288530861_n\/'><img width=\"150\" height=\"150\" src=\"https:\/\/swmikolaj.org\/wp-content\/uploads\/2025\/07\/516828853_1047298690850157_3363719041288530861_n-150x150.jpg\" class=\"attachment-thumbnail size-thumbnail\" alt=\"\" decoding=\"async\" loading=\"lazy\" \/><\/a>\n\t\t\t<\/dt><\/dl><br style=\"clear: both\" \/>\n\t\t<\/div>\n\n<\/div>\n<\/div>\n","protected":false},"excerpt":{"rendered":"<p>M\u0142odzie\u017c z Postcresimy prze\u017cywa ob\u00f3z wakacyjny na Jurze Krakowsko-Cz\u0119stochowskiej. Oto relacja z pierwszych dni Towarzysz\u0105 im ma\u0142\u017ce\u0144stwa, \u00a0tzw. chrzestni i dwaj ksi\u0119\u017ca. Fot. ks. T. Makowski<\/p>\n","protected":false},"author":6,"featured_media":0,"comment_status":"closed","ping_status":"closed","sticky":false,"template":"","format":"standard","meta":{"footnotes":""},"categories":[8,23],"tags":[],"publishpress_future_action":{"enabled":false,"date":"1970-01-01 01:00:00","action":"","terms":[],"taxonomy":"","browser_timezone_offset":0},"_links":{"self":[{"href":"https:\/\/swmikolaj.org\/index.php\/wp-json\/wp\/v2\/posts\/165618"}],"collection":[{"href":"https:\/\/swmikolaj.org\/index.php\/wp-json\/wp\/v2\/posts"}],"about":[{"href":"https:\/\/swmikolaj.org\/index.php\/wp-json\/wp\/v2\/types\/post"}],"author":[{"embeddable":true,"href":"https:\/\/swmikolaj.org\/index.php\/wp-json\/wp\/v2\/users\/6"}],"replies":[{"embeddable":true,"href":"https:\/\/swmikolaj.org\/index.php\/wp-json\/wp\/v2\/comments?post=165618"}],"version-history":[{"count":2,"href":"https:\/\/swmikolaj.org\/index.php\/wp-json\/wp\/v2\/posts\/165618\/revisions"}],"predecessor-version":[{"id":165633,"href":"https:\/\/swmikolaj.org\/index.php\/wp-json\/wp\/v2\/posts\/165618\/revisions\/165633"}],"wp:attachment":[{"href":"https:\/\/swmikolaj.org\/index.php\/wp-json\/wp\/v2\/media?parent=165618"}],"wp:term":[{"taxonomy":"category","embeddable":true,"href":"https:\/\/swmikolaj.org\/index.php\/wp-json\/wp\/v2\/categories?post=165618"},{"taxonomy":"post_tag","embeddable":true,"href":"https:\/\/swmikolaj.org\/index.php\/wp-json\/wp\/v2\/tags?post=165618"}],"curies":[{"name":"wp","href":"https:\/\/api.w.org\/{rel}","templated":true}]}}