{"id":164490,"date":"2025-01-17T16:00:21","date_gmt":"2025-01-17T15:00:21","guid":{"rendered":"https:\/\/swmikolaj.org\/?p=164490"},"modified":"2025-01-20T14:42:54","modified_gmt":"2025-01-20T13:42:54","slug":"ogloszenia-duszpasterskie-i-biuletyn-parafialny-19-01-2025r","status":"publish","type":"post","link":"https:\/\/swmikolaj.org\/index.php\/2025\/01\/17\/ogloszenia-duszpasterskie-i-biuletyn-parafialny-19-01-2025r\/","title":{"rendered":"Og\u0142oszenia Duszpasterskie i Biuletyn Parafialny, 19.01.2025r."},"content":{"rendered":"\n<figure class=\"wp-block-image size-large\"><img decoding=\"async\" loading=\"lazy\" width=\"1024\" height=\"577\" src=\"https:\/\/swmikolaj.org\/wp-content\/uploads\/2025\/01\/OGLOSZENIA_19.01-1024x577.jpg\" alt=\"\" class=\"wp-image-164491\" srcset=\"https:\/\/swmikolaj.org\/wp-content\/uploads\/2025\/01\/OGLOSZENIA_19.01-1024x577.jpg 1024w, https:\/\/swmikolaj.org\/wp-content\/uploads\/2025\/01\/OGLOSZENIA_19.01-300x169.jpg 300w, https:\/\/swmikolaj.org\/wp-content\/uploads\/2025\/01\/OGLOSZENIA_19.01-768x432.jpg 768w, https:\/\/swmikolaj.org\/wp-content\/uploads\/2025\/01\/OGLOSZENIA_19.01-1536x865.jpg 1536w, https:\/\/swmikolaj.org\/wp-content\/uploads\/2025\/01\/OGLOSZENIA_19.01-2048x1153.jpg 2048w, https:\/\/swmikolaj.org\/wp-content\/uploads\/2025\/01\/OGLOSZENIA_19.01-676x381.jpg 676w\" sizes=\"(max-width: 1024px) 100vw, 1024px\" \/><\/figure>\n\n\n\n<!--more-->\n\n\n<p style=\"text-align: justify;\"><span style=\"font-size: 18pt;\"><strong>1.<\/strong> <\/span>Trwa Tydzie\u0144 Modlitw o Jedno\u015b\u0107 Chrze\u015bcijan zapraszamy na spotkania ekumeniczne w Tr\u00f3jmie\u015bcie. Ich plan podajemy w gablotach i na stronie internetowej Archidiecezji Gda\u0144skiej (<a href=\"https:\/\/www.diecezja.gda.pl\/aktualnosci\/aktualnosci\/104754\/harmonogram-tygodnia-modlitw-o-jednosc-chrzescijan\">https:\/\/www.diecezja.gda.pl\/aktualnosci\/aktualnosci\/104754\/harmonogram-tygodnia-modlitw-o-jednosc-chrzescijan<\/a>\u00a0).<\/p>\n<p><span style=\"font-size: 18pt;\"><strong>2.<\/strong> <\/span>W biuletynie i na parafialnej stronie internetowej podajemy plan kol\u0119d.<\/p>\n<p style=\"text-align: justify;\"><span style=\"font-size: 18pt;\"><strong>3.<\/strong> <\/span>Msza \u015awi\u0119ta \u201ekol\u0119dowa\u201d dla os\u00f3b, kt\u00f3re nie b\u0119d\u0105 mog\u0142y przyj\u0105\u0107 ksi\u0119dza \u201epo kol\u0119dzie\u201d b\u0119dzie sprawowana w niedziel\u0119, 26 stycznia o 10:00, po Eucharystii spotkanie na temat naszej parafii z ks. Proboszczem Jackiem dla wszystkich ch\u0119tnych w kawiarence.<\/p>\n<p style=\"text-align: justify;\"><span style=\"font-size: 18pt;\"><strong>4.<\/strong> <\/span>Wszystkich senior\u00f3w zapraszamy na spotkanie Klubu Seniora w \u015brod\u0119 o 9:00 do sali nr 5.<\/p>\n<p style=\"text-align: justify;\"><span style=\"font-size: 18pt;\"><strong>5.<\/strong> <\/span>Spotkanie Wsp\u00f3lnoty Trudnych Ma\u0142\u017ce\u0144stw Sychar odb\u0119dzie si\u0119 w poniedzia\u0142ek, 20 stycznia. W planie Msza \u015awi\u0119ta o 18:30, a nast\u0119pnie spotkanie w starej plebani.<\/p>\n<p style=\"text-align: justify;\"><span style=\"font-size: 18pt;\"><strong>6.<\/strong> <\/span>Stowarzyszenie Cudownego Medalika czyli Apostolat Maryjny poprowadzi R\u00f3\u017caniec do Siedmiu Bole\u015bci Matki Bo\u017cej we wtorek, po Mszy \u015awi\u0119tej o godz. 8:00 w dolnym ko\u015bciele. Serdecznie zapraszamy.<\/p>\n<p><span style=\"font-size: 18pt;\"><strong>7.<\/strong> <\/span>Kurs Nowe \u017bycie odb\u0119dzie si\u0119 w naszej parafii w dniach 24-26 stycznia. Zapisy w biurze parafialnym poprzez telefon lub e-mail.<\/p>\n<p style=\"text-align: justify;\"><span style=\"font-size: 18pt;\"><strong>8.<\/strong> <\/span>Akademia Dobrych Relacji Ewy Kuczkowskiej przenosi si\u0119 do naszego dolnego ko\u015bcio\u0142a i zaprasza na spotkania na temat \u201eMoc dobrej i z\u0142ej komunikacji\u201d. Pierwsze spotkanie b\u0119dzie 30 stycznia o 19:15.<\/p>\n<p style=\"text-align: justify;\"><span style=\"font-size: 18pt;\"><strong>9.<\/strong><\/span> Rozpocz\u0119li\u015bmy przygotowania muzyczne do Triduum Paschalnego. Zapraszamy do Diakonii Muzycznej \u015aw. Miko\u0142aja. Pr\u00f3by odbywaj\u0105 si\u0119 w niedziel\u0119 o 18:00 w domu parafialnym.<\/p>\n<p style=\"text-align: justify;\"><span style=\"font-size: 18pt;\"><strong>10.<\/strong><\/span> Ubieg\u0142otygodniowa kolekta remontowo-inwestycyjna wynios\u0142a 9958 z\u0142. Dzi\u0119kujemy za trosk\u0119 o bytowe sprawy parafii. Przygotowujemy remont sali nr 11 w domu parafialnym. Op\u0142acamy te\u017c bie\u017c\u0105ce, wysokie rachunki zimowe. Np. zap\u0142acili\u015bmy za grudniowe ogrzewanie domu parafialnego, plebanii i starej plebanii ponad 14 tysi\u0119cy z\u0142otych.<\/p>\n<p style=\"text-align: justify;\"><span style=\"font-size: 18pt;\"><strong>11.<\/strong> <\/span>Zapraszamy na spotkania \u201eprzy kawie\u201d w naszym domu parafialnym po niedzielnej Mszy \u015awi\u0119tej o 10:00 i 11:30.<\/p>\n<p style=\"text-align: center;\">W minionych dniach zmarli:<br \/>Urszula Rosiak, lat 86; Stanis\u0142aw Micewicz, lat 91<\/p>\n\n\n<div class=\"wp-block-file\"><object class=\"wp-block-file__embed\" data=\"https:\/\/swmikolaj.org\/wp-content\/uploads\/2025\/01\/Biuletyn-Parafialny-2025-01-19.pdf\" type=\"application\/pdf\" style=\"width:100%;height:600px\" aria-label=\"Osadzone z Biuletyn-Parafialny-2025-01-19.\"><\/object><a id=\"wp-block-file--media-d48977a6-6f2b-4ad6-b2bd-1acb3ce92e0b\" href=\"https:\/\/swmikolaj.org\/wp-content\/uploads\/2025\/01\/Biuletyn-Parafialny-2025-01-19.pdf\">Biuletyn-Parafialny-2025-01-19<\/a><a href=\"https:\/\/swmikolaj.org\/wp-content\/uploads\/2025\/01\/Biuletyn-Parafialny-2025-01-19.pdf\" class=\"wp-block-file__button wp-element-button\" download aria-describedby=\"wp-block-file--media-d48977a6-6f2b-4ad6-b2bd-1acb3ce92e0b\">Pobierz<\/a><\/div>\n","protected":false},"excerpt":{"rendered":"","protected":false},"author":6,"featured_media":0,"comment_status":"closed","ping_status":"closed","sticky":false,"template":"","format":"standard","meta":{"footnotes":""},"categories":[8,12],"tags":[],"publishpress_future_action":{"enabled":false,"date":"1970-01-01 01:00:00","action":"","terms":[],"taxonomy":"","browser_timezone_offset":0},"_links":{"self":[{"href":"https:\/\/swmikolaj.org\/index.php\/wp-json\/wp\/v2\/posts\/164490"}],"collection":[{"href":"https:\/\/swmikolaj.org\/index.php\/wp-json\/wp\/v2\/posts"}],"about":[{"href":"https:\/\/swmikolaj.org\/index.php\/wp-json\/wp\/v2\/types\/post"}],"author":[{"embeddable":true,"href":"https:\/\/swmikolaj.org\/index.php\/wp-json\/wp\/v2\/users\/6"}],"replies":[{"embeddable":true,"href":"https:\/\/swmikolaj.org\/index.php\/wp-json\/wp\/v2\/comments?post=164490"}],"version-history":[{"count":4,"href":"https:\/\/swmikolaj.org\/index.php\/wp-json\/wp\/v2\/posts\/164490\/revisions"}],"predecessor-version":[{"id":164502,"href":"https:\/\/swmikolaj.org\/index.php\/wp-json\/wp\/v2\/posts\/164490\/revisions\/164502"}],"wp:attachment":[{"href":"https:\/\/swmikolaj.org\/index.php\/wp-json\/wp\/v2\/media?parent=164490"}],"wp:term":[{"taxonomy":"category","embeddable":true,"href":"https:\/\/swmikolaj.org\/index.php\/wp-json\/wp\/v2\/categories?post=164490"},{"taxonomy":"post_tag","embeddable":true,"href":"https:\/\/swmikolaj.org\/index.php\/wp-json\/wp\/v2\/tags?post=164490"}],"curies":[{"name":"wp","href":"https:\/\/api.w.org\/{rel}","templated":true}]}}