{"id":164278,"date":"2024-12-20T16:39:46","date_gmt":"2024-12-20T15:39:46","guid":{"rendered":"https:\/\/swmikolaj.org\/?p=164278"},"modified":"2024-12-24T12:06:29","modified_gmt":"2024-12-24T11:06:29","slug":"intencje-mszy-swietych-23-29-12-2024","status":"publish","type":"post","link":"https:\/\/swmikolaj.org\/index.php\/2024\/12\/20\/intencje-mszy-swietych-23-29-12-2024\/","title":{"rendered":"INTENCJE MSZY \u015aWI\u0118TYCH 23 &#8211; 29\/12\/2024"},"content":{"rendered":"<p><span style=\"text-decoration: underline;\"><strong>23\/12\/2024 Poniedzia\u0142ek<\/strong><\/span><\/p>\n<p><span style=\"font-size: 14pt;\"><strong>06:45<\/strong><\/span> + Janina P\u0105czkowska w 9 rocz. \u015bmierci<\/p>\n<p><span style=\"font-size: 14pt;\"><strong>08:00 <\/strong><\/span><\/p>\n<p><span style=\"font-size: 14pt;\"><strong>1.<\/strong><\/span> + Mama Bronis\u0142awa Leszczy\u0144ska w 20 rocz. \u015bmierci<br \/>\n<span style=\"font-size: 14pt;\"><strong>2.<\/strong> <\/span>+ M\u0105\u017c Andrzej J\u00f3rkowski oraz Alfred \u017bywicki, Zbigniew \u0141abu\u0144ski<\/p>\n<p><span style=\"font-size: 14pt;\"><strong>18:30 <\/strong><\/span><\/p>\n<p><span style=\"font-size: 14pt;\"><strong>1.<\/strong> <\/span>+ Rodzice El\u017cbieta i Julian Brzezi\u0144scy oraz rodze\u0144stwo Jan, Irena, Zygmunt, Julian, Arnold, Jerzy, W\u0142adys\u0142aw, Stanis\u0142aw i bratowe Maria i Rozalia<br \/>\n<span style=\"font-size: 14pt;\"><strong>2.<\/strong> <\/span>+ Eugeniusz Maszota w 1 rocz. \u015bmierci<\/p>\n<p><span style=\"text-decoration: underline; font-size: 14pt;\"><strong>24\/12\/2024 Wtorek<\/strong><\/span><\/p>\n<p><strong>06:45<\/strong> + Renata Jab\u0142o\u0144ska w 20 rocz. \u015bmierci<\/p>\n<p><strong>08:00<\/strong> + Wincenty, Teofila, Agnieszka, Janina, Henryk, Bronis\u0142aw, Ryszard Adamiakowie<\/p>\n<p><strong>16:00<\/strong> + Leszek Borowski &#8211; intencja od koleg\u00f3w ze Stoczni<\/p>\n<p><strong>22:00 <\/strong><\/p>\n<p><strong>1.<\/strong> Dzi\u0119kczynno-b\u0142agalna z pro\u015bb\u0105 o Bo\u017ce b\u0142ogos\u0142awie\u0144stwo, zdrowie duszy i cia\u0142a, dary Ducha \u015awi\u0119tego i opiek\u0119 Matki Naj\u015bwi\u0119tsze dla Urszuli Franciszka i Kordiana<br \/>\n<strong>2.<\/strong> + Krystyna, Bogdan, rodzice z obojga stron, Halina i Zbigniew<\/p>\n<p><strong>24:00<\/strong> Dzi\u0119kczynno-b\u0142agalna z pro\u015bb\u0105 o Bo\u017ce b\u0142ogos\u0142awie\u0144stwo, dary Ducha \u015awi\u0119tego i opiek\u0119 Matki Bo\u017cej dla ca\u0142ej rodziny<\/p>\n<p><span style=\"text-decoration: underline;\"><strong>25\/12\/2024 \u015aroda<\/strong><\/span><\/p>\n<p><strong>08:00 <\/strong><\/p>\n<p><strong>1.<\/strong> + Henryk Wilk w 7 rocz. \u015bmierci<br \/>\n<strong>2.<\/strong> + Antoni i Michalina Kaczorowscy oraz ich dzieci, rodzice, Joanna i Janina<\/p>\n<p><strong>10:00<\/strong> + Jaros\u0142aw Pazik w 3 rocz. \u015bmierci<\/p>\n<p><strong>11:30<\/strong> + Rodzice i dziadkowie z obojga stron<\/p>\n<p><strong>13:00<\/strong> W intencji nowoochrzczonych<\/p>\n<p><strong>18:30<\/strong> + Zmarli z rodzin Domaga\u0142a, G\u00f3rskich i Librecht (Lebreht)<\/p>\n<p><span style=\"text-decoration: underline;\"><strong>26\/12\/2024 Czwartek<\/strong><\/span><\/p>\n<p><strong>08:00 <\/strong><\/p>\n<p><strong>1.<\/strong> + W\u0142adys\u0142aw Klein<br \/>\n<strong>2.<\/strong> + Wac\u0142aw Dobrzeniecki oraz zmarli z rodziny Feliciak<\/p>\n<p><strong>10:00 <\/strong><\/p>\n<p><strong>1.<\/strong> W intencji ma\u0142\u017conk\u00f3w, kt\u00f3rzy w tym roku obchodzili swoje wielkie i ma\u0142e jubileusze i rocznice ma\u0142\u017ce\u0144skie oraz w intencji tych, kt\u00f3rzy w minionych miesi\u0105cach zawarli ma\u0142\u017ce\u0144stwo<br \/>\n<strong>2.<\/strong> + Mariusz Domaradzki<\/p>\n<p><strong>11:30<\/strong> + Hildegarda Lewa\u0144czyk w dniu urodzin i Jan Lewa\u0144czyk, Katarzyna Lewa\u0144czyk<\/p>\n<p><strong>13:00<\/strong> + Adam, Wies\u0142awa, Anna, Ma\u0142gorzata i Robert oraz zmarli z czy\u015b\u0107cu<\/p>\n<p><strong>18:30<\/strong> + Irena Nowicka<\/p>\n<p><span style=\"text-decoration: underline;\"><strong>27\/12\/2024 Pi\u0105tek<\/strong><\/span><\/p>\n<p><strong>08:00 <\/strong><\/p>\n<p><strong>1.<\/strong> + Stanis\u0142aw Gli\u0144ski w 3 rocz. \u015bmierci<br \/>\n<strong>2.<\/strong> + Rodzice Czes\u0142aw i Sabina<br \/>\n<strong>3.<\/strong> + Tata Antoni Leszczy\u0144ski w 4 rocz. \u015bmierci<\/p>\n<p><strong>12:00<\/strong> Pogrzeb: \u015bp. Jan Kruszy\u0144ski, lat 85<\/p>\n<p><strong>18:30 <\/strong><\/p>\n<p><strong>1.<\/strong> B\u0142agalna o szybki powr\u00f3t do zdrowia dla Hanny i potrzebne \u0142aski<br \/>\n<strong>2.<\/strong> + El\u017cbieta w 1 rocz. \u015bmierci oraz Leszek i dziadkowie z obojga stron<\/p>\n<p><strong><span style=\"text-decoration: underline;\">28\/12\/2024 Sobota<\/span><\/strong><\/p>\n<p><strong>08:00<\/strong><\/p>\n<p><strong>1.<\/strong> O zdrowie, Bo\u017ce b\u0142ogos\u0142awie\u0144stwo, pok\u00f3j ducha i wiele \u0142ask Bo\u017cych dla Beaty i Wojciecha<br \/>\n<strong>2.<\/strong> + M\u0105\u017c Stefan w 18 rocz. \u015bmierci rodzice z obojga stron, rodzice chrzestni, kuzynostwo, chrze\u015bniaczka Basia, zmarli z rodziny Rojek i \u0141ypek<br \/>\n<strong>3.<\/strong> + Jerzy Felczerek w 1 rocz. \u015bmierci oraz zmarli z rodziny<\/p>\n<p><strong>12:00<\/strong> Pogrzeb: \u015bp. J\u00f3zef Stanis\u0142awski, lat 78<\/p>\n<p><strong>13:30<\/strong> Pogrzeb: \u015bp. Zbigniew Witkowski, lat 60<\/p>\n<p><strong>18:30<\/strong> + Cecylia Grzela w 4 rocz. \u015bmierci<\/p>\n<p><span style=\"text-decoration: underline;\"><strong>29\/12\/2024 Niedziela \u015awi\u0119tej Rodziny: Jezusa, Maryi i J\u00f3zefa<\/strong><\/span><\/p>\n<p><strong>08:00 <\/strong><\/p>\n<p><strong>1.<\/strong> Dzi\u0119kczynno-b\u0142agalna w 70 rocz. urodzin Eugeniusza z pro\u015bb\u0105 o Bo\u017ce b\u0142ogos\u0142awie\u0144stwo i dar zdrowia<br \/>\n<strong>2.<\/strong> + Anna i Kazimierz Szyca<\/p>\n<p><strong>10:00<\/strong> W intencji parafii<\/p>\n<p><strong>11:30<\/strong> + Mieczys\u0142aw Grzybowski w 17 rocz. \u015bmierci oraz rodzice i dziadkowie z obojga stron<\/p>\n<p><strong>13:00<\/strong> + Gerard Witen oraz zmarli z rodziny<\/p>\n<p><strong>18:30<\/strong> + Zofia Lademann<\/p>\n<p><strong>17:00DK<\/strong> + Halina Kapu\u015bci\u0144ska &#8211; intencja od II R\u00f3\u017cy \u017bywego R\u00f3\u017ca\u0144ca<\/p>\n","protected":false},"excerpt":{"rendered":"<p>23\/12\/2024 Poniedzia\u0142ek 06:45 + Janina P\u0105czkowska w 9 rocz. \u015bmierci 08:00 1. + Mama Bronis\u0142awa Leszczy\u0144ska w 20 rocz. \u015bmierci 2. + M\u0105\u017c Andrzej J\u00f3rkowski oraz Alfred \u017bywicki, Zbigniew \u0141abu\u0144ski 18:30 1. + Rodzice El\u017cbieta i Julian Brzezi\u0144scy oraz rodze\u0144stwo Jan, Irena, Zygmunt, Julian, Arnold, Jerzy, W\u0142adys\u0142aw, Stanis\u0142aw i bratowe Maria i Rozalia 2. + [&hellip;]<\/p>\n","protected":false},"author":6,"featured_media":0,"comment_status":"closed","ping_status":"closed","sticky":false,"template":"","format":"standard","meta":{"footnotes":""},"categories":[10],"tags":[],"publishpress_future_action":{"enabled":false,"date":"1970-01-01 01:00:00","action":"","terms":[],"taxonomy":"","browser_timezone_offset":0},"_links":{"self":[{"href":"https:\/\/swmikolaj.org\/index.php\/wp-json\/wp\/v2\/posts\/164278"}],"collection":[{"href":"https:\/\/swmikolaj.org\/index.php\/wp-json\/wp\/v2\/posts"}],"about":[{"href":"https:\/\/swmikolaj.org\/index.php\/wp-json\/wp\/v2\/types\/post"}],"author":[{"embeddable":true,"href":"https:\/\/swmikolaj.org\/index.php\/wp-json\/wp\/v2\/users\/6"}],"replies":[{"embeddable":true,"href":"https:\/\/swmikolaj.org\/index.php\/wp-json\/wp\/v2\/comments?post=164278"}],"version-history":[{"count":3,"href":"https:\/\/swmikolaj.org\/index.php\/wp-json\/wp\/v2\/posts\/164278\/revisions"}],"predecessor-version":[{"id":164304,"href":"https:\/\/swmikolaj.org\/index.php\/wp-json\/wp\/v2\/posts\/164278\/revisions\/164304"}],"wp:attachment":[{"href":"https:\/\/swmikolaj.org\/index.php\/wp-json\/wp\/v2\/media?parent=164278"}],"wp:term":[{"taxonomy":"category","embeddable":true,"href":"https:\/\/swmikolaj.org\/index.php\/wp-json\/wp\/v2\/categories?post=164278"},{"taxonomy":"post_tag","embeddable":true,"href":"https:\/\/swmikolaj.org\/index.php\/wp-json\/wp\/v2\/tags?post=164278"}],"curies":[{"name":"wp","href":"https:\/\/api.w.org\/{rel}","templated":true}]}}