{"id":1635,"date":"2016-12-05T00:00:00","date_gmt":"2016-12-05T00:00:00","guid":{"rendered":"http:\/\/nowa.swmikolaj.org\/?p=1635"},"modified":"2020-04-09T12:49:00","modified_gmt":"2020-04-09T12:49:00","slug":"listks-proboszczanakolede2015-2016","status":"publish","type":"post","link":"https:\/\/swmikolaj.org\/index.php\/2016\/12\/05\/listks-proboszczanakolede2015-2016\/","title":{"rendered":"List Ks. Proboszcza na Kol\u0119d\u0119 2015-2016"},"content":{"rendered":"\n<div align=\"right\"><address>Gdynia, 2015-12-12<\/address><\/div>\n\n\n\n<p><strong>&nbsp;&nbsp;&nbsp;&nbsp;&nbsp;<\/strong>&nbsp;&nbsp; Moi Drodzy,<\/p>\n\n\n\n<p>\u00a0\u00a0\u00a0\u00a0\u00a0\u00a0 Tegorocznej Kol\u0119dzie towarzyszy\u0107 b\u0119dzie niezwykle wa\u017cne wydarzenie,\u00a0 jakim jest Nadzwyczajny Jubileusz Mi\u0142osierdzia, kt\u00f3ry\u00a0 trwa\u0107 b\u0119dzie do 20 listopada 2016 roku.\u00a0 Co nas czeka? Papie\u017c Franciszek podkre\u015bla, \u017ce <em>za og\u0142oszeniem\u00a0 Roku Mi\u0142osierdzia nie kryje si\u0119 \u017cadna strategia, ale g\u0142\u0119bokie przeczucie, \u017ce Duch \u015awi\u0119ty czego\u015b chce, \u017ce Jezus pragnie otworzy\u0107 drzwi swego Serca, a Ojciec ukaza\u0107 nam g\u0142\u0119bie swego mi\u0142osierdzia i dlatego posy\u0142a nam Ducha, aby nas wzruszy\u0107 i poruszy\u0107.\u00a0 <\/em><\/p>\n\n\n\n<!--more-->\n\n\n\n<p>&nbsp;&nbsp;&nbsp;&nbsp;&nbsp;&nbsp; W jaki spos\u00f3b B\u00f3g b\u0119dzie chcia\u0142 nas poruszy\u0107? Ot\u00f3\u017c stanie si\u0119 to poprzez okazanie mi\u0142osierdzia. Okazuje si\u0119 bowiem, i\u017c B\u00f3g jest zakochany w naszej biedzie i naszej ma\u0142o\u015bci, a Jego mi\u0142osierdzie jest bez ko\u0144ca. Czy\u017c nie jest to lekarstwo na nasze l\u0119ki i obawy przed Bogiem? \u015aw. Ambro\u017cy, jeden z wielkich chrze\u015bcijan z prze\u0142omu IV i V wieku, napisa\u0142&nbsp; i\u017c B\u00f3g,&nbsp; po akcie stworzenia zauwa\u017cy\u0142, \u017ce cz\u0142owiek jest nie tylko dobry, jak to B\u00f3g stwierdzi\u0142 w wypadku innych stworze\u0144, ale jest bardzo dobry. Dlaczego? Cz\u0142owiek jest bardzo dobry,&nbsp; dlatego, i\u017c B\u00f3g wreszcie ma i b\u0119dzie mia\u0142 kogo\u015b, komu mo\u017ce przebacza\u0107. Czy\u017c nie jest to pi\u0119kna prawda? B\u00f3g cieszy si\u0119, \u017ce mo\u017ce nam przebacza\u0107!&nbsp; Kiedy jeden ze \u015bwi\u0119tych, kt\u00f3ry podejmowa\u0142 wiele uczynk\u00f3w pokutnych, by\u0142 przekonany, i\u017c B\u00f3g od niego ci\u0105gle&nbsp; jeszcze czego\u015b chce i gdy ostatecznie&nbsp; wyzna\u0142, \u017ce nie ma ju\u017c nic wi\u0119cej do oddania, us\u0142ysza\u0142 pro\u015bb\u0119: <em>Daj mi swoje grzechy<\/em>.<\/p>\n\n\n\n<p>&nbsp;&nbsp;&nbsp;&nbsp;&nbsp; Miesi\u0105ce, kt\u00f3re s\u0105 przed nami,&nbsp; b\u0119d\u0105 okazj\u0105, by \u201eodda\u0107 Bogu swoje grzechy\u201d, st\u0105d w naszej parafii b\u0119dzie wi\u0119cej dy\u017cur\u00f3w spowiednik\u00f3w i mo\u017cliwo\u015bci&nbsp; rozm\u00f3w, zw\u0142aszcza w konfesjonale ustawionym w dolnym ko\u015bciele. Ksi\u0119\u017ca b\u0119d\u0105 r\u00f3wnie\u017c gotowi p\u00f3j\u015b\u0107 spowiada\u0107 tych, kt\u00f3rzy nie s\u0105 wstanie wyj\u015b\u0107 ze swoich dom\u00f3w, wystarczy zg\u0142osi\u0107 pro\u015bb\u0119 o to do biura parafialnego.<\/p>\n\n\n\n<p>&nbsp;&nbsp;&nbsp;&nbsp;&nbsp; Mi\u0142osierdzie nie dokonuje si\u0119 jedynie w Spowiedzi \u015bw.&nbsp; Jest ono zawsze tam, gdzie ludzie powstaj\u0105 ze swoich grzech\u00f3w i tam, gdzie nast\u0119puje &nbsp;pojednanie mi\u0119dzy zwa\u015bnionymi, &nbsp;jak i zawsze wtedy, gdy dochodzi do g\u0142\u0119bszego poznania Jezusa Chrystusa, st\u0105d ju\u017c dzisiaj zapraszam na Kurs Alpha, kt\u00f3ry rozpocznie si\u0119 18 stycznia, a kt\u00f3rego celem b\u0119dzie pog\u0142\u0119bienie wiary uczestnik\u00f3w. Kurs Alpha to poniedzia\u0142kowe spotkania w naszym domu parafialnym,&nbsp; w lu\u017anej atmosferze rozmawia\u0107 b\u0119dziemy na powa\u017cne tematy.<\/p>\n\n\n\n<p>&nbsp;&nbsp;&nbsp;&nbsp;&nbsp; Drugim wa\u017cnym wydarzeniem,&nbsp; o kt\u00f3rym ksi\u0119\u017ca b\u0119d\u0105 chcieli porozmawia\u0107 podczas Kol\u0119dy, &nbsp;b\u0119d\u0105 &nbsp;\u015awiatowe Dni M\u0142odzie\u017cy. W dniach 20-25 lipca 2016 roku b\u0119dziemy go\u015bci\u0107 w Chyloni oko\u0142o 300 os\u00f3b z r\u00f3\u017cnych stron \u015bwiata. Sp\u0119dz\u0105 oni u nas kilka dni przed spotkaniem z papie\u017cem Franciszkiem w Krakowie. Jako wsp\u00f3lnota parafialna stajemy przed wielkim wyzwaniem zapewnienia im ciekawego pobytu w Gdyni, st\u0105d utworzyli\u015bmy Punkt \u015awiatowych Dni M\u0142odzie\u017cy w Gdyni-Chyloni. Wszystkich, kt\u00f3rzy chcieliby pom\u00f3c w ugoszczeniu pielgrzym\u00f3w serdecznie prosz\u0119 o kontakt z Siostrami Misjonarkami pracuj\u0105cymi w naszej parafii, kt\u00f3re koordynuj\u0105 akcj\u0119 (Siostra Maria Pilar Casado, tel. 505097094,&nbsp;e-mail:&nbsp;<a href=\"mailto:sludzyewangelii@tlen.pl\">sludzyewangelii@tlen.pl<\/a>). Istnieje pilna potrzeba miejsc na noclegi jaki i wolontariuszy &#8211;&nbsp; m\u0142odych, doros\u0142ych i senior\u00f3w.&nbsp; Potrzeby s\u0105 wielkie i ka\u017cdy b\u0119dzie wa\u017cnym w tej akcji.<\/p>\n\n\n\n<p>&nbsp;&nbsp;&nbsp;&nbsp;&nbsp; Nadzwyczajny Rok Mi\u0142osierdzia i \u015awiatowe Dni M\u0142odzie\u017cy to dwa tematy, kt\u00f3re chcia\u0142bym zaproponowa\u0107 do rozmowy podczas wizyty duszpasterskiej. Oczywi\u015bcie niech nie zabraknie r\u00f3wnie\u017c wspomnie\u0144 z zako\u0144czonego jubileuszu stulecia istnienia naszej parafii.<\/p>\n\n\n\n<p>&nbsp;&nbsp;&nbsp;&nbsp;&nbsp;&nbsp; Zach\u0119cam, tak jak to czyni\u0142em w poprzednich latach, do przygotowania Pisma \u015awi\u0119tego na wizyt\u0119 kol\u0119dow\u0105. Dobrym zwyczajem sta\u0142o si\u0119, odczytywanie przez kogo\u015b z domownik\u00f3w, na pocz\u0105tku modlitwy kol\u0119dowej, kr\u00f3tkiego, dowolnego fragmentu z Biblii.<\/p>\n\n\n\n<p>&nbsp;&nbsp;&nbsp;&nbsp;&nbsp;&nbsp; Serdecznie pozdrawiam i \u017cycz\u0119 wielu b\u0142ogos\u0142awie\u0144stw w roku 2016.<\/p>\n\n\n\n<div align=\"right\"><address>Ks. Jacek Socha<\/address><\/div>\n\n\n\n<div align=\"right\"><address>&nbsp;<\/address><address>\/proboszcz\/<\/address><\/div>\n","protected":false},"excerpt":{"rendered":"<p>Gdynia, 2015-12-12 &nbsp;&nbsp;&nbsp;&nbsp;&nbsp;&nbsp;&nbsp; Moi Drodzy, \u00a0\u00a0\u00a0\u00a0\u00a0\u00a0 Tegorocznej Kol\u0119dzie towarzyszy\u0107 b\u0119dzie niezwykle wa\u017cne wydarzenie,\u00a0 jakim jest Nadzwyczajny Jubileusz Mi\u0142osierdzia, kt\u00f3ry\u00a0 trwa\u0107 b\u0119dzie do 20 listopada 2016 roku.\u00a0 Co nas czeka? Papie\u017c Franciszek podkre\u015bla, \u017ce za og\u0142oszeniem\u00a0 Roku Mi\u0142osierdzia nie kryje si\u0119 \u017cadna strategia, ale g\u0142\u0119bokie przeczucie, \u017ce Duch \u015awi\u0119ty czego\u015b chce, \u017ce Jezus pragnie otworzy\u0107 drzwi [&hellip;]<\/p>\n","protected":false},"author":4,"featured_media":0,"comment_status":"closed","ping_status":"closed","sticky":false,"template":"","format":"standard","meta":{"footnotes":""},"categories":[11],"tags":[],"publishpress_future_action":{"enabled":false,"date":"1970-01-01 01:00:00","action":"","terms":[],"taxonomy":"","browser_timezone_offset":0},"_links":{"self":[{"href":"https:\/\/swmikolaj.org\/index.php\/wp-json\/wp\/v2\/posts\/1635"}],"collection":[{"href":"https:\/\/swmikolaj.org\/index.php\/wp-json\/wp\/v2\/posts"}],"about":[{"href":"https:\/\/swmikolaj.org\/index.php\/wp-json\/wp\/v2\/types\/post"}],"author":[{"embeddable":true,"href":"https:\/\/swmikolaj.org\/index.php\/wp-json\/wp\/v2\/users\/4"}],"replies":[{"embeddable":true,"href":"https:\/\/swmikolaj.org\/index.php\/wp-json\/wp\/v2\/comments?post=1635"}],"version-history":[{"count":2,"href":"https:\/\/swmikolaj.org\/index.php\/wp-json\/wp\/v2\/posts\/1635\/revisions"}],"predecessor-version":[{"id":3475,"href":"https:\/\/swmikolaj.org\/index.php\/wp-json\/wp\/v2\/posts\/1635\/revisions\/3475"}],"wp:attachment":[{"href":"https:\/\/swmikolaj.org\/index.php\/wp-json\/wp\/v2\/media?parent=1635"}],"wp:term":[{"taxonomy":"category","embeddable":true,"href":"https:\/\/swmikolaj.org\/index.php\/wp-json\/wp\/v2\/categories?post=1635"},{"taxonomy":"post_tag","embeddable":true,"href":"https:\/\/swmikolaj.org\/index.php\/wp-json\/wp\/v2\/tags?post=1635"}],"curies":[{"name":"wp","href":"https:\/\/api.w.org\/{rel}","templated":true}]}}