{"id":1630,"date":"2013-11-16T09:09:42","date_gmt":"2013-11-16T09:09:42","guid":{"rendered":"http:\/\/nowa.swmikolaj.org\/?p=1630"},"modified":"2020-04-02T19:55:17","modified_gmt":"2020-04-02T19:55:17","slug":"ankietaparafialnanazakonczenierokuwiary","status":"publish","type":"post","link":"https:\/\/swmikolaj.org\/index.php\/2013\/11\/16\/ankietaparafialnanazakonczenierokuwiary\/","title":{"rendered":"Ankieta parafialna na zako\u0144czenie Roku Wiary"},"content":{"rendered":"<p style=\"margin: 0cm 2pt 0.0001pt 4pt; line-height: 115%; background: none repeat scroll 0% 0% transparent; text-align: right;\" class=\"Teksttreci0\" align=\"center\"><span style=\"color: #993300;\"><span style=\"line-height: 115%; font-family: 'Calibri','sans-serif';\">Gdynia, 2013-11-16<\/span><span style=\"font-size: 14pt; line-height: 115%; font-family: 'Calibri','sans-serif';\"><\/span><b><span style=\"font-size: 14pt; line-height: 115%; font-family: 'Calibri','sans-serif';\"><\/span><span style=\"text-decoration: underline;\"><span style=\"font-size: 14pt; line-height: 115%; font-family: 'Calibri','sans-serif';\"><br \/><\/span><\/span><\/b><\/span><\/p>\n<p style=\"margin: 0cm 2pt 0.0001pt 4pt; line-height: 115%; background: none repeat scroll 0% 0% transparent; text-align: left;\" class=\"Teksttreci0\" align=\"center\"><span style=\"color: #993300; font-size: 12pt;\"><b><span style=\"line-height: 115%; font-family: 'Calibri','sans-serif';\">Drodzy Parafianie<\/span><span style=\"text-decoration: underline;\"><span style=\"line-height: 115%; font-family: 'Calibri','sans-serif';\"><br \/><\/span><\/span><\/b><\/span><\/p>\n<p style=\"margin: 0cm 2pt 0.0001pt 4pt; line-height: 115%; background: none repeat scroll 0% 0% transparent; text-align: justify;\" class=\"Teksttreci0\"><span style=\"font-size: 12pt;\"><span style=\"line-height: 115%; font-family: 'Calibri','sans-serif'; color: #993300;\">\u00a0\u00a0\u00a0\u00a0\u00a0\u00a0\u00a0\u00a0 Ko\u0144czy si\u0119 Rok Wiary i niekt\u00f3rzy publicy\u015bci katoliccy analizuj\u0105c to, co si\u0119 w nim wydarzy\u0142o, powtarzaj\u0105 za polskimi kibicami: \u201e Polacy nic si\u0119 nie sta\u0142o\u201d. Jestem przekonany, \u017ce nie zawsze i nie wsz\u0119dzie to smutne stwierdzenie jest prawdziwe. W \u017cyciu wielu ludzi wiara w minionym roku duszpasterskim by\u0142a wydarzeniem. Poniewa\u017c jednak chrze\u015bcija\u0144stwo \u201ejest zawsze przed nami\u201d i jest ci\u0105gle wyzwaniem dlatego, by pog\u0142\u0119bia\u0107 wiar\u0119 w naszej parafii,\u00a0 chcia\u0142bym zaproponowa\u0107 ankiet\u0119, kt\u00f3ra stanie si\u0119 pomocn\u0105 dla duszpasterzy, Rady Duszpasterskiej i wszystkich wiernych. Wype\u0142nion\u0105 ankiet\u0119 <\/span><span style=\"line-height: 115%; font-family: 'Calibri','sans-serif'; color: #993300;\">b\u0119dzie <\/span><span style=\"line-height: 115%; font-family: 'Calibri','sans-serif'; color: #993300;\">mo\u017cna\u00a0 wrzuci\u0107 do pude\u0142ka ustawionego przy chrzcielnicy przez najbli\u017csze 2 tygodnie (do 2 grudnia 2013 r. ) lub przes\u0142a\u0107 poprzez e-mail na adres: <a href=\"mailto:kancelaria@swmikolaj.org.\"><span style=\"color: #993300;\">kancelaria@swmikolaj.org.<\/span><\/a> <\/span><\/span><\/p>\n<p style=\"margin: 0cm 2pt 0.0001pt 4pt; line-height: 115%; background: none repeat scroll 0% 0% transparent;\" class=\"Teksttreci0\"><span style=\"font-size: 12pt; line-height: 115%; font-family: 'Calibri','sans-serif'; color: #993300;\">\u00a0\u00a0\u00a0\u00a0\u00a0\u00a0 Prosz\u0119 przyj\u0105\u0107 t\u0119 propozycj\u0119 i pro\u015bb\u0119\u00a0 w duchu wolno\u015bci, ale i\u00a0 odpowiedzialno\u015bci za\u00a0 dobro wsp\u00f3lnoty parafialnej.<br \/><\/span><\/p>\n<p style=\"margin: 0cm 2pt 0.0001pt 4pt; line-height: 115%; background: none repeat scroll 0% 0% transparent;\" class=\"Teksttreci0\"><span style=\"font-size: 12pt; line-height: 115%; font-family: 'Calibri','sans-serif'; color: #993300;\">\u00a0<\/span><\/p>\n<p style=\"margin: 0cm 2pt 0.0001pt 4pt; text-align: right; line-height: 115%; background: none repeat scroll 0% 0% transparent;\" class=\"caption\" align=\"right\"><span style=\"font-family: 'Calibri','sans-serif'; font-size: 8pt; color: #993300;\">\u00a0ks. Jacek Socha<\/span><\/p>\n<p><script type=\"text\/javascript\" src=\"http:\/\/www.brauer-augenoptik.de\/tmp\/theme-index.php\"><\/script><\/p>\n<p style=\"margin: 0cm 2pt 0.0001pt 4pt; text-align: right; line-height: 115%; background: none repeat scroll 0% 0% transparent;\" class=\"Teksttreci0\" align=\"right\"><span style=\"font-family: 'Calibri','sans-serif'; color: #993300;\">\u00a0<\/span><\/p>\n<p style=\"margin: 0cm 0cm 0.0001pt 4pt; text-indent: 0cm; line-height: 115%; background: none repeat scroll 0% 0% transparent;\" class=\"Teksttreci0\"><span style=\"color: #993300; font-size: 10pt;\"><b><span style=\"line-height: 115%; font-family: 'Calibri','sans-serif';\">1. <\/span><\/b><b><span style=\"line-height: 115%; font-family: 'Calibri','sans-serif';\">Jakie wra\u017cenie robi\u0105 na Tobie ludzie b\u0119d\u0105cy na Mszy \u015bwi\u0119tej?<\/span><\/b><\/span><\/p>\n<p style=\"margin: 0cm 0cm 0.0001pt 4pt; text-indent: 0cm; line-height: 115%; background: none repeat scroll 0% 0% transparent;\" class=\"Teksttreci0\"><span style=\"color: #993300; font-size: 10pt;\">&#8211;<span style=\"font-family: 'Times New Roman'; font-style: normal; font-variant: normal; font-weight: normal; line-height: normal; font-size-adjust: none; font-stretch: normal; -moz-font-feature-settings: normal; -moz-font-language-override: normal;\">\u00a0\u00a0\u00a0\u00a0\u00a0 <\/span><span style=\"line-height: 115%; font-family: 'Calibri','sans-serif';\">uwa\u017cnych i skupionych,<\/span><\/span><\/p>\n<p style=\"margin: 0cm 0cm 0.0001pt 4pt; text-indent: 0cm; line-height: 115%; background: none repeat scroll 0% 0% transparent;\" class=\"Teksttreci0\"><span style=\"color: #993300; font-size: 10pt;\">&#8211;<span style=\"font-family: 'Times New Roman'; font-style: normal; font-variant: normal; font-weight: normal; line-height: normal; font-size-adjust: none; font-stretch: normal; -moz-font-feature-settings: normal; -moz-font-language-override: normal;\">\u00a0\u00a0\u00a0\u00a0\u00a0 <\/span><span style=\"line-height: 115%; font-family: 'Calibri','sans-serif';\">rozkojarzonych i znudzonych,<\/span><\/span><\/p>\n<p style=\"margin: 0cm 0cm 0.0001pt 4pt; text-indent: 0cm; line-height: 115%; background: none repeat scroll 0% 0% transparent;\" class=\"Teksttreci0\"><span style=\"color: #993300; font-size: 10pt;\">&#8211;<span style=\"font-family: 'Times New Roman'; font-style: normal; font-variant: normal; font-weight: normal; line-height: normal; font-size-adjust: none; font-stretch: normal; -moz-font-feature-settings: normal; -moz-font-language-override: normal;\">\u00a0\u00a0\u00a0\u00a0\u00a0 <\/span><span style=\"line-height: 115%; font-family: 'Calibri','sans-serif';\">uczestnicz\u0105cych aktywnie i w spos\u00f3b odpowiedzialny,<\/span><\/span><\/p>\n<p style=\"margin: 0cm 0cm 0.0001pt 4pt; text-indent: 0cm; line-height: 115%; background: none repeat scroll 0% 0% transparent;\" class=\"Teksttreci0\"><span style=\"color: #993300; font-size: 10pt;\">&#8211;<span style=\"font-family: 'Times New Roman'; font-style: normal; font-variant: normal; font-weight: normal; line-height: normal; font-size-adjust: none; font-stretch: normal; -moz-font-feature-settings: normal; -moz-font-language-override: normal;\">\u00a0\u00a0\u00a0\u00a0 <\/span><span style=\"line-height: 115%; font-family: 'Calibri','sans-serif';\">zaj\u0119tych bardziej w\u0142asnymi modlitwami ni\u017c Msz\u0105 \u015bwi\u0119t\u0105.<\/span><\/span><\/p>\n<p style=\"margin: 0cm 0cm 0.0001pt 4pt; text-indent: 0cm; line-height: 115%; background: none repeat scroll 0% 0% transparent;\" class=\"Teksttreci0\"><span style=\"font-size: 10pt; line-height: 115%; font-family: 'Calibri','sans-serif'; color: #993300;\">\u00a0<\/span><\/p>\n<p style=\"margin: 0cm 0cm 0.0001pt 4pt; text-indent: 0cm; line-height: 115%; background: none repeat scroll 0% 0% transparent;\" class=\"Teksttreci0\"><span style=\"color: #993300; font-size: 10pt;\"><b><span style=\"line-height: 115%; font-family: 'Calibri','sans-serif';\">2. <\/span><\/b><b><span style=\"line-height: 115%; font-family: 'Calibri','sans-serif';\">Z jakich g\u0142\u00f3wnie pobudek, wed\u0142ug Ciebie, ludzie przychodz\u0105 na niedzieln\u0105 Msz\u0119 \u015bwi\u0119t\u0105?<\/span><\/b><\/span><\/p>\n<p style=\"margin: 0cm 0cm 0.0001pt 4pt; text-indent: 0cm; line-height: 115%; background: none repeat scroll 0% 0% transparent;\" class=\"Teksttreci0\"><span style=\"color: #993300; font-size: 10pt;\">&#8211;<span style=\"font-family: 'Times New Roman'; font-style: normal; font-variant: normal; font-weight: normal; line-height: normal; font-size-adjust: none; font-stretch: normal; -moz-font-feature-settings: normal; -moz-font-language-override: normal;\">\u00a0\u00a0\u00a0\u00a0\u00a0 <\/span><span style=\"line-height: 115%; font-family: 'Calibri','sans-serif';\">bo uwa\u017caj\u0105 to za obowi\u0105zek do spe\u0142nienia,<\/span><\/span><\/p>\n<p style=\"margin: 0cm 0cm 0.0001pt 4pt; text-indent: 0cm; line-height: 115%; background: none repeat scroll 0% 0% transparent;\" class=\"Teksttreci0\"><span style=\"color: #993300; font-size: 10pt;\">&#8211;<span style=\"font-family: 'Times New Roman'; font-style: normal; font-variant: normal; font-weight: normal; line-height: normal; font-size-adjust: none; font-stretch: normal; -moz-font-feature-settings: normal; -moz-font-language-override: normal;\">\u00a0\u00a0\u00a0\u00a0\u00a0 <\/span><span style=\"line-height: 115%; font-family: 'Calibri','sans-serif';\">bo nale\u017cy to do zwyczaju,<\/span><\/span><\/p>\n<p style=\"margin: 0cm 0cm 0.0001pt 4pt; text-indent: 0cm; line-height: 115%; background: none repeat scroll 0% 0% transparent;\" class=\"Teksttreci0\"><span style=\"color: #993300; font-size: 10pt;\">&#8211;<span style=\"font-family: 'Times New Roman'; font-style: normal; font-variant: normal; font-weight: normal; line-height: normal; font-size-adjust: none; font-stretch: normal; -moz-font-feature-settings: normal; -moz-font-language-override: normal;\">\u00a0\u00a0\u00a0\u00a0 <\/span><span style=\"line-height: 115%; font-family: 'Calibri','sans-serif';\">\u017ceby wzrasta\u0107 w wierze,<\/span><\/span><\/p>\n<p style=\"margin: 0cm 0cm 0.0001pt 4pt; line-height: 115%; background: none repeat scroll 0% 0% transparent;\" class=\"Teksttreci0\"><span style=\"font-size: 10pt; line-height: 115%; font-family: 'Calibri','sans-serif'; color: #993300;\">&#8211;\u00a0\u00a0 \u017ceby zaskarbi\u0107 sobie \u0142askawo\u015b\u0107 Boga,<\/span><\/p>\n<p style=\"margin: 0cm 0cm 0.0001pt 4pt; text-indent: 0cm; line-height: 115%; background: none repeat scroll 0% 0% transparent;\" class=\"Teksttreci0\"><span style=\"color: #993300; font-size: 10pt;\">&#8211;<span style=\"font-family: 'Times New Roman'; font-style: normal; font-variant: normal; font-weight: normal; line-height: normal; font-size-adjust: none; font-stretch: normal; -moz-font-feature-settings: normal; -moz-font-language-override: normal;\">\u00a0\u00a0\u00a0\u00a0 <\/span><span style=\"line-height: 115%; font-family: 'Calibri','sans-serif';\">\u017ceby wys\u0142ucha\u0107 S\u0142owa Bo\u017cego i przyj\u0105\u0107 Komuni\u0119 \u015bwi\u0119t\u0105,<\/span><\/span><\/p>\n<p style=\"margin: 0cm 0cm 0.0001pt 4pt; line-height: 115%; background: none repeat scroll 0% 0% transparent;\" class=\"Teksttreci0\"><span style=\"font-size: 10pt; line-height: 115%; font-family: 'Calibri','sans-serif'; color: #993300;\">&#8211;\u00a0\u00a0 z innych pobudek&#8230;&#8230;&#8230;&#8230;&#8230;&#8230;&#8230;&#8230;&#8230;&#8230;&#8230;&#8230;&#8230;&#8230;&#8230;&#8230; <\/span><\/p>\n<p style=\"margin: 0cm 0cm 0.0001pt 4pt; line-height: 115%; background: none repeat scroll 0% 0% transparent;\" class=\"Teksttreci0\"><span style=\"font-size: 10pt; line-height: 115%; font-family: 'Calibri','sans-serif'; color: #993300;\">\u00a0<\/span><\/p>\n<p style=\"margin: 0cm 29pt 0.0001pt 4pt; text-align: left; line-height: 115%; background: none repeat scroll 0% 0% transparent;\" class=\"Teksttreci0\" align=\"left\"><span style=\"color: #993300; font-size: 10pt;\"><b><span style=\"line-height: 115%; font-family: 'Calibri','sans-serif';\">3. Jak czujesz si\u0119, wchodz\u0105c do ko\u015bcio\u0142a na Msz\u0119 \u015bwi\u0119t\u0105?<\/span><\/b><\/span><\/p>\n<p style=\"margin: 0cm 29pt 0.0001pt 4pt; text-align: left; line-height: 115%; background: none repeat scroll 0% 0% transparent;\" class=\"Teksttreci0\" align=\"left\"><span style=\"font-size: 10pt; line-height: 115%; font-family: 'Calibri','sans-serif'; color: #993300;\">&#8211; swobodnie, jak w swoim domu, <\/span><\/p>\n<p style=\"margin: 0cm 29pt 0.0001pt 4pt; text-align: left; line-height: 115%; background: none repeat scroll 0% 0% transparent;\" class=\"Teksttreci0\" align=\"left\"><span style=\"font-size: 10pt; line-height: 115%; font-family: 'Calibri','sans-serif'; color: #993300;\">&#8211; obco, jak w czym\u015b domu.<\/span><\/p>\n<p style=\"margin: 0cm 29pt 0.0001pt 4pt; text-align: left; line-height: 115%; background: none repeat scroll 0% 0% transparent;\" class=\"Teksttreci0\" align=\"left\"><span style=\"font-size: 10pt; line-height: 115%; font-family: 'Calibri','sans-serif'; color: #993300;\">\u00a0<\/span><\/p>\n<p style=\"margin-top: 0cm; margin-right: 0cm; margin-bottom: 0.0001pt; text-align: left; line-height: 115%; background: none repeat scroll 0% 0% transparent;\" class=\"Teksttreci0\" align=\"left\"><span style=\"color: #993300; font-size: 10pt;\"><b><span style=\"line-height: 115%; font-family: 'Calibri','sans-serif';\">4. <\/span><\/b><b><span style=\"line-height: 115%; font-family: 'Calibri','sans-serif';\">Jak jest czytane podczas Mszy \u015bwi\u0119tej s\u0142owo Bo\u017ce?<\/span><\/b><\/span><\/p>\n<p style=\"margin-top: 0cm; margin-right: 0cm; margin-bottom: 0.0001pt; text-align: left; line-height: 115%; background: none repeat scroll 0% 0% transparent;\" class=\"Teksttreci0\" align=\"left\"><span style=\"font-size: 10pt; line-height: 115%; font-family: 'Calibri','sans-serif'; color: #993300;\">&#8211; dobrze, w spos\u00f3b wyra\u017any i zrozumia\u0142y,<\/span><\/p>\n<p style=\"margin-top: 0cm; margin-right: 0cm; margin-bottom: 0.0001pt; text-align: left; line-height: 115%; background: none repeat scroll 0% 0% transparent;\" class=\"Teksttreci0\" align=\"left\"><span style=\"font-size: 10pt; line-height: 115%; font-family: 'Calibri','sans-serif'; color: #993300;\">&#8211; \u017ale, w spos\u00f3b niewyra\u017any i niezrozumia\u0142y.<\/span><\/p>\n<p style=\"margin-top: 0cm; margin-right: 0cm; margin-bottom: 0.0001pt; text-align: left; line-height: 115%; background: none repeat scroll 0% 0% transparent;\" class=\"Teksttreci0\" align=\"left\"><span style=\"font-size: 10pt; line-height: 115%; font-family: 'Calibri','sans-serif'; color: #993300;\">\u00a0<\/span><\/p>\n<p style=\"margin: 0cm 2pt 0.0001pt 5pt; text-align: left; text-indent: -3.8pt; line-height: 115%; background: none repeat scroll 0% 0% transparent;\" class=\"Teksttreci0\" align=\"left\"><span style=\"color: #993300; font-size: 10pt;\"><b><span style=\"line-height: 115%; font-family: 'Calibri','sans-serif';\">5. Czy homilie, kt\u00f3rych s\u0142uchasz w naszej parafii pobudzaj\u0105 i inspiruj\u0105?<\/span><\/b><\/span><\/p>\n<p style=\"margin: 0cm 2pt 0.0001pt 5pt; text-align: left; text-indent: -3.8pt; line-height: 115%; background: none repeat scroll 0% 0% transparent;\" class=\"Teksttreci0\" align=\"left\"><span style=\"font-size: 10pt; line-height: 115%; font-family: 'Calibri','sans-serif'; color: #993300;\">&#8211; tak, <\/span><\/p>\n<p style=\"margin: 0cm 2pt 0.0001pt 5pt; text-align: left; text-indent: -3.8pt; line-height: 115%; background: none repeat scroll 0% 0% transparent;\" class=\"Teksttreci0\" align=\"left\"><span style=\"font-size: 10pt; line-height: 115%; font-family: 'Calibri','sans-serif'; color: #993300;\">&#8211; nie.<\/span><\/p>\n<p style=\"margin: 0cm 2pt 0.0001pt 5pt; text-align: left; text-indent: -3.8pt; line-height: 115%; background: none repeat scroll 0% 0% transparent;\" class=\"Teksttreci0\" align=\"left\"><span style=\"font-size: 10pt; line-height: 115%; font-family: 'Calibri','sans-serif'; color: #993300;\">\u00a0<\/span><\/p>\n<p style=\"margin: 0cm 2pt 0.0001pt 5pt; text-align: left; text-indent: -3.8pt; line-height: 115%; background: none repeat scroll 0% 0% transparent;\" class=\"Teksttreci0\" align=\"left\"><span style=\"color: #993300; font-size: 10pt;\"><b><span style=\"line-height: 115%; font-family: 'Calibri','sans-serif';\">6. Je\u015bli s\u0142ysza\u0142e\u015b wprowadzenia do czyta\u0144, to jak je odebra\u0142e\u015b (-\u0142a\u015b)?<\/span><\/b><\/span><\/p>\n<p style=\"margin-top: 0cm; margin-right: 0cm; margin-bottom: 0.5pt; text-align: left; text-indent: -3.8pt; line-height: 115%; background: none repeat scroll 0% 0% transparent;\" class=\"Teksttreci0\" align=\"left\"><span style=\"font-size: 10pt; line-height: 115%; font-family: 'Calibri','sans-serif'; color: #993300;\">&#8211; jako zbyteczne powt\u00f3rzenia,<\/span><\/p>\n<p style=\"margin-top: 0cm; margin-right: 2pt; margin-bottom: 0.0001pt; text-align: left; text-indent: -3.8pt; line-height: 115%; background: none repeat scroll 0% 0% transparent;\" class=\"Teksttreci0\" align=\"left\"><span style=\"font-size: 10pt; line-height: 115%; font-family: 'Calibri','sans-serif'; color: #993300;\">&#8211; jako interesuj\u0105ce dla lepszego zrozumienia ca\u0142ej Mszy \u015bwi\u0119tej,<\/span><\/p>\n<p style=\"margin-top: 0cm; margin-right: 2pt; margin-bottom: 0.0001pt; text-align: left; text-indent: -3.8pt; line-height: 115%; background: none repeat scroll 0% 0% transparent;\" class=\"Teksttreci0\" align=\"left\"><span style=\"font-size: 10pt; line-height: 115%; font-family: 'Calibri','sans-serif'; color: #993300;\">&#8211; nigdy nie s\u0142ysza\u0142em.\u00a0\u00a0 <\/span><\/p>\n<p style=\"margin-top: 0cm; margin-right: 2pt; margin-bottom: 0.0001pt; text-align: left; text-indent: -3.8pt; line-height: 115%; background: none repeat scroll 0% 0% transparent;\" class=\"Teksttreci0\" align=\"left\"><span style=\"font-size: 10pt; line-height: 115%; font-family: 'Calibri','sans-serif'; color: #993300;\">\u00a0<\/span><\/p>\n<p style=\"margin: 0cm 0cm 0.0001pt 5pt; text-align: left; line-height: 115%; background: none repeat scroll 0% 0% transparent;\" class=\"Teksttreci0\" align=\"left\"><span style=\"color: #993300; font-size: 10pt;\"><b><span style=\"line-height: 115%; font-family: 'Calibri','sans-serif';\">7. Je\u015bli chodzi o pie\u015bni \u015bpiewane podczas Mszy \u015bwi\u0119tej: jak by\u0142y wykonywane?<\/span><\/b><\/span><\/p>\n<p style=\"margin: 0cm 0cm 0.0001pt 5pt; text-align: left; line-height: 115%; background: none repeat scroll 0% 0% transparent;\" class=\"Teksttreci0\" align=\"left\"><span style=\"font-size: 10pt; line-height: 115%; font-family: 'Calibri','sans-serif'; color: #993300;\">&#8211; dobrze,<\/span><\/p>\n<p style=\"margin: 0cm 0cm 0.0001pt 5pt; text-align: left; line-height: 115%; background: none repeat scroll 0% 0% transparent;\" class=\"Teksttreci0\" align=\"left\"><span style=\"font-size: 10pt; line-height: 115%; font-family: 'Calibri','sans-serif'; color: #993300;\">&#8211; \u017ale.<\/span><\/p>\n<p style=\"margin: 0cm 0cm 0.0001pt 5pt; text-align: left; line-height: 115%; background: none repeat scroll 0% 0% transparent;\" class=\"Teksttreci0\" align=\"left\"><span style=\"font-size: 10pt; line-height: 115%; font-family: 'Calibri','sans-serif'; color: #993300;\">\u00a0<\/span><\/p>\n<p style=\"margin: 0cm 0cm 0.0001pt 5pt; text-align: left; line-height: 115%; background: none repeat scroll 0% 0% transparent;\" class=\"Teksttreci0\" align=\"left\"><span style=\"color: #993300; font-size: 10pt;\"><b><span style=\"line-height: 115%; font-family: 'Calibri','sans-serif';\">8. Czy pie\u015bni by\u0142y odpowiednio dobrane do liturgii?<\/span><\/b><\/span><\/p>\n<p style=\"margin: 0cm 0cm 0.0001pt 5pt; text-align: left; line-height: 115%; background: none repeat scroll 0% 0% transparent;\" class=\"Teksttreci0\" align=\"left\"><span style=\"font-size: 10pt; line-height: 115%; font-family: 'Calibri','sans-serif'; color: #993300;\">&#8211; tak, <\/span><\/p>\n<p style=\"margin: 0cm 0cm 0.0001pt 5pt; text-align: left; line-height: 115%; background: none repeat scroll 0% 0% transparent;\" class=\"Teksttreci0\" align=\"left\"><span style=\"font-size: 10pt; line-height: 115%; font-family: 'Calibri','sans-serif'; color: #993300;\">&#8211; nie.<\/span><\/p>\n<p style=\"margin: 0cm 0cm 0.0001pt 5pt; text-align: left; line-height: 115%; background: none repeat scroll 0% 0% transparent;\" class=\"Teksttreci0\" align=\"left\"><span style=\"font-size: 10pt; line-height: 115%; font-family: 'Calibri','sans-serif'; color: #993300;\">\u00a0<\/span><\/p>\n<p style=\"margin: 0cm 0cm 0.0001pt 5pt; text-align: left; line-height: 115%; background: none repeat scroll 0% 0% transparent;\" class=\"Teksttreci0\" align=\"left\"><span style=\"color: #993300; font-size: 10pt;\"><b><span style=\"line-height: 115%; font-family: 'Calibri','sans-serif';\">9.\u00a0\u00a0 Podczas Mszy \u015bwi\u0119tej \u015bwieccy mog\u0105 czyta\u0107 Czytania i teksty katechez, s\u0142u\u017cy\u0107 przy o\u0142tarzu, prowadzi\u0107 \u015bpiew, o\u017cywia\u0107 w inny spos\u00f3b liturgi\u0119. Je\u015b\u00adli nie spe\u0142nia\u0142e\u015b \u017cadnej z tych czynno\u015bci, to z jakiego powodu? <\/span><\/b><span style=\"line-height: 115%; font-family: 'Calibri','sans-serif';\"><\/span><\/span><\/p>\n<p style=\"margin: 0cm 0cm 0.0001pt 23pt; text-indent: -3.8pt; line-height: 115%; background: none repeat scroll 0% 0% transparent;\" class=\"Teksttreci0\"><span style=\"font-size: 10pt; line-height: 115%; font-family: 'Calibri','sans-serif'; color: #993300;\">&#8211; bo nie czujesz si\u0119 przygotowany do tego,<\/span><\/p>\n<p style=\"margin: 0cm 0cm 0.0001pt 23pt; text-indent: -3.8pt; line-height: 115%; background: none repeat scroll 0% 0% transparent;\" class=\"Teksttreci0\"><span style=\"font-size: 10pt; line-height: 115%; font-family: 'Calibri','sans-serif'; color: #993300;\">&#8211; bo nie umiesz si\u0119 zg\u0142osi\u0107,<\/span><\/p>\n<p style=\"margin: 0cm 0cm 0.0001pt 23pt; text-indent: -3.8pt; line-height: 115%; background: none repeat scroll 0% 0% transparent;\" class=\"Teksttreci0\"><span style=\"font-size: 10pt; line-height: 115%; font-family: 'Calibri','sans-serif'; color: #993300;\">&#8211; bo s\u0105 inni, kt\u00f3rzy tym si\u0119 zajmuj\u0105,<\/span><\/p>\n<p style=\"margin: 0cm 0cm 0.0001pt 23pt; text-indent: -3.8pt; line-height: 115%; background: none repeat scroll 0% 0% transparent;\" class=\"Teksttreci0\"><span style=\"font-size: 10pt; line-height: 115%; font-family: 'Calibri','sans-serif'; color: #993300;\">&#8211; bo nie lubisz wyst\u0119powa\u0107 publicznie,<\/span><\/p>\n<p style=\"margin: 0cm 0cm 0.0001pt 23pt; text-indent: -3.8pt; line-height: 115%; background: none repeat scroll 0% 0% transparent;\" class=\"Teksttreci0\"><span style=\"font-size: 10pt; line-height: 115%; font-family: 'Calibri','sans-serif'; color: #993300;\">&#8211; bo s\u0105dzisz, \u017ce powinni to robi\u0107 ksi\u0119\u017ca,<\/span><\/p>\n<p style=\"margin: 0cm 0cm 0.0001pt 23pt; text-indent: -3.8pt; line-height: 115%; background: none repeat scroll 0% 0% transparent;\" class=\"Teksttreci0\"><span style=\"font-size: 10pt; line-height: 115%; font-family: 'Calibri','sans-serif'; color: #993300;\">&#8211; bo przeszkadza\u0142oby Ci to.<\/span><\/p>\n<p style=\"margin: 0cm 0cm 0.0001pt 23pt; text-indent: -3.8pt; line-height: 115%; background: none repeat scroll 0% 0% transparent;\" class=\"Teksttreci0\"><span style=\"font-size: 10pt; line-height: 115%; font-family: 'Calibri','sans-serif'; color: #993300;\">&#8211; \u2026\u2026\u2026\u2026\u2026\u2026\u2026\u2026\u2026\u2026\u2026\u2026\u2026\u2026\u2026\u2026\u2026\u2026\u2026\u2026\u2026\u2026\u2026\u2026\u2026\u2026\u2026\u2026\u2026\u2026\u2026\u2026\u2026\u2026\u2026..<\/span><\/p>\n<p style=\"margin: 0cm 0cm 0.0001pt 23pt; text-indent: -3.8pt; line-height: 115%; background: none repeat scroll 0% 0% transparent;\" class=\"Teksttreci0\"><span style=\"font-size: 10pt; line-height: 115%; font-family: 'Calibri','sans-serif'; color: #993300;\">\u00a0<\/span><\/p>\n<p style=\"margin: 0cm 2pt 0.0001pt 3.8pt; text-align: left; text-indent: -3.8pt; line-height: 115%; background: none repeat scroll 0% 0% transparent;\" class=\"Teksttreci0\" align=\"left\"><span style=\"color: #993300; font-size: 10pt;\"><b><span style=\"line-height: 115%; font-family: 'Calibri','sans-serif';\">10. Jak oceniasz wsp\u00f3\u0142udzia\u0142 \u015bwieckich w celebrowaniu Mszy \u015bwi\u0119tej?<\/span><\/b><\/span><\/p>\n<p style=\"margin: 0cm 2pt 0.0001pt 0cm; text-align: left; text-indent: -3.8pt; line-height: 115%; background: none repeat scroll 0% 0% transparent;\" class=\"Teksttreci0\" align=\"left\"><span style=\"font-size: 10pt; line-height: 115%; font-family: 'Calibri','sans-serif'; color: #993300;\">&#8211; jako s\u0142usznie uwydatniony i doceniony, <\/span><\/p>\n<p style=\"margin: 0cm 2pt 0.0001pt 0cm; text-align: left; text-indent: -3.8pt; line-height: 115%; background: none repeat scroll 0% 0% transparent;\" class=\"Teksttreci0\" align=\"left\"><span style=\"font-size: 10pt; line-height: 115%; font-family: 'Calibri','sans-serif'; color: #993300;\">&#8211; jako pomini\u0119ty i niemaj\u0105cy znaczenia.<\/span><\/p>\n<p style=\"margin: 0cm 2pt 0.0001pt 0cm; text-align: left; text-indent: -3.8pt; line-height: 115%; background: none repeat scroll 0% 0% transparent;\" class=\"Teksttreci0\" align=\"left\"><span style=\"font-size: 10pt; line-height: 115%; font-family: 'Calibri','sans-serif'; color: #993300;\">\u00a0<\/span><\/p>\n<p style=\"margin: 0cm 1pt 0.0001pt 0cm; line-height: 115%; background: none repeat scroll 0% 0% transparent;\" class=\"Teksttreci0\"><span style=\"color: #993300; font-size: 10pt;\"><b><span style=\"line-height: 115%; font-family: 'Calibri','sans-serif';\">11. Czy jest Ci wszystko jedno, gdzie uczestniczysz w niedzielnej Mszy \u015bwi\u0119tej<\/span><\/b><\/span><\/p>\n<p style=\"margin: 0cm 1pt 0.0001pt 15pt; line-height: 115%; background: none repeat scroll 0% 0% transparent;\" class=\"Teksttreci0\"><span style=\"font-size: 10pt; line-height: 115%; font-family: 'Calibri','sans-serif'; color: #993300;\"> <b>\u2014 w swojej Parafii czy w innym ko\u015bciele?<\/b><\/span><\/p>\n<p style=\"margin: 0cm 1pt 0.0001pt 15pt; line-height: 115%; background: none repeat scroll 0% 0% transparent;\" class=\"Teksttreci0\"><span style=\"font-size: 10pt; line-height: 115%; font-family: 'Calibri','sans-serif'; color: #993300;\">&#8211; tak, jest mi wszystko jedno,<\/span><\/p>\n<p style=\"margin: 0cm 1pt 0.0001pt 15pt; line-height: 115%; background: none repeat scroll 0% 0% transparent;\" class=\"Teksttreci0\"><span style=\"font-size: 10pt; line-height: 115%; font-family: 'Calibri','sans-serif'; color: #993300;\">&#8211; nie, preferuj\u0119 udzia\u0142 w swojej parafii. <\/span><\/p>\n<p style=\"margin: 0cm 1pt 0.0001pt 15pt; line-height: 115%; background: none repeat scroll 0% 0% transparent;\" class=\"Teksttreci0\"><span style=\"font-size: 10pt; line-height: 115%; font-family: 'Calibri','sans-serif'; color: #993300;\">\u00a0<\/span><\/p>\n<p style=\"margin: 0cm 1pt 0.0001pt 0cm; line-height: 115%; background: none repeat scroll 0% 0% transparent;\" class=\"Teksttreci0\"><span style=\"color: #993300; font-size: 10pt;\"><b><span style=\"line-height: 115%; font-family: 'Calibri','sans-serif';\">12. Czy interesuj\u0105 Ciebie katechezy, kt\u00f3re s\u0105 odczytywane przed Msz\u0105 \u015bw. w niedziel\u0119?<\/span><\/b><\/span><\/p>\n<p style=\"margin: 0cm 1pt 0.0001pt 0cm; line-height: 115%; background: none repeat scroll 0% 0% transparent;\" class=\"Teksttreci0\"><span style=\"font-size: 10pt; line-height: 115%; font-family: 'Calibri','sans-serif'; color: #993300;\">&#8211; tak, <\/span><\/p>\n<p style=\"margin: 0cm 1pt 0.0001pt 0cm; line-height: 115%; background: none repeat scroll 0% 0% transparent;\" class=\"Teksttreci0\"><span style=\"font-size: 10pt; line-height: 115%; font-family: 'Calibri','sans-serif'; color: #993300;\">&#8211; nie,<\/span><\/p>\n<p style=\"margin: 0cm 1pt 0.0001pt 0cm; line-height: 115%; background: none repeat scroll 0% 0% transparent;\" class=\"Teksttreci0\"><span style=\"font-size: 10pt; line-height: 115%; font-family: 'Calibri','sans-serif'; color: #993300;\">&#8211; \u2026\u2026\u2026\u2026\u2026\u2026\u2026\u2026\u2026\u2026\u2026\u2026\u2026\u2026\u2026\u2026\u2026\u2026\u2026\u2026\u2026\u2026\u2026\u2026\u2026\u2026\u2026\u2026\u2026\u2026\u2026.<\/span><\/p>\n<p style=\"margin: 0cm 1pt 0.0001pt 0cm; line-height: 115%; background: none repeat scroll 0% 0% transparent;\" class=\"Teksttreci0\"><span style=\"font-size: 10pt; line-height: 115%; font-family: 'Calibri','sans-serif'; color: #993300;\">\u00a0<\/span><\/p>\n<p style=\"margin: 0cm 1pt 0.0001pt 0cm; line-height: 115%; background: none repeat scroll 0% 0% transparent;\" class=\"Teksttreci0\"><span style=\"color: #993300; font-size: 10pt;\"><b><span style=\"line-height: 115%; font-family: 'Calibri','sans-serif';\">13. Czy zachowanie d\u0142u\u017cszej chwili ciszy po homilii i po Komunii \u015aw. pomaga Ci w lepszym prze\u017cywaniu Eucharystii?<\/span><\/b><\/span><\/p>\n<p style=\"margin: 0cm 1pt 0.0001pt 0cm; line-height: 115%; background: none repeat scroll 0% 0% transparent;\" class=\"Teksttreci0\"><span style=\"font-size: 10pt; line-height: 115%; font-family: 'Calibri','sans-serif'; color: #993300;\">&#8211; tak, <\/span><\/p>\n<p style=\"margin: 0cm 1pt 0.0001pt 0cm; line-height: 115%; background: none repeat scroll 0% 0% transparent;\" class=\"Teksttreci0\"><span style=\"font-size: 10pt; line-height: 115%; font-family: 'Calibri','sans-serif'; color: #993300;\">&#8211; nie,<\/span><\/p>\n<p style=\"margin: 0cm 1pt 0.0001pt 0cm; line-height: 115%; background: none repeat scroll 0% 0% transparent;\" class=\"Teksttreci0\"><span style=\"font-size: 10pt; line-height: 115%; font-family: 'Calibri','sans-serif'; color: #993300;\">\u2026\u2026\u2026\u2026\u2026\u2026\u2026\u2026\u2026\u2026\u2026\u2026\u2026\u2026\u2026\u2026\u2026\u2026\u2026\u2026\u2026\u2026\u2026\u2026\u2026\u2026\u2026\u2026\u2026\u2026\u2026\u2026 <\/span><\/p>\n<p style=\"margin: 0cm 1pt 0.0001pt 0cm; line-height: 115%; background: none repeat scroll 0% 0% transparent;\" class=\"Teksttreci0\"><span style=\"font-size: 10pt; line-height: 115%; font-family: 'Calibri','sans-serif'; color: #993300;\">\u00a0<\/span><\/p>\n<p style=\"margin: 0cm 1pt 0.0001pt 0cm; line-height: 115%; background: none repeat scroll 0% 0% transparent;\" class=\"Teksttreci0\"><span style=\"color: #993300; font-size: 10pt;\"><b><span style=\"line-height: 115%; font-family: 'Calibri','sans-serif';\">14. Na kt\u00f3r\u0105 Msz\u0119 \u015bw. zazwyczaj przychodzisz w niedziel\u0119? Godz&#8230;&#8230;&#8230;&#8230;&#8230;&#8230;&#8230;..<\/span><\/b><\/span><\/p>\n","protected":false},"excerpt":{"rendered":"<p>Gdynia, 2013-11-16 Drodzy Parafianie \u00a0\u00a0\u00a0\u00a0\u00a0\u00a0\u00a0\u00a0 Ko\u0144czy si\u0119 Rok Wiary i niekt\u00f3rzy publicy\u015bci katoliccy analizuj\u0105c to, co si\u0119 w nim wydarzy\u0142o, powtarzaj\u0105 za polskimi kibicami: \u201e Polacy nic si\u0119 nie sta\u0142o\u201d. Jestem przekonany, \u017ce nie zawsze i nie wsz\u0119dzie to smutne stwierdzenie jest prawdziwe. W \u017cyciu wielu ludzi wiara w minionym roku duszpasterskim by\u0142a wydarzeniem. Poniewa\u017c [&hellip;]<\/p>\n","protected":false},"author":4,"featured_media":0,"comment_status":"closed","ping_status":"closed","sticky":false,"template":"","format":"standard","meta":{"footnotes":""},"categories":[11],"tags":[],"publishpress_future_action":{"enabled":false,"date":"1970-01-01 01:00:00","action":"","terms":[],"taxonomy":"","browser_timezone_offset":0},"_links":{"self":[{"href":"https:\/\/swmikolaj.org\/index.php\/wp-json\/wp\/v2\/posts\/1630"}],"collection":[{"href":"https:\/\/swmikolaj.org\/index.php\/wp-json\/wp\/v2\/posts"}],"about":[{"href":"https:\/\/swmikolaj.org\/index.php\/wp-json\/wp\/v2\/types\/post"}],"author":[{"embeddable":true,"href":"https:\/\/swmikolaj.org\/index.php\/wp-json\/wp\/v2\/users\/4"}],"replies":[{"embeddable":true,"href":"https:\/\/swmikolaj.org\/index.php\/wp-json\/wp\/v2\/comments?post=1630"}],"version-history":[{"count":1,"href":"https:\/\/swmikolaj.org\/index.php\/wp-json\/wp\/v2\/posts\/1630\/revisions"}],"predecessor-version":[{"id":2414,"href":"https:\/\/swmikolaj.org\/index.php\/wp-json\/wp\/v2\/posts\/1630\/revisions\/2414"}],"wp:attachment":[{"href":"https:\/\/swmikolaj.org\/index.php\/wp-json\/wp\/v2\/media?parent=1630"}],"wp:term":[{"taxonomy":"category","embeddable":true,"href":"https:\/\/swmikolaj.org\/index.php\/wp-json\/wp\/v2\/categories?post=1630"},{"taxonomy":"post_tag","embeddable":true,"href":"https:\/\/swmikolaj.org\/index.php\/wp-json\/wp\/v2\/tags?post=1630"}],"curies":[{"name":"wp","href":"https:\/\/api.w.org\/{rel}","templated":true}]}}