{"id":162651,"date":"2024-07-19T13:24:47","date_gmt":"2024-07-19T12:24:47","guid":{"rendered":"https:\/\/swmikolaj.org\/?p=162651"},"modified":"2024-07-20T09:17:28","modified_gmt":"2024-07-20T08:17:28","slug":"ogloszenia-duszpasterskie-21-07-2024r","status":"publish","type":"post","link":"https:\/\/swmikolaj.org\/index.php\/2024\/07\/19\/ogloszenia-duszpasterskie-21-07-2024r\/","title":{"rendered":"Og\u0142oszenia Duszpasterskie, 21.07.2024r."},"content":{"rendered":"<p style=\"text-align: justify;\"><span style=\"font-size: 18pt;\"><strong>1.<\/strong> <\/span>IV Dzie\u0144 Dziadk\u00f3w i Os\u00f3b Starszych, ustanowiony przez papie\u017ca Franciszka, obchodzi\u0107 b\u0119dziemy w niedziel\u0119, 28 lipca, st\u0105d zapraszamy wszystkich senior\u00f3w na Msz\u0119 \u015awi\u0119t\u0105 w ich intencji o godz. 10:00.<\/p>\n\n\n<!--more-->\n\n\n<p style=\"text-align: justify;\"><span style=\"font-size: 18pt;\"><strong>2.<\/strong> <\/span>Liturgiczne wspomnienie \u015bw. Jakuba i Krzysztofa obchodzi\u0107 b\u0119dziemy we czwartek, 25 lipca. Zapraszamy na modlitw\u0119 o bezpiecze\u0144stwo na drogach podczas Mszy \u015bwi\u0119tej wieczornej. Po Mszy wieczornej po\u015bwi\u0119cenie samochod\u00f3w, motocykli i rower\u00f3w i modlitwa za kierowc\u00f3w i wszystkich u\u017cytkownik\u00f3w ruchu.<\/p>\n<p><strong><span style=\"font-size: 18pt;\">3.<\/span> <\/strong>Serdecznie zapraszamy na adoracj\u0119 w ciszy w dolnym ko\u015bciele od poniedzia\u0142ku do soboty od 8:40 do 18:15. Jedynym momentem wsp\u00f3lnej, g\u0142o\u015bnej modlitwy jest Koronka do Mi\u0142osierdzia Bo\u017cego o 15:00.<\/p>\n<p><span style=\"font-size: 18pt;\"><strong>4.<\/strong><\/span> Od jesieni rozpocznie si\u0119 przygotowanie: <br \/>* dla kandydat\u00f3w na nadzwyczajnych szafarzy Komunii \u015awi\u0119tej (od 25 roku \u017cycia), <br \/>* dla \u017conatych lub samotnych m\u0119\u017cczyzn, kt\u00f3rzy chcieliby zosta\u0107 diakonami sta\u0142ymi, <br \/>* dla katechist\u00f3w, czyli kobiet i m\u0119\u017cczyzn kt\u00f3rzy chcieliby animowa\u0107 \u017cycie parafialne w r\u00f3\u017cnych jego obszarach, <br \/>* oraz dla tych, kt\u00f3rzy chcieliby podj\u0105\u0107 studnia teologiczne magisterskie lub <br \/>2- letnie podyplomowe. <br \/>Wszystkie powy\u017csze zaj\u0119cia odbywa\u0107 si\u0119 b\u0119d\u0105 w Gdyni, w budynkach przy ko\u015bciele Naj\u015bwi\u0119tszego Serca Jezusa. Zainteresowanych prosimy o kontakt <br \/>z ks. Jackiem lub biurem parafialnym.<\/p>\n<p style=\"text-align: justify;\"><span style=\"font-size: 18pt;\"><strong>5.<\/strong> <\/span>Biuro parafialne dzia\u0142a w lipcu w zwyczajnych godzinach pracy natomiast w sierpniu jedynie w godzinach od 9:15 do 10:15.<\/p>\n<p style=\"text-align: justify;\"><span style=\"font-size: 18pt;\"><strong>6.<\/strong> <\/span>Jeste\u015bmy zobowi\u0105zani do zlikwidowania kornik\u00f3w i zabezpieczania przed nimi ca\u0142ego poddasza starej cz\u0119\u015bci ko\u015bcio\u0142a. Jest to du\u017ca powierzchnia, ok. 800 m2, kt\u00f3ra zostanie pokryta Xilix gelem. Te prace kosztowa\u0107 b\u0119d\u0105 blisko 50 ty\u015b. z\u0142. Zbi\u00f3rka na ten cel odb\u0119dzie si\u0119 w dwie niedziele: 28 lipca i 18 sierpnia. Mo\u017cna te\u017c wp\u0142aca\u0107 swoje ofiary na konto parafii.<\/p>","protected":false},"excerpt":{"rendered":"<p>1. IV Dzie\u0144 Dziadk\u00f3w i Os\u00f3b Starszych, ustanowiony przez papie\u017ca Franciszka, obchodzi\u0107 b\u0119dziemy w niedziel\u0119, 28 lipca, st\u0105d zapraszamy wszystkich senior\u00f3w na Msz\u0119 \u015awi\u0119t\u0105 w ich intencji o godz. 10:00.<\/p>\n","protected":false},"author":6,"featured_media":0,"comment_status":"closed","ping_status":"closed","sticky":false,"template":"","format":"standard","meta":{"footnotes":""},"categories":[8,12],"tags":[],"publishpress_future_action":{"enabled":false,"date":"1970-01-01 01:00:00","action":"","terms":[],"taxonomy":"","browser_timezone_offset":0},"_links":{"self":[{"href":"https:\/\/swmikolaj.org\/index.php\/wp-json\/wp\/v2\/posts\/162651"}],"collection":[{"href":"https:\/\/swmikolaj.org\/index.php\/wp-json\/wp\/v2\/posts"}],"about":[{"href":"https:\/\/swmikolaj.org\/index.php\/wp-json\/wp\/v2\/types\/post"}],"author":[{"embeddable":true,"href":"https:\/\/swmikolaj.org\/index.php\/wp-json\/wp\/v2\/users\/6"}],"replies":[{"embeddable":true,"href":"https:\/\/swmikolaj.org\/index.php\/wp-json\/wp\/v2\/comments?post=162651"}],"version-history":[{"count":2,"href":"https:\/\/swmikolaj.org\/index.php\/wp-json\/wp\/v2\/posts\/162651\/revisions"}],"predecessor-version":[{"id":162740,"href":"https:\/\/swmikolaj.org\/index.php\/wp-json\/wp\/v2\/posts\/162651\/revisions\/162740"}],"wp:attachment":[{"href":"https:\/\/swmikolaj.org\/index.php\/wp-json\/wp\/v2\/media?parent=162651"}],"wp:term":[{"taxonomy":"category","embeddable":true,"href":"https:\/\/swmikolaj.org\/index.php\/wp-json\/wp\/v2\/categories?post=162651"},{"taxonomy":"post_tag","embeddable":true,"href":"https:\/\/swmikolaj.org\/index.php\/wp-json\/wp\/v2\/tags?post=162651"}],"curies":[{"name":"wp","href":"https:\/\/api.w.org\/{rel}","templated":true}]}}