{"id":162015,"date":"2024-07-15T10:40:46","date_gmt":"2024-07-15T09:40:46","guid":{"rendered":"https:\/\/swmikolaj.org\/?p=162015"},"modified":"2024-07-15T10:40:48","modified_gmt":"2024-07-15T09:40:48","slug":"zyczenia-parafian-po-mszy-jubileuszowej-ksiedza-pralata-ludwika-grochowiny","status":"publish","type":"post","link":"https:\/\/swmikolaj.org\/index.php\/2024\/07\/15\/zyczenia-parafian-po-mszy-jubileuszowej-ksiedza-pralata-ludwika-grochowiny\/","title":{"rendered":"\u017byczenia Parafian po Mszy Jubileuszowej Ksi\u0119dza Pra\u0142ata Ludwika Grochowiny"},"content":{"rendered":"\n<figure class=\"wp-block-embed is-type-video is-provider-tiktok wp-block-embed-tiktok\"><div class=\"wp-block-embed__wrapper\">\n<blockquote class=\"tiktok-embed\" cite=\"https:\/\/www.tiktok.com\/@glos_mikolaja\/video\/7391527684590898465\" data-video-id=\"7391527684590898465\" data-embed-from=\"oembed\" style=\"max-width:605px; min-width:325px;\"> <section> <a target=\"_blank\" title=\"@glos_mikolaja\" href=\"https:\/\/www.tiktok.com\/@glos_mikolaja?refer=embed\">@glos_mikolaja<\/a> <p>Pi\u0119kne chwile, pi\u0119kne \u017cyczenia, bo i pi\u0119kny cz\u0142owiek&#8230; Dzi\u0119kujemy Bogu za dar Twojego \u017cycia i kap\u0142a\u0144skiej pos\u0142ugi w naszej &#8222;Miko\u0142ajowej&#8221; parafii, Ksi\u0119\u017ce Ludwiku, Ksi\u0119\u017ce od u\u015bmiechu, Ksi\u0119\u017ce od cukierk\u00f3w, nasz Ojcze! \u2698\ufe0f\u2698\ufe0f\u2698\ufe0f <a title=\"dc\" target=\"_blank\" href=\"https:\/\/www.tiktok.com\/tag\/dc?refer=embed\">#dc<\/a> <a title=\"rocznica\" target=\"_blank\" href=\"https:\/\/www.tiktok.com\/tag\/rocznica?refer=embed\">#rocznica<\/a> <a title=\"zyczenia\" target=\"_blank\" href=\"https:\/\/www.tiktok.com\/tag\/zyczenia?refer=embed\">#zyczenia<\/a> <a title=\"wspomnienia\" target=\"_blank\" href=\"https:\/\/www.tiktok.com\/tag\/wspomnienia?refer=embed\">#wspomnienia<\/a> <a title=\"gratulacje\" target=\"_blank\" href=\"https:\/\/www.tiktok.com\/tag\/gratulacje?refer=embed\">#gratulacje<\/a> <\/p> <a target=\"_blank\" title=\"\u266c Zyczymy, zyczymy - We wish, we wish - Pope John Paul II\" href=\"https:\/\/www.tiktok.com\/music\/Zyczymy-zyczymy-We-wish-we-wish-5000000000527013818?refer=embed\">\u266c Zyczymy, zyczymy &#8211; We wish, we wish &#8211; Pope John Paul II<\/a> <\/section> <\/blockquote> <script async src=\"https:\/\/www.tiktok.com\/embed.js\"><\/script>\n<\/div><\/figure>\n","protected":false},"excerpt":{"rendered":"","protected":false},"author":3,"featured_media":0,"comment_status":"closed","ping_status":"closed","sticky":false,"template":"","format":"standard","meta":{"footnotes":""},"categories":[8],"tags":[],"publishpress_future_action":{"enabled":false,"date":"1970-01-01 01:00:00","action":"","terms":[],"taxonomy":"","browser_timezone_offset":0},"_links":{"self":[{"href":"https:\/\/swmikolaj.org\/index.php\/wp-json\/wp\/v2\/posts\/162015"}],"collection":[{"href":"https:\/\/swmikolaj.org\/index.php\/wp-json\/wp\/v2\/posts"}],"about":[{"href":"https:\/\/swmikolaj.org\/index.php\/wp-json\/wp\/v2\/types\/post"}],"author":[{"embeddable":true,"href":"https:\/\/swmikolaj.org\/index.php\/wp-json\/wp\/v2\/users\/3"}],"replies":[{"embeddable":true,"href":"https:\/\/swmikolaj.org\/index.php\/wp-json\/wp\/v2\/comments?post=162015"}],"version-history":[{"count":1,"href":"https:\/\/swmikolaj.org\/index.php\/wp-json\/wp\/v2\/posts\/162015\/revisions"}],"predecessor-version":[{"id":162017,"href":"https:\/\/swmikolaj.org\/index.php\/wp-json\/wp\/v2\/posts\/162015\/revisions\/162017"}],"wp:attachment":[{"href":"https:\/\/swmikolaj.org\/index.php\/wp-json\/wp\/v2\/media?parent=162015"}],"wp:term":[{"taxonomy":"category","embeddable":true,"href":"https:\/\/swmikolaj.org\/index.php\/wp-json\/wp\/v2\/categories?post=162015"},{"taxonomy":"post_tag","embeddable":true,"href":"https:\/\/swmikolaj.org\/index.php\/wp-json\/wp\/v2\/tags?post=162015"}],"curies":[{"name":"wp","href":"https:\/\/api.w.org\/{rel}","templated":true}]}}