{"id":1607,"date":"2020-03-15T00:00:00","date_gmt":"2020-03-15T00:00:00","guid":{"rendered":"http:\/\/nowa.swmikolaj.org\/?p=1607"},"modified":"2020-04-02T19:56:18","modified_gmt":"2020-04-02T19:56:18","slug":"chylonskiniedzielnyspacereucharystyczny","status":"publish","type":"post","link":"https:\/\/swmikolaj.org\/index.php\/2020\/03\/15\/chylonskiniedzielnyspacereucharystyczny\/","title":{"rendered":"Chylo\u0144ski, niedzielny spacer eucharystyczny"},"content":{"rendered":"<p style=\"margin-top: 6px; margin-bottom: 6px; font-family: system-ui, -apple-system, BlinkMacSystemFont, '.SFNSText-Regular', sans-serif; caret-color: #1c1e21; color: #1c1e21; font-size: 14.000000953674316px; text-align: justify;\"><span style=\"font-size: 12pt;\">\u00a0 \u00a0 \u00a0Dzisiaj przez prawie godzin\u0119 chodzi\u0142em z Naj\u015bwi\u0119tszym Sakramentem po ulicach parafii \u015bw. Miko\u0142aja i b\u0142ogos\u0142awi\u0142em ludzi. Ulice puste, nieliczni spacerowicze. Chcia\u0142em da\u0107 zna\u0107, \u017ce wymuszona przez sytuacj\u0119 izolacja, nie musi by\u0107 dla nas wi\u0119zieniem. Mo\u017cemy nadal stanowi\u0107 parafi\u0119, spo\u0142eczno\u015b\u0107, kt\u00f3ra o sobie pami\u0119ta. W spacerze nie chodzi\u0142o o to, by &#8222;da\u0107 zna\u0107&#8221; Bogu o naszej parafii i koronawirusie, ale by da\u0107 zna\u0107 parafianom o tym, \u017ce On jest Emmanuelem, a my wsp\u00f3lnot\u0105.<span class=\"text_exposed_show\" style=\"display: inline; font-family: inherit;\"><br \/>\u00a0 \u00a0 \u00a0Wraca mi my\u015bl kard. Wyszy\u0144skiego, kt\u00f3ry uwi\u0119ziony napisa\u0142 w &#8222;Zapiskach wi\u0119ziennych&#8221;: &#8222;To bardzo wiele dla cz\u0142owieka wiedzie\u0107, \u017ce B\u00f3g istnieje, ale to tak\u017ce bardzo niewiele&#8221;. Kiedy cz\u0142owiek jest uwi\u0119ziony nie wystarczy mu filozoficzna intuicja, i\u017c B\u00f3g istnieje, potrzebuje do\u015bwiadczenia, i\u017c B\u00f3g &#8222;jest tutaj, gdzie ja jestem&#8221;. Mam nadziej\u0119, \u017ce kilka os\u00f3b tak pomy\u015bla\u0142o, gdy zobaczy\u0142o nasz\u0105 niewielk\u0105, dwuosobow\u0105 procesj\u0119 eucharystyczn\u0105 pod oknem swojego domu.\u00a0Teraz dopiero zacznie si\u0119 pr\u00f3ba dla nas jako wsp\u00f3lnoty parafialnej. Pr\u00f3ba z okazywania solidarno\u015bci, pomocy, pami\u0119ci wzgl\u0119dem tych, kt\u00f3rzy s\u0105 w domach i prze\u017cywaj\u0105 l\u0119ki i obawy.\u00a0Potrzeba roztropno\u015bci, pos\u0142usze\u0144stwa wzgl\u0119dem zasad bezpiecze\u0144stwa, ale i kreatywno\u015bci.<\/span><\/span><\/p>\n<p>\u00a0<\/p>\n\n\n<div class=\"wp-block-image\"><figure class=\"aligncenter\"><img decoding=\"async\" loading=\"lazy\" width=\"1024\" height=\"768\" src=\"http:\/\/swmikolaj.org\/wp-content\/uploads\/2020\/04\/IMG_3849-preview-1024x768.jpg\" alt=\"\" class=\"wp-image-1870\" srcset=\"https:\/\/swmikolaj.org\/wp-content\/uploads\/2020\/04\/IMG_3849-preview-1024x768.jpg 1024w, https:\/\/swmikolaj.org\/wp-content\/uploads\/2020\/04\/IMG_3849-preview-300x225.jpg 300w, https:\/\/swmikolaj.org\/wp-content\/uploads\/2020\/04\/IMG_3849-preview-768x576.jpg 768w, https:\/\/swmikolaj.org\/wp-content\/uploads\/2020\/04\/IMG_3849-preview-676x507.jpg 676w\" sizes=\"(max-width: 1024px) 100vw, 1024px\" \/><\/figure><\/div>\n","protected":false},"excerpt":{"rendered":"<p>\u00a0 \u00a0 \u00a0Dzisiaj przez prawie godzin\u0119 chodzi\u0142em z Naj\u015bwi\u0119tszym Sakramentem po ulicach parafii \u015bw. Miko\u0142aja i b\u0142ogos\u0142awi\u0142em ludzi. Ulice puste, nieliczni spacerowicze. Chcia\u0142em da\u0107 zna\u0107, \u017ce wymuszona przez sytuacj\u0119 izolacja, nie musi by\u0107 dla nas wi\u0119zieniem. Mo\u017cemy nadal stanowi\u0107 parafi\u0119, spo\u0142eczno\u015b\u0107, kt\u00f3ra o sobie pami\u0119ta. W spacerze nie chodzi\u0142o o to, by &#8222;da\u0107 zna\u0107&#8221; Bogu [&hellip;]<\/p>\n","protected":false},"author":4,"featured_media":0,"comment_status":"closed","ping_status":"closed","sticky":false,"template":"","format":"standard","meta":{"footnotes":""},"categories":[9],"tags":[],"publishpress_future_action":{"enabled":false,"date":"1970-01-01 01:00:00","action":"","terms":[],"taxonomy":"","browser_timezone_offset":0},"_links":{"self":[{"href":"https:\/\/swmikolaj.org\/index.php\/wp-json\/wp\/v2\/posts\/1607"}],"collection":[{"href":"https:\/\/swmikolaj.org\/index.php\/wp-json\/wp\/v2\/posts"}],"about":[{"href":"https:\/\/swmikolaj.org\/index.php\/wp-json\/wp\/v2\/types\/post"}],"author":[{"embeddable":true,"href":"https:\/\/swmikolaj.org\/index.php\/wp-json\/wp\/v2\/users\/4"}],"replies":[{"embeddable":true,"href":"https:\/\/swmikolaj.org\/index.php\/wp-json\/wp\/v2\/comments?post=1607"}],"version-history":[{"count":1,"href":"https:\/\/swmikolaj.org\/index.php\/wp-json\/wp\/v2\/posts\/1607\/revisions"}],"predecessor-version":[{"id":1871,"href":"https:\/\/swmikolaj.org\/index.php\/wp-json\/wp\/v2\/posts\/1607\/revisions\/1871"}],"wp:attachment":[{"href":"https:\/\/swmikolaj.org\/index.php\/wp-json\/wp\/v2\/media?parent=1607"}],"wp:term":[{"taxonomy":"category","embeddable":true,"href":"https:\/\/swmikolaj.org\/index.php\/wp-json\/wp\/v2\/categories?post=1607"},{"taxonomy":"post_tag","embeddable":true,"href":"https:\/\/swmikolaj.org\/index.php\/wp-json\/wp\/v2\/tags?post=1607"}],"curies":[{"name":"wp","href":"https:\/\/api.w.org\/{rel}","templated":true}]}}