{"id":1604,"date":"2020-02-20T00:00:00","date_gmt":"2020-02-20T00:00:00","guid":{"rendered":"http:\/\/nowa.swmikolaj.org\/?p=1604"},"modified":"2020-04-02T19:56:18","modified_gmt":"2020-04-02T19:56:18","slug":"izrael-wiedzieckimjestesmy","status":"publish","type":"post","link":"https:\/\/swmikolaj.org\/index.php\/2020\/02\/20\/izrael-wiedzieckimjestesmy\/","title":{"rendered":"Izrael &#8211; wiedzie\u0107 kim jeste\u015bmy"},"content":{"rendered":"<p style=\"margin-top: 6px; margin-bottom: 6px; font-family: system-ui, -apple-system, BlinkMacSystemFont, '.SFNSText-Regular', sans-serif; caret-color: #1c1e21; color: #1c1e21; font-size: 14.000000953674316px;\">\u00a0 \u00a0 \u00a0 \u00a0 \u00a0<span style=\"font-size: 12pt;\">Jonathan Sacks, intelektualista, my\u015bliciel i by\u0142y naczelny rabin Wielkiej Brytanii, stwierdzi\u0142 w swoim b\u0142yskotliwym wyst\u0105pieniu podczas TED, \u017ce wtedy nie b\u0119dziemy si\u0119 ba\u0107 przysz\u0142o\u015bci, gdy b\u0119dziemy razem opowiada\u0107 sobie historie, kt\u00f3re m\u00f3wi\u0105 o tym kim jeste\u015bmy. To &#8222;razem&#8221; jest niezwykle wa\u017cne.<\/span><\/p>\n<p style=\"margin-top: 6px; margin-bottom: 6px; font-family: system-ui, -apple-system, BlinkMacSystemFont, '.SFNSText-Regular', sans-serif; caret-color: #1c1e21; color: #1c1e21; font-size: 14.000000953674316px; text-align: justify;\"><span style=\"font-size: 12pt;\"><span class=\"text_exposed_show\" style=\"display: inline; font-family: inherit;\">\u00a0 \u00a0 \u00a0Dzisiaj, podczas pielgrzymowania po Ziemi Swietej, prze\u017cyli\u015bmy odnowienie przyrzecze\u0144 chrzcielnych i wyznali\u015bmy razem wiar\u0119 w Boga. Takie do\u015bwiadczenia nas chrze\u015bcijan kszta\u0142tuj\u0105, Chrzest jest bowiem &#8222;opowiadaniem&#8221; o tym, kim jeste\u015bmy.<br \/>Odwiedzili\u015bmy r\u00f3wnie\u017c ruiny po twierdzy Masada. Dzisiaj w tym miejscu \u017bydzi opowiadaj\u0105 o swoich bohaterach i s\u0142uchanie tego opowiadania pomaga im odnajdywa\u0107 swoje &#8222;razem&#8221;.<br \/>\u00a0 \u00a0 \u00a0W Izraelu wida\u0107 jak ludzie si\u0119 bardzo r\u00f3\u017cni\u0105 i jak bardzo jest potrzebne to, by wiedzieli kim s\u0105, bo tylko wtedy, b\u0119d\u0105 gotowi bez l\u0119ku przyj\u0105\u0107 tego, kto jest inny. Ten, kto nie wie kim sam jest, b\u0119dzie si\u0119 ba\u0107 innych, upokorzenia i przysz\u0142o\u015bci.\u00a0<br \/>Jezus z Nazaretu us\u0142ysza\u0142 nad Jordanem kim jest dla Ojca i to &#8222;opowiadanie z Nieba&#8221; wyzwoli\u0142o Go z l\u0119ku przed upokorzeniem, trudn\u0105 przysz\u0142o\u015bci\u0105 i obcymi.<\/span><\/span><\/p>\n<div class=\"text_exposed_show\" style=\"display: inline; font-family: system-ui, -apple-system, BlinkMacSystemFont, '.SFNSText-Regular', sans-serif; caret-color: #1c1e21; color: #1c1e21; font-size: 14.000000953674316px;\">\n<p style=\"margin-top: 0px; margin-bottom: 6px; font-family: inherit;\"><a href=\"https:\/\/www.ted.com\/talks\/rabbi_lord_jonathan_sacks_how_we_can_face_the_future_without_fear_together?language=pl&amp;fbclid=IwAR1ajDDzI33mvqOvUZyqxWu5xsVplQyA6ZYokACAGtNexFVeVEM_dDPcme8#t-54465\">https:\/\/www.ted.com\/talks\/rabbi_lord<\/a><\/p>\n<\/div>\n\n\n<figure class=\"wp-block-image\"><img decoding=\"async\" loading=\"lazy\" width=\"1024\" height=\"768\" src=\"http:\/\/swmikolaj.org\/wp-content\/uploads\/2020\/04\/IMG_2395_2-1024x768.jpg\" alt=\"\" class=\"wp-image-1882\" srcset=\"https:\/\/swmikolaj.org\/wp-content\/uploads\/2020\/04\/IMG_2395_2-1024x768.jpg 1024w, https:\/\/swmikolaj.org\/wp-content\/uploads\/2020\/04\/IMG_2395_2-300x225.jpg 300w, https:\/\/swmikolaj.org\/wp-content\/uploads\/2020\/04\/IMG_2395_2-768x576.jpg 768w, https:\/\/swmikolaj.org\/wp-content\/uploads\/2020\/04\/IMG_2395_2-676x507.jpg 676w\" sizes=\"(max-width: 1024px) 100vw, 1024px\" \/><\/figure>\n","protected":false},"excerpt":{"rendered":"<p>\u00a0 \u00a0 \u00a0 \u00a0 \u00a0Jonathan Sacks, intelektualista, my\u015bliciel i by\u0142y naczelny rabin Wielkiej Brytanii, stwierdzi\u0142 w swoim b\u0142yskotliwym wyst\u0105pieniu podczas TED, \u017ce wtedy nie b\u0119dziemy si\u0119 ba\u0107 przysz\u0142o\u015bci, gdy b\u0119dziemy razem opowiada\u0107 sobie historie, kt\u00f3re m\u00f3wi\u0105 o tym kim jeste\u015bmy. To &#8222;razem&#8221; jest niezwykle wa\u017cne. \u00a0 \u00a0 \u00a0Dzisiaj, podczas pielgrzymowania po Ziemi Swietej, prze\u017cyli\u015bmy odnowienie [&hellip;]<\/p>\n","protected":false},"author":4,"featured_media":0,"comment_status":"closed","ping_status":"closed","sticky":false,"template":"","format":"standard","meta":{"footnotes":""},"categories":[9],"tags":[],"publishpress_future_action":{"enabled":false,"date":"1970-01-01 01:00:00","action":"","terms":[],"taxonomy":"","browser_timezone_offset":0},"_links":{"self":[{"href":"https:\/\/swmikolaj.org\/index.php\/wp-json\/wp\/v2\/posts\/1604"}],"collection":[{"href":"https:\/\/swmikolaj.org\/index.php\/wp-json\/wp\/v2\/posts"}],"about":[{"href":"https:\/\/swmikolaj.org\/index.php\/wp-json\/wp\/v2\/types\/post"}],"author":[{"embeddable":true,"href":"https:\/\/swmikolaj.org\/index.php\/wp-json\/wp\/v2\/users\/4"}],"replies":[{"embeddable":true,"href":"https:\/\/swmikolaj.org\/index.php\/wp-json\/wp\/v2\/comments?post=1604"}],"version-history":[{"count":3,"href":"https:\/\/swmikolaj.org\/index.php\/wp-json\/wp\/v2\/posts\/1604\/revisions"}],"predecessor-version":[{"id":1883,"href":"https:\/\/swmikolaj.org\/index.php\/wp-json\/wp\/v2\/posts\/1604\/revisions\/1883"}],"wp:attachment":[{"href":"https:\/\/swmikolaj.org\/index.php\/wp-json\/wp\/v2\/media?parent=1604"}],"wp:term":[{"taxonomy":"category","embeddable":true,"href":"https:\/\/swmikolaj.org\/index.php\/wp-json\/wp\/v2\/categories?post=1604"},{"taxonomy":"post_tag","embeddable":true,"href":"https:\/\/swmikolaj.org\/index.php\/wp-json\/wp\/v2\/tags?post=1604"}],"curies":[{"name":"wp","href":"https:\/\/api.w.org\/{rel}","templated":true}]}}