{"id":1592,"date":"2019-10-15T14:48:34","date_gmt":"2019-10-15T14:48:34","guid":{"rendered":"http:\/\/nowa.swmikolaj.org\/?p=1592"},"modified":"2020-05-02T21:24:18","modified_gmt":"2020-05-02T21:24:18","slug":"jesienneliscie","status":"publish","type":"post","link":"https:\/\/swmikolaj.org\/index.php\/2019\/10\/15\/jesienneliscie\/","title":{"rendered":"Jesienne li\u015bcie"},"content":{"rendered":"<p style=\"text-align: justify;\">\u00a0\u00a0\u00a0\u00a0<span style=\"font-size: 12pt;\"> Czasami, gdy jesie\u0144 jest pe\u0142na \u015bwiat\u0142a i ciep\u0142a, przypomina mi si\u0119 przepi\u0119kna aran\u017cacja jazzowego standardu &#8221; Autumn Leaves&#8221; w wykonaniu Benny Golsona. Muzyka, w tak\u0105 promienn\u0105 jesie\u0144, brzmi o\u017cywiaj\u0105co, a li\u015bcie drzew mo\u017cna tylko podziwia\u0107 i cieszy\u0107 si\u0119 bogactwem ich kolor\u00f3w. Jest jednak i inny kolor jesieni &#8211; depresyjny i ciemny. Powy\u017csza dynamika przywodzi mi na my\u015bl stwierdzenie R. Rolheisera m\u00f3wi\u0105ce o tym,\u00a0 i\u017c \u017cycie ma swoje pory roku, kt\u00f3re si\u0119 powtarzaj\u0105. W t\u0119 powtarzalno\u015b\u0107 wkroczy\u0142 Jezus Chrystus i On otworzy\u0142 czas. Jesie\u0144 b\u0119dzie poza czasem ju\u017c tylko pi\u0119kna i &#8222;tam&#8221; wybrzmi t\u0119sknota z muzyki Golsona:\u00a0\u00a0<\/span><\/p>\n\n\n<figure class=\"wp-block-embed-youtube wp-block-embed is-type-video is-provider-youtube wp-embed-aspect-16-9 wp-has-aspect-ratio\"><div class=\"wp-block-embed__wrapper\">\n<iframe loading=\"lazy\" title=\"Benny Golson - Autumn Leaves\" width=\"676\" height=\"380\" src=\"https:\/\/www.youtube.com\/embed\/ZxjqAsPtT60?feature=oembed\" frameborder=\"0\" allow=\"accelerometer; autoplay; encrypted-media; gyroscope; picture-in-picture\" allowfullscreen><\/iframe>\n<\/div><\/figure>\n","protected":false},"excerpt":{"rendered":"<p>\u00a0\u00a0\u00a0\u00a0 Czasami, gdy jesie\u0144 jest pe\u0142na \u015bwiat\u0142a i ciep\u0142a, przypomina mi si\u0119 przepi\u0119kna aran\u017cacja jazzowego standardu &#8221; Autumn Leaves&#8221; w wykonaniu Benny Golsona. Muzyka, w tak\u0105 promienn\u0105 jesie\u0144, brzmi o\u017cywiaj\u0105co, a li\u015bcie drzew mo\u017cna tylko podziwia\u0107 i cieszy\u0107 si\u0119 bogactwem ich kolor\u00f3w. Jest jednak i inny kolor jesieni &#8211; depresyjny i ciemny. Powy\u017csza dynamika przywodzi [&hellip;]<\/p>\n","protected":false},"author":4,"featured_media":0,"comment_status":"closed","ping_status":"closed","sticky":false,"template":"","format":"standard","meta":{"footnotes":""},"categories":[9],"tags":[],"publishpress_future_action":{"enabled":false,"date":"1970-01-01 01:00:00","action":"","terms":[],"taxonomy":"","browser_timezone_offset":0},"_links":{"self":[{"href":"https:\/\/swmikolaj.org\/index.php\/wp-json\/wp\/v2\/posts\/1592"}],"collection":[{"href":"https:\/\/swmikolaj.org\/index.php\/wp-json\/wp\/v2\/posts"}],"about":[{"href":"https:\/\/swmikolaj.org\/index.php\/wp-json\/wp\/v2\/types\/post"}],"author":[{"embeddable":true,"href":"https:\/\/swmikolaj.org\/index.php\/wp-json\/wp\/v2\/users\/4"}],"replies":[{"embeddable":true,"href":"https:\/\/swmikolaj.org\/index.php\/wp-json\/wp\/v2\/comments?post=1592"}],"version-history":[{"count":2,"href":"https:\/\/swmikolaj.org\/index.php\/wp-json\/wp\/v2\/posts\/1592\/revisions"}],"predecessor-version":[{"id":4033,"href":"https:\/\/swmikolaj.org\/index.php\/wp-json\/wp\/v2\/posts\/1592\/revisions\/4033"}],"wp:attachment":[{"href":"https:\/\/swmikolaj.org\/index.php\/wp-json\/wp\/v2\/media?parent=1592"}],"wp:term":[{"taxonomy":"category","embeddable":true,"href":"https:\/\/swmikolaj.org\/index.php\/wp-json\/wp\/v2\/categories?post=1592"},{"taxonomy":"post_tag","embeddable":true,"href":"https:\/\/swmikolaj.org\/index.php\/wp-json\/wp\/v2\/tags?post=1592"}],"curies":[{"name":"wp","href":"https:\/\/api.w.org\/{rel}","templated":true}]}}