{"id":1590,"date":"2019-09-24T19:52:15","date_gmt":"2019-09-24T19:52:15","guid":{"rendered":"http:\/\/nowa.swmikolaj.org\/?p=1590"},"modified":"2020-05-09T10:24:15","modified_gmt":"2020-05-09T10:24:15","slug":"proboszczwemocjachgdyslyszynieitak","status":"publish","type":"post","link":"https:\/\/swmikolaj.org\/index.php\/2019\/09\/24\/proboszczwemocjachgdyslyszynieitak\/","title":{"rendered":"Proboszcz w emocjach, gdy s\u0142yszy &#8222;nie&#8221; i &#8222;tak"},"content":{"rendered":"\n<p><span style=\"font-size: 12pt;\">&nbsp; &nbsp; &nbsp;Chyba jeszcze nigdy,&nbsp; tak cz\u0119sto i w tak wielu miejscach, nie modli\u0142em si\u0119 za swoj\u0105 parafi\u0119. Wiedzia\u0142em, \u017ce sprawa jest bardzo powa\u017cna, a wr\u0119cz prze\u0142omowa. Modli\u0142em si\u0119 coraz intensywniej i prze\u017cywa\u0142em emocje w miar\u0119 zbli\u017cania si\u0119 terminu, 22 wrze\u015bnia, gdy\u017c to w\u0142a\u015bnie tego dnia rozpocz\u0119\u0142o si\u0119 co\u015b, co nazywa si\u0119 Post Cresima ( z w\u0142. &#8222;Po Bierzmowaniu&#8221;), czyli formacja m\u0142odzie\u017cy, w kt\u00f3r\u0105 ch\u0119\u0107 zaanga\u017cowania zg\u0142osi\u0142o 11 gdy\u0144skich ma\u0142\u017ce\u0144stw.&nbsp;<\/span><br><span style=\"font-size: 12pt;\">&nbsp; &nbsp; &nbsp;W minion\u0105 niedziel\u0119 dolny ko\u015bci\u00f3\u0142 wype\u0142niony by\u0142 po brzegi. Ks. Anotnio, W\u0142och, kt\u00f3ry przyjecha\u0142 z dwoma ma\u0142\u017ce\u0144stwami oraz czworgiem m\u0142odzie\u017cy z archidiecezji warszawskiej, przedstawi\u0142 gdy\u0144skim m\u0142odym i ich rodzicom projekt formacyjny. Ponad 85 m\u0142odych odpowiada\u0142o do mikrofonu czy akceptuje dzisiaj tak\u0105 form\u0119 spotka\u0144 przed i po Bierzmowaniu, czy nie. Wszystko dzia\u0142o si\u0119 w ca\u0142kowitej wolno\u015bci. Oklaski dostawali zar\u00f3wno ci, kt\u00f3rzy m\u00f3wili &#8222;tak&#8221;, jak i ci, kt\u00f3rzy m\u00f3wili &#8222;nie&#8221;. To by\u0142 czas, kt\u00f3ry mi i wielu innym, przysporzy\u0142 sporo emocji.<\/span><\/p>\n\n\n\n<p><span style=\"font-size: 12pt;\">&nbsp; &nbsp; &nbsp;<\/span><span style=\"font-size: 12pt;\">57 m\u0142odych powiedzia\u0142o &#8222;tak&#8221; i powsta\u0142y grupki formacyjne, kt\u00f3re b\u0119d\u0105 si\u0119 spotyka\u0142y w domach ma\u0142\u017ce\u0144stw oraz raz w miesi\u0105cu w budynku parafii. W wakacje wyjad\u0105 razem na pi\u0119\u0107 dni. Wielu z m\u0142odych po tym wyje\u017adzie, jesieni\u0105 2020 roku, przyjmie Bierzmowanie. Niekt\u00f3rzy, ci m\u0142odsi, b\u0119d\u0105 si\u0119 przygotowywali do Bierzmowania w 2021 roku.<\/span><br><span style=\"font-size: 12pt;\">&nbsp; &nbsp; &nbsp;W najbli\u017cszy pi\u0105tek maj\u0105 pierwsze spotkania. Ciesz\u0119 si\u0119 i modl\u0119 zar\u00f3wno za tych, kt\u00f3rzy zaczynaj\u0105 Post Cresima, jak i za tych, kt\u00f3rzy z niej zrezygnowali, czy te\u017c chc\u0105 jeszcze to przemy\u015ble\u0107.<\/span><br><span style=\"font-size: 12pt;\">&nbsp; &nbsp; Bogu niech b\u0119d\u0105 dzi\u0119ki za ma\u0142\u017ce\u0144stwa, kt\u00f3re b\u0119d\u0105 si\u0119 nazywa\u0142y &#8222;chrzestnymi&#8221;, kt\u00f3re zgodzi\u0142y si\u0119 spotyka\u0107 i przyj\u0105\u0107 m\u0142odych do swoich dom\u00f3w w pi\u0105tkowe wieczory.<\/span><\/p>\n\n\n\n<figure class=\"wp-block-image size-large\"><img decoding=\"async\" loading=\"lazy\" width=\"1024\" height=\"768\" src=\"https:\/\/swmikolaj.org\/wp-content\/uploads\/2020\/05\/WhatsApp_Image_2019-09-23_at_21.55.075-1024x768.jpeg\" alt=\"\" class=\"wp-image-4045\" srcset=\"https:\/\/swmikolaj.org\/wp-content\/uploads\/2020\/05\/WhatsApp_Image_2019-09-23_at_21.55.075-1024x768.jpeg 1024w, https:\/\/swmikolaj.org\/wp-content\/uploads\/2020\/05\/WhatsApp_Image_2019-09-23_at_21.55.075-300x225.jpeg 300w, https:\/\/swmikolaj.org\/wp-content\/uploads\/2020\/05\/WhatsApp_Image_2019-09-23_at_21.55.075-768x576.jpeg 768w, https:\/\/swmikolaj.org\/wp-content\/uploads\/2020\/05\/WhatsApp_Image_2019-09-23_at_21.55.075-1536x1152.jpeg 1536w, https:\/\/swmikolaj.org\/wp-content\/uploads\/2020\/05\/WhatsApp_Image_2019-09-23_at_21.55.075-676x507.jpeg 676w, https:\/\/swmikolaj.org\/wp-content\/uploads\/2020\/05\/WhatsApp_Image_2019-09-23_at_21.55.075.jpeg 1600w\" sizes=\"(max-width: 1024px) 100vw, 1024px\" \/><\/figure>\n","protected":false},"excerpt":{"rendered":"<p>&nbsp; &nbsp; &nbsp;Chyba jeszcze nigdy,&nbsp; tak cz\u0119sto i w tak wielu miejscach, nie modli\u0142em si\u0119 za swoj\u0105 parafi\u0119. Wiedzia\u0142em, \u017ce sprawa jest bardzo powa\u017cna, a wr\u0119cz prze\u0142omowa. Modli\u0142em si\u0119 coraz intensywniej i prze\u017cywa\u0142em emocje w miar\u0119 zbli\u017cania si\u0119 terminu, 22 wrze\u015bnia, gdy\u017c to w\u0142a\u015bnie tego dnia rozpocz\u0119\u0142o si\u0119 co\u015b, co nazywa si\u0119 Post Cresima ( [&hellip;]<\/p>\n","protected":false},"author":4,"featured_media":0,"comment_status":"closed","ping_status":"closed","sticky":false,"template":"","format":"standard","meta":{"footnotes":""},"categories":[9],"tags":[],"publishpress_future_action":{"enabled":false,"date":"1970-01-01 01:00:00","action":"","terms":[],"taxonomy":"","browser_timezone_offset":0},"_links":{"self":[{"href":"https:\/\/swmikolaj.org\/index.php\/wp-json\/wp\/v2\/posts\/1590"}],"collection":[{"href":"https:\/\/swmikolaj.org\/index.php\/wp-json\/wp\/v2\/posts"}],"about":[{"href":"https:\/\/swmikolaj.org\/index.php\/wp-json\/wp\/v2\/types\/post"}],"author":[{"embeddable":true,"href":"https:\/\/swmikolaj.org\/index.php\/wp-json\/wp\/v2\/users\/4"}],"replies":[{"embeddable":true,"href":"https:\/\/swmikolaj.org\/index.php\/wp-json\/wp\/v2\/comments?post=1590"}],"version-history":[{"count":3,"href":"https:\/\/swmikolaj.org\/index.php\/wp-json\/wp\/v2\/posts\/1590\/revisions"}],"predecessor-version":[{"id":4125,"href":"https:\/\/swmikolaj.org\/index.php\/wp-json\/wp\/v2\/posts\/1590\/revisions\/4125"}],"wp:attachment":[{"href":"https:\/\/swmikolaj.org\/index.php\/wp-json\/wp\/v2\/media?parent=1590"}],"wp:term":[{"taxonomy":"category","embeddable":true,"href":"https:\/\/swmikolaj.org\/index.php\/wp-json\/wp\/v2\/categories?post=1590"},{"taxonomy":"post_tag","embeddable":true,"href":"https:\/\/swmikolaj.org\/index.php\/wp-json\/wp\/v2\/tags?post=1590"}],"curies":[{"name":"wp","href":"https:\/\/api.w.org\/{rel}","templated":true}]}}