{"id":1588,"date":"2019-09-20T07:55:54","date_gmt":"2019-09-20T07:55:54","guid":{"rendered":"http:\/\/nowa.swmikolaj.org\/?p=1588"},"modified":"2020-05-09T10:24:40","modified_gmt":"2020-05-09T10:24:40","slug":"niechbedzierozkoszarvoprt","status":"publish","type":"post","link":"https:\/\/swmikolaj.org\/index.php\/2019\/09\/20\/niechbedzierozkoszarvoprt\/","title":{"rendered":"Niech b\u0119dzie rozkosz \u2013 Arvo P\u00e4rt"},"content":{"rendered":"\n<p><span style=\"font-size: 12pt;\">&nbsp; &nbsp;W 2010 roku w Istambule, w bazylice Hagia Irene prezentowana by\u0142a kompozycja esto\u0144skiego artysty Arvo P\u00e4rt\u2019a zatytu\u0142owana \u201eLament Adama\u201d. Owa kompozycja to medytacja P\u00e4rta nad wyp\u0119dzeniem cz\u0142owieka z rajskiego ogrodu. \u201eNiech stanie si\u0119 rozkosz\u201d &#8211;&nbsp;<\/span><span style=\"font-size: 12pt;\">powiedzia\u0142 kto\u015b na widowni, zanim \u015bwi\u0105tynia wype\u0142ni\u0142a si\u0119 muzyk\u0105 g\u0142\u0119bokiego spokoju i smutku.&nbsp;<\/span><\/p>\n\n\n\n<p>&nbsp; <span style=\"font-size: 12pt;\">Kim jest Arvo P\u00e4rt? Niekt\u00f3rzy twierdz\u0105, \u017ce to najwybitniejszy, wsp\u00f3\u0142czesny kompozytor. Urodzi\u0142 si\u0119 w Estonii w 1935 roku, tam rozpocz\u0105\u0142 swoj\u0105 karier\u0119 muzyczn\u0105. Jako ju\u017c doros\u0142y cz\u0142owiek, w latach siedemdziesi\u0105tych XX wieku, &nbsp;przeszed\u0142 z luteranizmu na prawos\u0142awie. Niesamowita jest historia jego emigracji na Zach\u00f3d w 1980 roku wraz z \u017con\u0105 i dwoma ma\u0142ymi synkami. Po d\u0142ugich perturbacjach z sowieckimi urz\u0119dnikami, P\u00e4rt otrzyma\u0142 zgod\u0119 na wyjazd ze Zwi\u0105zku Radzieckiego. W g\u0119stym styczniowym \u015bniegu poci\u0105g wyjecha\u0142 ze stacji w Tallinnie. Ze wzgl\u0119du na \u017cydowskie korzenie \u017cony, to Izrael by\u0142 jedynym krajem, kt\u00f3ry udzieli\u0142 im wizy. Zostali zatrzymani na stacji kolejowej w Brze\u015bciu przez sowieck\u0105 stra\u017c graniczn\u0105, kt\u00f3ra przeszukuj\u0105c ich baga\u017ce natkn\u0119\u0142a si\u0119 na nuty, p\u0142yty i kasety magnetofonowe. \u201e Jeste\u015bcie muzykami! Ja r\u00f3wnie\u017c gra\u0142em i by\u0142o to r\u00f3wnie\u017c w Estonii\u201d powiedzia\u0142 jeden ze stra\u017cnik\u00f3w. Postanowili sprawdzi\u0107 kasety magnetofonowe i kto\u015b z urz\u0119dnik\u00f3w powiedzia\u0142: \u201ePos\u0142uchajmy.\u201d Potem nast\u0105pi\u0142a swego rodzaju liturgia. W przestrzeni hali dworcowej, przypominaj\u0105cej katedr\u0119, kt\u00f3ra by\u0142a prawie pusta, pop\u0142yn\u0119\u0142y d\u017awi\u0119ki Britten Cantus, a po nich Missa Syllabica z majestatycznym brzmieniem. Funkcjonariusze stra\u017cy granicznej i celnicy byli zahipnotyzowani. \u201eWidzia\u0142am moc muzyki, kt\u00f3ra zmienia ludzi\u201d &#8211; powiedzia\u0142a p\u00f3\u017aniej Nora P\u00e4rt, \u017cona kompozytora. W Wiedniu spotkali ich Alfred Schnittke, ich rosyjsko-niemiecki przyjaciel \u017cydowski i kompozytor oraz urodzony w Dre\u017anie wydawca muzyczny Alfred Schlee, kt\u00f3ry zorganizowa\u0142 im pobyt w stolicy Austrii przez p\u00f3\u0142tora roku, zanim mogli osiedli\u0107 si\u0119 w Berlinie Zachodnim. Arvo P\u00e4rt wr\u00f3ci\u0142 do Estonii w 2010 roku, po 30 latach emigracji.<\/span><\/p>\n\n\n\n<p><span style=\"font-size: 12pt;\">&nbsp; &nbsp;Nazywaj\u0105 go muzykiem minimalist\u0105, \u0142\u0105cz\u0105cym Wsch\u00f3d z Zachodem. Papie\u017c Benedykt XVI zaprosi\u0142 go do Papieskiej Rady ds. Kultury. W 2017 roku zagra\u0142 swoje kompozycje przed papie\u017cem Franciszkiem w Watykanie, koncert by\u0142 zwi\u0105zany z otrzymaniem nagrody Ratzingera za wk\u0142ad w rozw\u00f3j teologii i kultury.<\/span><\/p>\n\n\n\n<figure class=\"wp-block-image size-large\"><img decoding=\"async\" loading=\"lazy\" width=\"640\" height=\"480\" src=\"https:\/\/swmikolaj.org\/wp-content\/uploads\/2020\/05\/IMG_1990.jpg\" alt=\"\" class=\"wp-image-4050\" srcset=\"https:\/\/swmikolaj.org\/wp-content\/uploads\/2020\/05\/IMG_1990.jpg 640w, https:\/\/swmikolaj.org\/wp-content\/uploads\/2020\/05\/IMG_1990-300x225.jpg 300w\" sizes=\"(max-width: 640px) 100vw, 640px\" \/><\/figure>\n\n\n\n<p><span style=\"font-size: 10pt;\">(korzysta\u0142em z tekstu IAN THOMSON, Playing the P\u00e4rt, The Tablet, 7.09.2019)<\/span><\/p>\n\n\n","protected":false},"excerpt":{"rendered":"<p>&nbsp; &nbsp;W 2010 roku w Istambule, w bazylice Hagia Irene prezentowana by\u0142a kompozycja esto\u0144skiego artysty Arvo P\u00e4rt\u2019a zatytu\u0142owana \u201eLament Adama\u201d. Owa kompozycja to medytacja P\u00e4rta nad wyp\u0119dzeniem cz\u0142owieka z rajskiego ogrodu. \u201eNiech stanie si\u0119 rozkosz\u201d &#8211;&nbsp;powiedzia\u0142 kto\u015b na widowni, zanim \u015bwi\u0105tynia wype\u0142ni\u0142a si\u0119 muzyk\u0105 g\u0142\u0119bokiego spokoju i smutku.&nbsp; &nbsp; Kim jest Arvo P\u00e4rt? Niekt\u00f3rzy twierdz\u0105, [&hellip;]<\/p>\n","protected":false},"author":4,"featured_media":0,"comment_status":"closed","ping_status":"closed","sticky":false,"template":"","format":"standard","meta":{"footnotes":""},"categories":[9],"tags":[],"publishpress_future_action":{"enabled":false,"date":"1970-01-01 01:00:00","action":"","terms":[],"taxonomy":"","browser_timezone_offset":0},"_links":{"self":[{"href":"https:\/\/swmikolaj.org\/index.php\/wp-json\/wp\/v2\/posts\/1588"}],"collection":[{"href":"https:\/\/swmikolaj.org\/index.php\/wp-json\/wp\/v2\/posts"}],"about":[{"href":"https:\/\/swmikolaj.org\/index.php\/wp-json\/wp\/v2\/types\/post"}],"author":[{"embeddable":true,"href":"https:\/\/swmikolaj.org\/index.php\/wp-json\/wp\/v2\/users\/4"}],"replies":[{"embeddable":true,"href":"https:\/\/swmikolaj.org\/index.php\/wp-json\/wp\/v2\/comments?post=1588"}],"version-history":[{"count":3,"href":"https:\/\/swmikolaj.org\/index.php\/wp-json\/wp\/v2\/posts\/1588\/revisions"}],"predecessor-version":[{"id":4126,"href":"https:\/\/swmikolaj.org\/index.php\/wp-json\/wp\/v2\/posts\/1588\/revisions\/4126"}],"wp:attachment":[{"href":"https:\/\/swmikolaj.org\/index.php\/wp-json\/wp\/v2\/media?parent=1588"}],"wp:term":[{"taxonomy":"category","embeddable":true,"href":"https:\/\/swmikolaj.org\/index.php\/wp-json\/wp\/v2\/categories?post=1588"},{"taxonomy":"post_tag","embeddable":true,"href":"https:\/\/swmikolaj.org\/index.php\/wp-json\/wp\/v2\/tags?post=1588"}],"curies":[{"name":"wp","href":"https:\/\/api.w.org\/{rel}","templated":true}]}}