{"id":15861,"date":"2022-06-24T11:48:51","date_gmt":"2022-06-24T10:48:51","guid":{"rendered":"https:\/\/swmikolaj.org\/?p=15861"},"modified":"2022-06-24T11:48:54","modified_gmt":"2022-06-24T10:48:54","slug":"ogloszenia-duszpasterskie-i-biuletyn-parafialny-26-06-2022r","status":"publish","type":"post","link":"https:\/\/swmikolaj.org\/index.php\/2022\/06\/24\/ogloszenia-duszpasterskie-i-biuletyn-parafialny-26-06-2022r\/","title":{"rendered":"Og\u0142oszenia Duszpasterskie i Biuletyn Parafialny, 26.06.2022r."},"content":{"rendered":"<p style=\"text-align: justify;\"><span style=\"font-size: 18pt;\"><strong>1.<\/strong> <\/span>Nabo\u017ce\u0144stwa czerwcowe ku czci Naj\u015bwi\u0119tszego Serca Pana Jezusa odprawiamy od poniedzia\u0142ku do czwartku w\u0142\u0105cznie na zako\u0144czenie adoracji o 18:10 w dolnym ko\u015bciele. <br \/><span style=\"font-size: 18pt;\"><strong>2.<\/strong> <\/span>Rozpoczynamy czas wakacji, dlatego dzisiaj publikujemy ostatni w tym roku szkolno-formacyjnym Biuletyn Parafialny z informacjami o tym, co si\u0119 b\u0119dzie dzia\u0142o w naszej parafii w lipcu i sierpniu. Zach\u0119camy do lektury.<\/p>\n\n\n<!--more-->\n\n\n<p style=\"text-align: justify;\"><span style=\"font-size: 18pt;\"><strong>3.<\/strong> <\/span>Uroczysto\u015b\u0107 \u015bw. Piotra i Paw\u0142a obchodzi\u0107 b\u0119dziemy w \u015brod\u0119, 29 czerwca. Msze \u015bwi\u0119te tego dnia o 8:00 i 18:30.<br \/><span style=\"font-size: 18pt;\"><strong>4.<\/strong> <\/span>Zapraszamy na ca\u0142odzienn\u0105 adoracj\u0119 Naj\u015bwi\u0119tszego Sakramentu od poniedzia\u0142ku do soboty po porannej Mszy \u015bwi\u0119tej do 18:15.<br \/><span style=\"font-size: 18pt;\"><strong>5.<\/strong> <\/span>Przed nami dni eucharystyczne. W pierwszy pi\u0105tek miesi\u0105ca b\u0119dzie okazja do spowiedzi p\u00f3\u0142 godziny przez Eucharysti\u0105 o 8:00 i 18:30.<br \/><span style=\"font-size: 18pt;\"><strong>6.<\/strong> <\/span>Spotkanie dla \u017bywego R\u00f3\u017ca\u0144ca odb\u0119dzie si\u0119 w sobot\u0119 o 8:00.<br \/><span style=\"font-size: 18pt;\"><strong>7.<\/strong> <\/span>Ma\u0142\u017conk\u00f3w prze\u017cywaj\u0105cych kryzys zapraszamy na spotkanie Wsp\u00f3lnoty Trudnych Ma\u0142\u017ce\u0144stw Sychar w poniedzia\u0142ek, 27 czerwca na 18:30. Po Mszy \u015bwi\u0119tej odb\u0119dzie si\u0119 spotkanie w starej plebanii.<br \/><span style=\"font-size: 18pt;\"><strong>8.<\/strong> <\/span>Klub Seniora zaprasza seniorki i senior\u00f3w na spotkanie w \u015brod\u0119, 29 czerwca o 9:00 w domu parafialnym, sala nr 5.<br \/><span style=\"font-size: 18pt;\"><strong>9.<\/strong> <\/span>Klub Seniora organizuje wyjazd wypoczynkowo-rekreacyjny do Poronina w Tatrach w dniach 18-25 wrze\u015bnia dla senior\u00f3w i nie tylko. Zapisy i szczeg\u00f3\u0142owe informacje w biurze parafialnym <br \/><span style=\"font-size: 18pt;\"><strong>10.<\/strong><\/span> Ks. Zbigniew Lorkowski organizuje pielgrzymk\u0119 do Sanktuarium Matki Bo\u017cej Kr\u00f3lowej Rodzin w Ko\u015bcierzynie. W planie zwiedzanie r\u00f3wnie\u017c Skansenu we Wdzydzach Kiszewskich. Termin wyjazdu 16 lipca, a koszt 50 z\u0142. Zapisy pod numerem telefonu 504 37 36 77.<br \/><span style=\"font-size: 18pt;\"><strong>11.<\/strong><\/span> Fundacja Adaptacja zaprasza dzi\u015b na festyn, kt\u00f3ry odb\u0119dzie si\u0119 w Gdyni Cisowej na placu przy Przedszkolu 56 (Chylo\u0144ska 237) w godz. od 14 \u2013 20.<\/p>\n<p style=\"text-align: center;\">W minionych dniach zmarli:<br \/>El\u017cbieta Flis, lat 79; Magdalena J\u0119drzejewska, lat 82; <br \/>Edward Ch\u0105dzy\u0144ski, lat 96; Zbigniew Miler, lat 87; Antoni Gozdowski, lat 85. <\/p>\n\n\n<div class=\"wp-block-file\"><a href=\"https:\/\/swmikolaj.org\/wp-content\/uploads\/2022\/06\/Biuletyn-Parafialny-2022-06-26.pdf\">Biuletyn-Parafialny-2022-06-26<\/a><a href=\"https:\/\/swmikolaj.org\/wp-content\/uploads\/2022\/06\/Biuletyn-Parafialny-2022-06-26.pdf\" class=\"wp-block-file__button\" download>Pobierz<\/a><\/div>\n","protected":false},"excerpt":{"rendered":"<p>1. Nabo\u017ce\u0144stwa czerwcowe ku czci Naj\u015bwi\u0119tszego Serca Pana Jezusa odprawiamy od poniedzia\u0142ku do czwartku w\u0142\u0105cznie na zako\u0144czenie adoracji o 18:10 w dolnym ko\u015bciele. 2. Rozpoczynamy czas wakacji, dlatego dzisiaj publikujemy ostatni w tym roku szkolno-formacyjnym Biuletyn Parafialny z informacjami o tym, co si\u0119 b\u0119dzie dzia\u0142o w naszej parafii w lipcu i sierpniu. Zach\u0119camy do lektury.<\/p>\n","protected":false},"author":6,"featured_media":0,"comment_status":"closed","ping_status":"closed","sticky":false,"template":"","format":"standard","meta":{"footnotes":""},"categories":[8,12],"tags":[],"publishpress_future_action":{"enabled":false,"date":"1970-01-01 01:00:00","action":"","terms":[],"taxonomy":"","browser_timezone_offset":0},"_links":{"self":[{"href":"https:\/\/swmikolaj.org\/index.php\/wp-json\/wp\/v2\/posts\/15861"}],"collection":[{"href":"https:\/\/swmikolaj.org\/index.php\/wp-json\/wp\/v2\/posts"}],"about":[{"href":"https:\/\/swmikolaj.org\/index.php\/wp-json\/wp\/v2\/types\/post"}],"author":[{"embeddable":true,"href":"https:\/\/swmikolaj.org\/index.php\/wp-json\/wp\/v2\/users\/6"}],"replies":[{"embeddable":true,"href":"https:\/\/swmikolaj.org\/index.php\/wp-json\/wp\/v2\/comments?post=15861"}],"version-history":[{"count":1,"href":"https:\/\/swmikolaj.org\/index.php\/wp-json\/wp\/v2\/posts\/15861\/revisions"}],"predecessor-version":[{"id":15863,"href":"https:\/\/swmikolaj.org\/index.php\/wp-json\/wp\/v2\/posts\/15861\/revisions\/15863"}],"wp:attachment":[{"href":"https:\/\/swmikolaj.org\/index.php\/wp-json\/wp\/v2\/media?parent=15861"}],"wp:term":[{"taxonomy":"category","embeddable":true,"href":"https:\/\/swmikolaj.org\/index.php\/wp-json\/wp\/v2\/categories?post=15861"},{"taxonomy":"post_tag","embeddable":true,"href":"https:\/\/swmikolaj.org\/index.php\/wp-json\/wp\/v2\/tags?post=15861"}],"curies":[{"name":"wp","href":"https:\/\/api.w.org\/{rel}","templated":true}]}}