{"id":1576,"date":"2019-06-02T17:33:49","date_gmt":"2019-06-02T17:33:49","guid":{"rendered":"http:\/\/nowa.swmikolaj.org\/?p=1576"},"modified":"2020-04-02T19:56:20","modified_gmt":"2020-04-02T19:56:20","slug":"bogktorykochanaszychnieprzyjaciol","status":"publish","type":"post","link":"https:\/\/swmikolaj.org\/index.php\/2019\/06\/02\/bogktorykochanaszychnieprzyjaciol\/","title":{"rendered":"B\u00f3g, kt\u00f3ry kocha naszych nieprzyjaci\u00f3\u0142"},"content":{"rendered":"<p class=\"MsoNormal\" style=\"margin: 0cm 0cm 0.0001pt; font-size: medium; font-family: Calibri, sans-serif;\">&nbsp;<\/p>\n<p style=\"text-align: justify;\">&nbsp;&nbsp;&nbsp;&nbsp;&nbsp;&nbsp;&nbsp;<span style=\"font-size: 12pt;\">Wracam z weekendowych dni rekolekcyjnych, kt&oacute;re prze\u017cy\u0142em w domu krakowskich salwatorian&oacute;w. Rozwa\u017cali\u015bmy tekst niewielkiej Ksi\u0119gi Jonasza,&nbsp;&nbsp;a przewodnikiem by\u0142 nam \u0142&oacute;dzki arcybiskup Grzegorz Ry\u015b. Jak to dobrze, \u017ce mo\u017cna zaczerpn\u0105\u0107 ze \u0179r&oacute;d\u0142a. Jak to dobrze spotka\u0107 ludzi, kt&oacute;rzy kochaj\u0105 biskupa i dzieje si\u0119 to dlatego, \u017ce on kocha S\u0142owo.&nbsp;<\/span><\/p>\n<p><span style=\"font-size: 12pt;\">&nbsp;&nbsp;&nbsp;&nbsp;&nbsp;&nbsp;Abp Grzegorz ods\u0142oni\u0142 nam Boga, kt&oacute;ry kocha naszych nieprzyjaci&oacute;\u0142. Jak trudno by\u0142o to przyj\u0105\u0107 Jonaszowi! Jak trudno to przyj\u0105\u0107 chrze\u015bcijanom i \u017cydom dzisiaj&nbsp;<\/span><\/p>\n<p><span style=\"font-size: 12pt;\"><\/span><\/p>\n","protected":false},"excerpt":{"rendered":"<p>&nbsp; &nbsp;&nbsp;&nbsp;&nbsp;&nbsp;&nbsp;&nbsp;Wracam z weekendowych dni rekolekcyjnych, kt&oacute;re prze\u017cy\u0142em w domu krakowskich salwatorian&oacute;w. Rozwa\u017cali\u015bmy tekst niewielkiej Ksi\u0119gi Jonasza,&nbsp;&nbsp;a przewodnikiem by\u0142 nam \u0142&oacute;dzki arcybiskup Grzegorz Ry\u015b. Jak to dobrze, \u017ce mo\u017cna zaczerpn\u0105\u0107 ze \u0179r&oacute;d\u0142a. Jak to dobrze spotka\u0107 ludzi, kt&oacute;rzy kochaj\u0105 biskupa i dzieje si\u0119 to dlatego, \u017ce on kocha S\u0142owo.&nbsp; &nbsp;&nbsp;&nbsp;&nbsp;&nbsp;&nbsp;Abp Grzegorz ods\u0142oni\u0142 nam Boga, kt&oacute;ry [&hellip;]<\/p>\n","protected":false},"author":4,"featured_media":0,"comment_status":"closed","ping_status":"closed","sticky":false,"template":"","format":"standard","meta":{"footnotes":""},"categories":[9],"tags":[],"publishpress_future_action":{"enabled":false,"date":"1970-01-01 01:00:00","action":"","terms":[],"taxonomy":"","browser_timezone_offset":0},"_links":{"self":[{"href":"https:\/\/swmikolaj.org\/index.php\/wp-json\/wp\/v2\/posts\/1576"}],"collection":[{"href":"https:\/\/swmikolaj.org\/index.php\/wp-json\/wp\/v2\/posts"}],"about":[{"href":"https:\/\/swmikolaj.org\/index.php\/wp-json\/wp\/v2\/types\/post"}],"author":[{"embeddable":true,"href":"https:\/\/swmikolaj.org\/index.php\/wp-json\/wp\/v2\/users\/4"}],"replies":[{"embeddable":true,"href":"https:\/\/swmikolaj.org\/index.php\/wp-json\/wp\/v2\/comments?post=1576"}],"version-history":[{"count":1,"href":"https:\/\/swmikolaj.org\/index.php\/wp-json\/wp\/v2\/posts\/1576\/revisions"}],"predecessor-version":[{"id":2460,"href":"https:\/\/swmikolaj.org\/index.php\/wp-json\/wp\/v2\/posts\/1576\/revisions\/2460"}],"wp:attachment":[{"href":"https:\/\/swmikolaj.org\/index.php\/wp-json\/wp\/v2\/media?parent=1576"}],"wp:term":[{"taxonomy":"category","embeddable":true,"href":"https:\/\/swmikolaj.org\/index.php\/wp-json\/wp\/v2\/categories?post=1576"},{"taxonomy":"post_tag","embeddable":true,"href":"https:\/\/swmikolaj.org\/index.php\/wp-json\/wp\/v2\/tags?post=1576"}],"curies":[{"name":"wp","href":"https:\/\/api.w.org\/{rel}","templated":true}]}}