{"id":1572,"date":"2019-01-08T21:45:14","date_gmt":"2019-01-08T21:45:14","guid":{"rendered":"http:\/\/nowa.swmikolaj.org\/?p=1572"},"modified":"2020-04-02T19:56:20","modified_gmt":"2020-04-02T19:56:20","slug":"jakiejestniebezpieczenstwowchodzeniupokoledzie","status":"publish","type":"post","link":"https:\/\/swmikolaj.org\/index.php\/2019\/01\/08\/jakiejestniebezpieczenstwowchodzeniupokoledzie\/","title":{"rendered":"Jakie jest niebezpiecze\u0144stwo w chodzeniu &#8222;po Kol\u0119dzie&#8221;?"},"content":{"rendered":"<p style=\"text-align: justify;\">&nbsp;&nbsp;&nbsp;&nbsp;&nbsp; <span style=\"font-size: 12pt;\">Ot&oacute;\u017c chodzenie ksi\u0119\u017cy &#8222;po kol\u0119dzie&#8221; mo\u017ce skutkowa\u0107 zawieszaniem spotka\u0144 i wszelkiej aktywno\u015bci duszpasterskiej w parafii w styczniu, a w niekt&oacute;rych miejscach i w grudniu. Zdarzaj\u0105 si\u0119 sytuacje, i\u017c rezygnuje si\u0119 z wieczornej Mszy \u015bwi\u0119tej, nie wspominaj\u0105c ju\u017c o dzia\u0142aniach formacyjnych grup i wsp&oacute;lnot. Zastanawiam si\u0119 czy warto, a\u017c tyle energii wk\u0142ada\u0107 w organizacj\u0119 wizyty duszpasterskiej kosztem innych i to wa\u017cniejszych dzia\u0142a\u0144? Pami\u0119tam jedyn\u0105 dyskusj\u0119 na ten temat, kt&oacute;r\u0105 mia\u0142em w gronie kap\u0142a\u0144skim, a by\u0142o to na spotkaniu proboszcz&oacute;w i prze\u0142o\u017conych dom&oacute;w jezuickich. Bylem zaproszony do tego grona, by podzieli\u0107 si\u0119 swoim do\u015bwiadczeniem proboszczowskim i jeden z zakonnik&oacute;w wywo\u0142a\u0142 ten temat.<\/span><\/p>\n<p><\/p>\n<p style=\"text-align: justify;\"><span style=\"font-size: 12pt;\"><\/span><br \/><span style=\"font-size: 12pt;\">&nbsp;&nbsp;&nbsp;&nbsp; Czy mo\u017cna wyobrazi\u0107 sobie parafi\u0119 bez Kol\u0119dy w takim kszta\u0142cie, w jakim odbywa si\u0119 ona dzisiaj w Polsce? My\u015bl\u0119, \u017ce tak. Wida\u0107 to np w Ko\u015bcio\u0142ach, gdzie zrezygnowano z takiej praktyki lub jej nie by\u0142o w og&oacute;le. Ufam, \u017ce czeka nas w polskim Ko\u015bciele powa\u017cna dyskusja na ten temat. <\/span><br \/><span style=\"font-size: 12pt;\">&nbsp;&nbsp;&nbsp;&nbsp; Tymczasem ciesz\u0119 si\u0119, \u017ce dzisiaj mog\u0142em: przez 1,5 godziny dy\u017curowa\u0107 w konfesjonale, odprawi\u0107 wieczorn\u0105 Eucharysti\u0119 i spotka\u0107 si\u0119 na agapie oraz wsp&oacute;lnym \u015bpiewie kol\u0119d ze Wsp&oacute;lnot\u0105 SNE Magnificat. Ale by\u0142o pi\u0119knie <span title=\"Emotikon smile\"><img decoding=\"async\" loading=\"lazy\" src=\"https:\/\/static.xx.fbcdn.net\/images\/emoji.php\/v9\/t4c\/1\/16\/1f642.png\" alt=\"\" width=\"16\" height=\"16\" \/><span>\ud83d\ude42<\/span><\/span> Wczoraj by\u0142o podobnie we Wsp&oacute;lnocie Trudnych Ma\u0142\u017ce\u0144stw Sychar.<\/span><\/p>\n","protected":false},"excerpt":{"rendered":"<p>&nbsp;&nbsp;&nbsp;&nbsp;&nbsp; Ot&oacute;\u017c chodzenie ksi\u0119\u017cy &#8222;po kol\u0119dzie&#8221; mo\u017ce skutkowa\u0107 zawieszaniem spotka\u0144 i wszelkiej aktywno\u015bci duszpasterskiej w parafii w styczniu, a w niekt&oacute;rych miejscach i w grudniu. Zdarzaj\u0105 si\u0119 sytuacje, i\u017c rezygnuje si\u0119 z wieczornej Mszy \u015bwi\u0119tej, nie wspominaj\u0105c ju\u017c o dzia\u0142aniach formacyjnych grup i wsp&oacute;lnot. Zastanawiam si\u0119 czy warto, a\u017c tyle energii wk\u0142ada\u0107 w organizacj\u0119 wizyty [&hellip;]<\/p>\n","protected":false},"author":4,"featured_media":0,"comment_status":"closed","ping_status":"closed","sticky":false,"template":"","format":"standard","meta":{"footnotes":""},"categories":[9],"tags":[],"publishpress_future_action":{"enabled":false,"date":"1970-01-01 01:00:00","action":"","terms":[],"taxonomy":"","browser_timezone_offset":0},"_links":{"self":[{"href":"https:\/\/swmikolaj.org\/index.php\/wp-json\/wp\/v2\/posts\/1572"}],"collection":[{"href":"https:\/\/swmikolaj.org\/index.php\/wp-json\/wp\/v2\/posts"}],"about":[{"href":"https:\/\/swmikolaj.org\/index.php\/wp-json\/wp\/v2\/types\/post"}],"author":[{"embeddable":true,"href":"https:\/\/swmikolaj.org\/index.php\/wp-json\/wp\/v2\/users\/4"}],"replies":[{"embeddable":true,"href":"https:\/\/swmikolaj.org\/index.php\/wp-json\/wp\/v2\/comments?post=1572"}],"version-history":[{"count":1,"href":"https:\/\/swmikolaj.org\/index.php\/wp-json\/wp\/v2\/posts\/1572\/revisions"}],"predecessor-version":[{"id":2464,"href":"https:\/\/swmikolaj.org\/index.php\/wp-json\/wp\/v2\/posts\/1572\/revisions\/2464"}],"wp:attachment":[{"href":"https:\/\/swmikolaj.org\/index.php\/wp-json\/wp\/v2\/media?parent=1572"}],"wp:term":[{"taxonomy":"category","embeddable":true,"href":"https:\/\/swmikolaj.org\/index.php\/wp-json\/wp\/v2\/categories?post=1572"},{"taxonomy":"post_tag","embeddable":true,"href":"https:\/\/swmikolaj.org\/index.php\/wp-json\/wp\/v2\/tags?post=1572"}],"curies":[{"name":"wp","href":"https:\/\/api.w.org\/{rel}","templated":true}]}}