{"id":1558,"date":"2018-09-20T13:04:31","date_gmt":"2018-09-20T13:04:31","guid":{"rendered":"http:\/\/nowa.swmikolaj.org\/?p=1558"},"modified":"2020-05-09T11:04:40","modified_gmt":"2020-05-09T11:04:40","slug":"kler","status":"publish","type":"post","link":"https:\/\/swmikolaj.org\/index.php\/2018\/09\/20\/kler\/","title":{"rendered":"Kler"},"content":{"rendered":"<p style=\"text-align: justify;\"><span style=\"font-size: 12pt;\">\u00a0\u00a0\u00a0\u00a0 Kiedy w minion\u0105 \u015brod\u0119 przyjecha\u0142em do \u0141odzi, to\u00a0 na jednej z g\u0142\u00f3wnych ulic zauwa\u017cylem wielki plakat reklamuj\u0105cy film W. Smarzowskiego &#8222;Kler&#8221;. Nie pojecha\u0142em tam jednak, by p\u00f3j\u015b\u0107 do kina, ale dlatego by spotka\u0107 si\u0119 z ksi\u0119\u017cmi, z klerem i musz\u0119 wyzna\u0107, \u017ce bardzo tego potrzebowa\u0142em. Abp Grzegorz Ry\u015b zaprosi\u0142 do \u0141odzi filipi\u0144skiego kardyna\u0142a Tagle i to on poprowadzi\u0142 trzy wieczorne spotkania. Trzy pi\u0119kne wieczory. W dw\u00f3ch pierwszych uczestniczy\u0142em dzi\u0119ki internetowi. <\/span><\/p>\n<p style=\"text-align: justify;\"><span style=\"font-size: 12pt;\">\u00a0\u00a0\u00a0 W poniedzia\u0142ek kardyna\u0142 m\u00f3wi\u0142 o powrocie do widzenia drugiego jako daru, a nie jako problemu. Wspomnia\u0142, \u017ce tak \u0142atwo patrze\u0107 na cz\u0142owieka tylko poprzez jego u\u017cyteczno\u015b\u0107, warto\u015b\u0107 rynkow\u0105. Patrzenie w prespektywie osoby, daje mo\u017cliwo\u015b\u0107 budowania rzeczywisto\u015bci podobnej do domu, a nie do gie\u0142dy rynkowej. We wtorek ksi\u0119\u017ca i biskupi spowadali si\u0119 prze\u017cywaj\u0105c nabo\u017ce\u0144stwo pokutne i do\u015bwiadczaj\u0105c powrotu do domu, do siebie. Podstaw\u0105 do nawracania si\u0119 by\u0142a przypowie\u015b\u0107 o mi\u0142osiernym Ojcu i powrocie syna, kt\u00f3rego grzech uczyni\u0142 problemem dla niego samego i innych. Syn jednak nie by\u0142 problemem dla ojca, by\u0142 darem. To niesamowite widzie\u0107 jak kilkuset ksi\u0119\u017cy plus kilku biskup\u00f3w spowada si\u0119, przyznaje si\u0119 do swojej grzeszno\u015bci i wyra\u017ca w ten spos\u00f3b pragnienie nawracania si\u0119.\u00a0 <\/span><\/p>\n<p style=\"text-align: justify;\"><span style=\"font-size: 12pt;\">\u00a0\u00a0\u00a0\u00a0\u00a0 Trzeciego dnia kardyna\u0142 Tagle m\u00f3wi\u0142 o \u017cyciu ksi\u0119dza jako o Officium Amoris, czyli o s\u0142u\u017cbie-postawie mi\u0142o\u015bci. Bardzo mnie dotkn\u0119\u0142o jego proste i g\u0142\u0119bokie przepowiadanie, wsparte \u015bwiadectwem. Kardyna\u0142 opowiedzia\u0142 m.in. o tym, i\u017c podczas swoich studi\u00f3w doktoranckich w Stanach Zjednoczonych, postanowi\u0142 zaanga\u017cowa\u0107 si\u0119 jako wolontariusz w hospicjum prowadzonym przez Misjonarki Mi\u0142o\u015bci od Matki Teresy z Kalkuty. Pewnego dnia dane mu by\u0142o towarzysz\u0107 umieraj\u0105cemu cz\u0142owiekowi i wydawa\u0142o mu si\u0119, \u017ce wszystko robi w\u0142a\u015bciwie. Umy\u0142 swojego podopiecznego, zmieni\u0142 mu po\u015bciel, zapali\u0142 \u015bwiec\u0119, postawi\u0142 kwiaty na stoliku i &#8230; zacz\u0105\u0142 czyta\u0107 Bibli\u0119 oraz komentowa\u0107 j\u0105 owemu umieraj\u0105cemu. Na to do pokoju wszed\u0142 inny, \u015bmiertelnie chory na HIV,\u00a0 cz\u0142owiek i powiedzia\u0142 do umieraj\u0105cego: &#8222;Ryszard kochamy Ciebie. Ryszard za chwil\u0119 b\u0119dziesz widzia\u0142 Jezusa. Powiedz Jezusowi, \u017ce Go kochamy&#8221;.\u00a0 Kardyna\u0142, gdy opowiedzia\u0142 to zdarzenie mia\u0142 \u0142zy w oczach i pyta\u0142: &#8222;dlaczego ja nie umia\u0142em wtedy tak powiedzie\u0107? To nie ja, ale ten chory na HIV cz\u0142owiek by\u0142 g\u0142osicielem S\u0142owa Mi\u0142o\u015bci&#8221;. Po tej konferencji-\u015bwiadectwie by\u0142a zbi\u00f3rka pieni\u0119\u017cna na samoch\u00f3d dla hospicjum domowego w \u0141odzi, czyli konkretna odpowied\u017a ksi\u0119\u017cy na s\u0142uchane S\u0142owo. Wa\u017cnym znakiem by\u0142o to, \u017ce zbi\u00f3rk\u0119 rozpocz\u0119to do biskup\u00f3w.<br \/><\/span><\/p>\n<p style=\"text-align: justify;\"><span style=\"font-size: 12pt;\">\u00a0 \u00a0 Bardzo podoba\u0142o mi si\u0119 r\u00f3wnie\u017c to,\u00a0 co robi\u0142 podczas rekolekcji ks. abp G. Ry\u015b. Ot\u00f3\u017c ka\u017cdego wieczoru zaprasza\u0142 ksi\u0119\u017cy do swego domu na kolacj\u0119 i tworzy\u0142 przestrze\u0144 do spotkania. Mia\u0142em okazj\u0119 uczestniczy\u0107 w \u015brodowej agapie, kt\u00f3r\u0105 cechowa\u0142a radosna atmosfera i mo\u017cliwo\u015b\u0107 porozmawiania z bra\u0107mi kap\u0142anami.\u00a0 Ka\u017cdy ksi\u0105dz otrzyma\u0142 te\u017c od arcybiskupa Rysia ciekaw\u0105 ksi\u0105\u017ck\u0119, napisan\u0105 przez Diego Fares&#8217;a, argenty\u0144skiego jezuit\u0119, zatytu\u0142owan\u0105 &#8222;Dziesi\u0119\u0107 rad papie\u017ca Franciszka dla kap\u0142an\u00f3w&#8221;.<\/span><\/p>\n<p><span style=\"font-size: 12pt;\">\u00a0 \u00a0\u00a0 W \u0141odzi spotka\u0142em kler, spotka\u0142em wspania\u0142ego, autentycznego kardyna\u0142a Luis&#8217;a Antonio Tagle. T\u0119skni\u0119 za takimi rekolekcjami i ciesz\u0119 si\u0119, \u017ce abp Ry\u015b zapowiedzia\u0142 ich kontynuacj\u0119.\u00a0<\/span><\/p>\n\n\n<figure class=\"wp-block-gallery columns-2 is-cropped wp-block-gallery-1 is-layout-flex wp-block-gallery-is-layout-flex\"><ul class=\"blocks-gallery-grid\"><li class=\"blocks-gallery-item\"><figure><a href=\"https:\/\/swmikolaj.org\/wp-content\/uploads\/2020\/05\/kard.__Tagle.jpg_2.jpg\"><img decoding=\"async\" loading=\"lazy\" width=\"806\" height=\"605\" src=\"https:\/\/swmikolaj.org\/wp-content\/uploads\/2020\/05\/kard.__Tagle.jpg_2.jpg\" alt=\"\" data-id=\"4172\" data-link=\"https:\/\/swmikolaj.org\/index.php\/2018\/09\/20\/kler\/kard-__tagle-jpg_2\/\" class=\"wp-image-4172\" srcset=\"https:\/\/swmikolaj.org\/wp-content\/uploads\/2020\/05\/kard.__Tagle.jpg_2.jpg 806w, https:\/\/swmikolaj.org\/wp-content\/uploads\/2020\/05\/kard.__Tagle.jpg_2-300x225.jpg 300w, https:\/\/swmikolaj.org\/wp-content\/uploads\/2020\/05\/kard.__Tagle.jpg_2-768x576.jpg 768w, https:\/\/swmikolaj.org\/wp-content\/uploads\/2020\/05\/kard.__Tagle.jpg_2-676x507.jpg 676w\" sizes=\"(max-width: 806px) 100vw, 806px\" \/><\/a><\/figure><\/li><li class=\"blocks-gallery-item\"><figure><a href=\"https:\/\/swmikolaj.org\/wp-content\/uploads\/2020\/05\/tagle_i_Ry\u015b.jpg\"><img decoding=\"async\" loading=\"lazy\" width=\"605\" height=\"806\" src=\"https:\/\/swmikolaj.org\/wp-content\/uploads\/2020\/05\/tagle_i_Ry\u015b.jpg\" alt=\"\" data-id=\"4173\" data-link=\"https:\/\/swmikolaj.org\/index.php\/2018\/09\/20\/kler\/tagle_i_rys\/\" class=\"wp-image-4173\" srcset=\"https:\/\/swmikolaj.org\/wp-content\/uploads\/2020\/05\/tagle_i_Ry\u015b.jpg 605w, https:\/\/swmikolaj.org\/wp-content\/uploads\/2020\/05\/tagle_i_Ry\u015b-225x300.jpg 225w\" sizes=\"(max-width: 605px) 100vw, 605px\" \/><\/a><\/figure><\/li><li class=\"blocks-gallery-item\"><figure><a href=\"https:\/\/swmikolaj.org\/wp-content\/uploads\/2020\/05\/ok\u0142adka_2.jpg\"><img decoding=\"async\" loading=\"lazy\" width=\"605\" height=\"806\" src=\"https:\/\/swmikolaj.org\/wp-content\/uploads\/2020\/05\/ok\u0142adka_2.jpg\" alt=\"\" data-id=\"4174\" data-link=\"https:\/\/swmikolaj.org\/index.php\/2018\/09\/20\/kler\/okladka_2\/\" class=\"wp-image-4174\" srcset=\"https:\/\/swmikolaj.org\/wp-content\/uploads\/2020\/05\/ok\u0142adka_2.jpg 605w, https:\/\/swmikolaj.org\/wp-content\/uploads\/2020\/05\/ok\u0142adka_2-225x300.jpg 225w\" sizes=\"(max-width: 605px) 100vw, 605px\" \/><\/a><\/figure><\/li><li class=\"blocks-gallery-item\"><figure><a href=\"https:\/\/swmikolaj.org\/wp-content\/uploads\/2020\/05\/IMG_1269.jpg\"><img decoding=\"async\" loading=\"lazy\" width=\"605\" height=\"806\" src=\"https:\/\/swmikolaj.org\/wp-content\/uploads\/2020\/05\/IMG_1269.jpg\" alt=\"\" data-id=\"4175\" data-full-url=\"https:\/\/swmikolaj.org\/wp-content\/uploads\/2020\/05\/IMG_1269.jpg\" data-link=\"https:\/\/swmikolaj.org\/index.php\/2018\/09\/20\/kler\/img_1269\/\" class=\"wp-image-4175\" srcset=\"https:\/\/swmikolaj.org\/wp-content\/uploads\/2020\/05\/IMG_1269.jpg 605w, https:\/\/swmikolaj.org\/wp-content\/uploads\/2020\/05\/IMG_1269-225x300.jpg 225w\" sizes=\"(max-width: 605px) 100vw, 605px\" \/><\/a><\/figure><\/li><\/ul><\/figure>\n","protected":false},"excerpt":{"rendered":"<p>\u00a0\u00a0\u00a0\u00a0 Kiedy w minion\u0105 \u015brod\u0119 przyjecha\u0142em do \u0141odzi, to\u00a0 na jednej z g\u0142\u00f3wnych ulic zauwa\u017cylem wielki plakat reklamuj\u0105cy film W. Smarzowskiego &#8222;Kler&#8221;. Nie pojecha\u0142em tam jednak, by p\u00f3j\u015b\u0107 do kina, ale dlatego by spotka\u0107 si\u0119 z ksi\u0119\u017cmi, z klerem i musz\u0119 wyzna\u0107, \u017ce bardzo tego potrzebowa\u0142em. Abp Grzegorz Ry\u015b zaprosi\u0142 do \u0141odzi filipi\u0144skiego kardyna\u0142a Tagle [&hellip;]<\/p>\n","protected":false},"author":4,"featured_media":0,"comment_status":"closed","ping_status":"closed","sticky":false,"template":"","format":"standard","meta":{"footnotes":""},"categories":[9],"tags":[],"publishpress_future_action":{"enabled":false,"date":"1970-01-01 01:00:00","action":"","terms":[],"taxonomy":"","browser_timezone_offset":0},"_links":{"self":[{"href":"https:\/\/swmikolaj.org\/index.php\/wp-json\/wp\/v2\/posts\/1558"}],"collection":[{"href":"https:\/\/swmikolaj.org\/index.php\/wp-json\/wp\/v2\/posts"}],"about":[{"href":"https:\/\/swmikolaj.org\/index.php\/wp-json\/wp\/v2\/types\/post"}],"author":[{"embeddable":true,"href":"https:\/\/swmikolaj.org\/index.php\/wp-json\/wp\/v2\/users\/4"}],"replies":[{"embeddable":true,"href":"https:\/\/swmikolaj.org\/index.php\/wp-json\/wp\/v2\/comments?post=1558"}],"version-history":[{"count":2,"href":"https:\/\/swmikolaj.org\/index.php\/wp-json\/wp\/v2\/posts\/1558\/revisions"}],"predecessor-version":[{"id":4176,"href":"https:\/\/swmikolaj.org\/index.php\/wp-json\/wp\/v2\/posts\/1558\/revisions\/4176"}],"wp:attachment":[{"href":"https:\/\/swmikolaj.org\/index.php\/wp-json\/wp\/v2\/media?parent=1558"}],"wp:term":[{"taxonomy":"category","embeddable":true,"href":"https:\/\/swmikolaj.org\/index.php\/wp-json\/wp\/v2\/categories?post=1558"},{"taxonomy":"post_tag","embeddable":true,"href":"https:\/\/swmikolaj.org\/index.php\/wp-json\/wp\/v2\/tags?post=1558"}],"curies":[{"name":"wp","href":"https:\/\/api.w.org\/{rel}","templated":true}]}}