{"id":15475,"date":"2022-06-23T15:59:30","date_gmt":"2022-06-23T14:59:30","guid":{"rendered":"https:\/\/swmikolaj.org\/?p=15475"},"modified":"2022-06-23T15:59:32","modified_gmt":"2022-06-23T14:59:32","slug":"intencje-mszy-swietych-20-26-06-2022","status":"publish","type":"post","link":"https:\/\/swmikolaj.org\/index.php\/2022\/06\/23\/intencje-mszy-swietych-20-26-06-2022\/","title":{"rendered":"INTENCJE MSZY \u015aWI\u0118TYCH 20 &#8211; 26\/06\/2022"},"content":{"rendered":"<table width=\"647\">\n<tbody>\n<tr>\n<td colspan=\"2\" width=\"647\"><strong>20\/06\/2022 Poniedzia\u0142ek<\/strong><\/td>\n<\/tr>\n<tr>\n<td width=\"85\"><strong>08:00<\/strong><\/td>\n<td width=\"562\">1.\u00a0\u00a0\u00a0\u00a0\u00a0 + Janina i Jan Basiak oraz W\u0142adys\u0142aw i Janina Czubaszak<\/p>\n<p>2.\u00a0\u00a0\u00a0\u00a0\u00a0 + M\u0105\u017c Franciszek Reszka w 12 rocz. \u015bmierci oraz rodzice z obojga stron<\/p>\n<p>3.\u00a0\u00a0\u00a0\u00a0\u00a0 + Jerzy \u017bydak &#8211; gregoria\u0144ska<\/td>\n<\/tr>\n<tr>\n<td width=\"85\"><strong>18:30<\/strong><\/td>\n<td width=\"562\">1.\u00a0\u00a0\u00a0\u00a0\u00a0 W intencji Wojciecha Weso\u0142owskiego o pomy\u015blny wynik operacji oraz o uzdrowienie cia\u0142a i duszy<\/p>\n<p>2.\u00a0\u00a0\u00a0\u00a0\u00a0 Dzi\u0119kczynno-b\u0142agalna z pro\u015bb\u0105 o potrzebne \u0142aski, opiek\u0119 Matki Bo\u017cej dla dzieci, wnuk\u00f3w, babci Ireny i rodze\u0144stwa<\/p>\n<p>3.\u00a0\u00a0\u00a0\u00a0\u00a0 +\u00a0 Helena Wittbrodt<\/td>\n<\/tr>\n<tr>\n<td colspan=\"2\" width=\"647\"><strong>21\/06\/2022 Wtorek<\/strong><\/td>\n<\/tr>\n<tr>\n<td width=\"85\"><strong>08:00<\/strong><\/td>\n<td width=\"562\">1.\u00a0\u00a0\u00a0\u00a0\u00a0 W intencji Bogu wiadomej<\/p>\n<p>2.\u00a0\u00a0\u00a0\u00a0\u00a0 Dzi\u0119kczynno-b\u0142agalna z pro\u015bb\u0105 o Bo\u017ce b\u0142ogos\u0142awie\u0144stwo i dar zdrowia dla Marii i Jana<\/p>\n<p>3.\u00a0\u00a0\u00a0\u00a0\u00a0 + Jan, Tadeusz, Gertruda, Helena<\/td>\n<\/tr>\n<tr>\n<td width=\"85\"><strong>18:30<\/strong><\/td>\n<td width=\"562\">1.\u00a0\u00a0\u00a0\u00a0\u00a0 + Eugeniusz Grucha\u0142a w rocz. urodzin i 12 rocz. \u015bmierci, brat oraz rodzice z obojga stron<\/p>\n<p>2.\u00a0\u00a0\u00a0\u00a0\u00a0 + Jerzy \u017bydak &#8211; gregoria\u0144ska<\/td>\n<\/tr>\n<tr>\n<td colspan=\"2\" width=\"647\"><strong>22\/06\/2022 \u015aroda<\/strong><\/td>\n<\/tr>\n<tr>\n<td width=\"85\"><strong>08:00<\/strong><\/td>\n<td width=\"562\">1.\u00a0\u00a0\u00a0\u00a0\u00a0 + M\u0105\u017c J\u00f3zef Izdebski oraz rodzice z obojga stron: W\u0142adys\u0142awa i Marceli Dolata, Anna i Stanis\u0142aw Izdebscy, zmarli z rodziny<\/p>\n<p>2.\u00a0\u00a0\u00a0\u00a0\u00a0 + Henryk Niemczyk w 5 rocz. \u015bmierci<\/p>\n<p>3.\u00a0\u00a0\u00a0\u00a0\u00a0 + Jerzy \u017bydak &#8211; gregoria\u0144ska<\/td>\n<\/tr>\n<tr>\n<td width=\"85\"><strong>18:30<\/strong><\/td>\n<td width=\"562\">1.\u00a0\u00a0\u00a0\u00a0\u00a0 + Edward z okazji Dnia Ojca<\/p>\n<p>2.\u00a0\u00a0\u00a0\u00a0\u00a0 + Zmar\u0142e dzieci rodzic\u00f3w z R\u00f3\u017c R\u00f3\u017ca\u0144cowych modl\u0105cych si\u0119 za dzieci<\/p>\n<p>3.\u00a0\u00a0\u00a0\u00a0\u00a0 + Anna Palasz oraz zmarli w czy\u015b\u0107cu<\/td>\n<\/tr>\n<tr>\n<td colspan=\"2\" width=\"647\"><strong>\u00a0<\/strong><\/p>\n<p><strong>23\/06\/2022 Czwartek<\/strong><\/td>\n<\/tr>\n<tr>\n<td width=\"85\"><strong>08:00<\/strong><\/td>\n<td width=\"562\">1.\u00a0\u00a0\u00a0\u00a0\u00a0 W intencji Ewy Kosz\u0142aka\u00a0 z okazji urodzin z podzi\u0119kowaniem za otrzymane \u0142aski i z pro\u015bba o Bo\u017ce b\u0142ogos\u0142awie\u0144stwo i dar zdrowia<\/p>\n<p>2.\u00a0\u00a0\u00a0\u00a0\u00a0 + Gerard i Stefan<\/p>\n<p>3.\u00a0\u00a0\u00a0\u00a0\u00a0 + Ojciec Ignacy<\/p>\n<p>4.\u00a0\u00a0\u00a0\u00a0\u00a0 + Jerzy \u017bydak &#8211; gregoria\u0144ska<\/td>\n<\/tr>\n<tr>\n<td width=\"85\"><strong>18:30<\/strong><\/td>\n<td width=\"562\">1.\u00a0\u00a0\u00a0\u00a0\u00a0 W intencji Marii i Witolda 55 rocz. \u015blubu z podzi\u0119kowaniem za otrzymane \u0142aski z pro\u015bb\u0105 o dar zdrowia, Bo\u017ce b\u0142ogos\u0142awie\u0144stwo i opiek\u0119 Matki Bo\u017cej oraz w intencji Witolda, Ryszarda i Micha\u0142a w Dniu Ojca<\/p>\n<p>2.\u00a0\u00a0\u00a0\u00a0\u00a0 + Barbara i Stefan Sob\u00f3l<\/p>\n<p>3.\u00a0\u00a0\u00a0\u00a0\u00a0 + Eryka Ruchniewicz w 1 rocz. \u015bmierci, m\u0105\u017c Alfons oraz syn Andrzej<\/td>\n<\/tr>\n<tr>\n<td colspan=\"2\" width=\"647\"><strong>24\/06\/2022 Pi\u0105tek<\/strong><\/td>\n<\/tr>\n<tr>\n<td width=\"85\"><strong>08:00<\/strong><\/td>\n<td width=\"562\">1.\u00a0\u00a0\u00a0\u00a0\u00a0 Dzi\u0119kczynno-b\u0142agalna z okazji urodzin i imienin Janiny oraz z okazji imienin Jana z pro\u015bb\u0105 o Bo\u017ce b\u0142ogos\u0142awie\u0144stwo i opiek\u0119 Matki Bo\u017cej dla ca\u0142ej rodziny<\/p>\n<p>2.\u00a0\u00a0\u00a0\u00a0\u00a0 Dzi\u0119kczynno-b\u0142agalna z pro\u015bb\u0105 o \u0142ask\u0119 zdrowia w dniu imienin siostry Janiny<\/p>\n<p>3.\u00a0\u00a0\u00a0\u00a0\u00a0 Dzi\u0119kczynno-b\u0142agalna z pro\u015bb\u0105 o Bo\u017ce b\u0142ogos\u0142awie\u0144stwo, zdrowie duszy i cia\u0142a, dary Ducha \u015awi\u0119tego i opiek\u0119 Matki Bo\u017cej dla El\u017cbiety z okazji 82 rocz. urodzin oraz dla ca\u0142ej rodziny<\/p>\n<p>4.\u00a0\u00a0\u00a0\u00a0\u00a0 + Jerzy \u017bydak &#8211; gregoria\u0144ska<\/td>\n<\/tr>\n<tr>\n<td width=\"85\"><strong>15:00<\/strong><\/td>\n<td width=\"562\">\u015alub: Ewelina i Adrian<\/td>\n<\/tr>\n<tr>\n<td width=\"85\"><strong>18:30<\/strong><\/td>\n<td width=\"562\">1.\u00a0\u00a0\u00a0\u00a0\u00a0 + Jan, Czes\u0142aw, Anna Pawe\u0142, J\u00f3zefa i Pawe\u0142<\/p>\n<p>2.\u00a0\u00a0\u00a0\u00a0\u00a0 + Maria Boza w 50 rocz. \u015bmierci oraz Albert<\/p>\n<p>3.\u00a0\u00a0\u00a0\u00a0\u00a0 + Eugeniusz Wodniczak oraz rodzic\u00f3w i te\u015bci\u00f3w<\/p>\n<p>4.\u00a0\u00a0\u00a0\u00a0\u00a0 + Jan Ciechowicz<\/td>\n<\/tr>\n<tr>\n<td colspan=\"2\" width=\"647\"><strong>25\/06\/2022 Sobota<\/strong><\/td>\n<\/tr>\n<tr>\n<td width=\"85\"><strong>08:00<\/strong><\/td>\n<td width=\"562\">1.\u00a0\u00a0\u00a0\u00a0\u00a0 + Zmarli z rodziny Lewa\u0144czyk, Ohs i Petta<\/p>\n<p>2.\u00a0\u00a0\u00a0\u00a0\u00a0 + Anna, Franciszek, Agnieszka, Kazimierz i Pawe\u0142<\/p>\n<p>3.\u00a0\u00a0\u00a0\u00a0\u00a0 + M\u0105\u017c Kazimierz w 5 rocz. \u015bmierci oraz rodzice Helena i Stanis\u0142aw Szwarc oraz Stanis\u0142aw i Julianna Korzeniewscy, Teresa i brat Czes\u0142aw oraz Regina<\/p>\n<p>4.\u00a0\u00a0\u00a0\u00a0\u00a0 + Jerzy \u017bydak &#8211; gregoria\u0144ska<\/td>\n<\/tr>\n<tr>\n<td width=\"85\"><strong>09:15<\/strong><\/td>\n<td width=\"562\">Pogrzeb: \u015bp. Zbigniew Miler lat, 87<\/td>\n<\/tr>\n<tr>\n<td width=\"85\"><strong>16:00<\/strong><\/td>\n<td width=\"562\">\u015alub: Ewa i Dawid<\/td>\n<\/tr>\n<tr>\n<td width=\"85\"><strong>18:30<\/strong><\/td>\n<td width=\"562\">Dzi\u0119kczynno-b\u0142agalna z pro\u015bb\u0105 o Bo\u017ce b\u0142ogos\u0142awie\u0144stwo i dar zdrowia dla Krystyny Roli\u0144skiej, Jadwigi Reszke, Brygidy Zaborowskiej, Haliny Holz, Krystyny Koz\u0142owskiej, Marii Bigus, Marianny Flisikowskiej, Haliny G\u0142o\u015bnickiej i Ireny Plotki<\/td>\n<\/tr>\n<tr>\n<td colspan=\"2\" width=\"647\"><strong>26\/06\/2022 <\/strong><\/p>\n<p><strong>XIII Niedziela Zwyk\u0142a<\/strong><\/td>\n<\/tr>\n<tr>\n<td width=\"85\"><strong>08:00<\/strong><\/td>\n<td width=\"562\">Dzi\u0119kczynno-b\u0142agalna w 61 rocz. \u015blubu W\u0142adys\u0142awa i Heleny z pro\u015bba o dar zdrowia, Bo\u017ce b\u0142ogos\u0142awie\u0144stwo i opiek\u0119 Matki Bo\u017cej na dalsze lata i o zdrowie dla ca\u0142ej rodziny<\/td>\n<\/tr>\n<tr>\n<td width=\"85\"><strong>10:00<\/strong><\/td>\n<td width=\"562\">1.\u00a0\u00a0\u00a0\u00a0\u00a0 W intencji parafii<\/p>\n<p>2.\u00a0\u00a0\u00a0\u00a0\u00a0 + Jan Siewert<\/td>\n<\/tr>\n<tr>\n<td width=\"85\"><strong>11:30<\/strong><\/td>\n<td width=\"562\">+ Zofia i Jan Rudaccy<\/td>\n<\/tr>\n<tr>\n<td width=\"85\"><strong>13:00<\/strong><\/td>\n<td width=\"562\">1.\u00a0\u00a0\u00a0\u00a0\u00a0 + Irena i Mariola oraz zmarli z rodzin Krawczyk, Mrozi\u0144skich, Osowickich i Sochaczewskich<\/p>\n<p>2.\u00a0\u00a0\u00a0\u00a0\u00a0 + Jerzy \u017bydak &#8211; gregoria\u0144ska<\/td>\n<\/tr>\n<tr>\n<td width=\"85\"><strong>18:30<\/strong><\/td>\n<td width=\"562\">+ Grabowska Lucyna\u00a0 w 2 rocz. \u015bmierci<\/td>\n<\/tr>\n<\/tbody>\n<\/table>\n","protected":false},"excerpt":{"rendered":"<p>20\/06\/2022 Poniedzia\u0142ek 08:00 1.\u00a0\u00a0\u00a0\u00a0\u00a0 + Janina i Jan Basiak oraz W\u0142adys\u0142aw i Janina Czubaszak 2.\u00a0\u00a0\u00a0\u00a0\u00a0 + M\u0105\u017c Franciszek Reszka w 12 rocz. \u015bmierci oraz rodzice z obojga stron 3.\u00a0\u00a0\u00a0\u00a0\u00a0 + Jerzy \u017bydak &#8211; gregoria\u0144ska 18:30 1.\u00a0\u00a0\u00a0\u00a0\u00a0 W intencji Wojciecha Weso\u0142owskiego o pomy\u015blny wynik operacji oraz o uzdrowienie cia\u0142a i duszy 2.\u00a0\u00a0\u00a0\u00a0\u00a0 Dzi\u0119kczynno-b\u0142agalna z pro\u015bb\u0105 o [&hellip;]<\/p>\n","protected":false},"author":6,"featured_media":0,"comment_status":"closed","ping_status":"closed","sticky":false,"template":"","format":"standard","meta":{"footnotes":""},"categories":[10],"tags":[],"publishpress_future_action":{"enabled":false,"date":"1970-01-01 01:00:00","action":"","terms":[],"taxonomy":"","browser_timezone_offset":0},"_links":{"self":[{"href":"https:\/\/swmikolaj.org\/index.php\/wp-json\/wp\/v2\/posts\/15475"}],"collection":[{"href":"https:\/\/swmikolaj.org\/index.php\/wp-json\/wp\/v2\/posts"}],"about":[{"href":"https:\/\/swmikolaj.org\/index.php\/wp-json\/wp\/v2\/types\/post"}],"author":[{"embeddable":true,"href":"https:\/\/swmikolaj.org\/index.php\/wp-json\/wp\/v2\/users\/6"}],"replies":[{"embeddable":true,"href":"https:\/\/swmikolaj.org\/index.php\/wp-json\/wp\/v2\/comments?post=15475"}],"version-history":[{"count":1,"href":"https:\/\/swmikolaj.org\/index.php\/wp-json\/wp\/v2\/posts\/15475\/revisions"}],"predecessor-version":[{"id":15476,"href":"https:\/\/swmikolaj.org\/index.php\/wp-json\/wp\/v2\/posts\/15475\/revisions\/15476"}],"wp:attachment":[{"href":"https:\/\/swmikolaj.org\/index.php\/wp-json\/wp\/v2\/media?parent=15475"}],"wp:term":[{"taxonomy":"category","embeddable":true,"href":"https:\/\/swmikolaj.org\/index.php\/wp-json\/wp\/v2\/categories?post=15475"},{"taxonomy":"post_tag","embeddable":true,"href":"https:\/\/swmikolaj.org\/index.php\/wp-json\/wp\/v2\/tags?post=15475"}],"curies":[{"name":"wp","href":"https:\/\/api.w.org\/{rel}","templated":true}]}}