{"id":1524,"date":"2017-03-13T11:01:39","date_gmt":"2017-03-13T11:01:39","guid":{"rendered":"http:\/\/nowa.swmikolaj.org\/?p=1524"},"modified":"2020-05-09T11:34:26","modified_gmt":"2020-05-09T11:34:26","slug":"czterylatazfranciszkiem","status":"publish","type":"post","link":"https:\/\/swmikolaj.org\/index.php\/2017\/03\/13\/czterylatazfranciszkiem\/","title":{"rendered":"Cztery lata z Franciszkiem"},"content":{"rendered":"<p style=\"text-align: justify;\">\u00a0\u00a0\u00a0\u00a0\u00a0 Dzisiaj przypada czwarta rocznica wyboru papie\u017ca Franciszka. Na stronie &#8222;The Tablet&#8221; znalaz\u0142em papieskie s\u0142owa, kt\u00f3rych potwierdzenia szuka\u0142 brytyjski dziennikarz. Nie znalaz\u0142, wiec mo\u017ce to po prostu tylko anegdota:<br \/>\nOt\u00f3\u017c pewnego dnia na audiencji \u015brodowej Franciszek zatrzyma\u0142 si\u0119 przy wiwatuj\u0105cych rodakach. Wzi\u0105\u0142 od nich kilka \u0142yk\u00f3w &#8222;yerby&#8221; i porozmawia\u0142 z nimi. Po zako\u0144czeniu audiencji papie\u017c us\u0142ysza\u0142 od swoich ochroniarzy: &#8222;Wasza \u015awi\u0105tobliwo\u015b\u0107 to by\u0142o niebezpieczne. Nie mo\u017cna tak pi\u0107 z niesprawdzonego \u017ar\u00f3d\u0142a&#8221;. Na to Franciszek: &#8222;Nie martwcie si\u0119, to byli Argenty\u0144czycy, to na prawd\u0119 dobrzy ludzie, to nie byli kardyna\u0142owie z Watykanu&#8221;. <span title=\"Emotikon smile\"><img decoding=\"async\" loading=\"lazy\" src=\"https:\/\/www.facebook.com\/images\/emoji.php\/v7\/f4c\/1\/16\/1f642.png\" alt=\"\" width=\"16\" height=\"16\" \/>\ud83d\ude42<\/span><\/p>\n<div>\n<p style=\"text-align: justify;\">\u00a0\u00a0\u00a0 A tak ju\u017c na serio.\u00a0 Bogu dzi\u0119ki za Franciszka. Za jego \u017cycie i nauczanie. Evangelii Gaudium, to co\u015b, do czego ci\u0105gle warto wraca\u0107. Tak\u017ce dzisiaj, przy okazji tej rocznicy: &#8222;Marz\u0119 o wyborze misyjnym zdolnym przemieni\u0107 wszystko, aby zwyczaje, style, rozk\u0142ad zaj\u0119\u0107, j\u0119zyk i wszystkie struktury ko\u015bcielne sta\u0142y si\u0119 odpowiednim kana\u0142em bardziej do ewangelizowania dzisiejszego \u015bwiata ni\u017c do zachowania stanu rzeczy&#8221;<\/p>\n<\/div>\n","protected":false},"excerpt":{"rendered":"<p>\u00a0\u00a0\u00a0\u00a0\u00a0 Dzisiaj przypada czwarta rocznica wyboru papie\u017ca Franciszka. Na stronie &#8222;The Tablet&#8221; znalaz\u0142em papieskie s\u0142owa, kt\u00f3rych potwierdzenia szuka\u0142 brytyjski dziennikarz. Nie znalaz\u0142, wiec mo\u017ce to po prostu tylko anegdota: Ot\u00f3\u017c pewnego dnia na audiencji \u015brodowej Franciszek zatrzyma\u0142 si\u0119 przy wiwatuj\u0105cych rodakach. Wzi\u0105\u0142 od nich kilka \u0142yk\u00f3w &#8222;yerby&#8221; i porozmawia\u0142 z nimi. Po zako\u0144czeniu audiencji papie\u017c [&hellip;]<\/p>\n","protected":false},"author":4,"featured_media":0,"comment_status":"closed","ping_status":"closed","sticky":false,"template":"","format":"standard","meta":{"footnotes":""},"categories":[9],"tags":[],"publishpress_future_action":{"enabled":false,"date":"1970-01-01 01:00:00","action":"","terms":[],"taxonomy":"","browser_timezone_offset":0},"_links":{"self":[{"href":"https:\/\/swmikolaj.org\/index.php\/wp-json\/wp\/v2\/posts\/1524"}],"collection":[{"href":"https:\/\/swmikolaj.org\/index.php\/wp-json\/wp\/v2\/posts"}],"about":[{"href":"https:\/\/swmikolaj.org\/index.php\/wp-json\/wp\/v2\/types\/post"}],"author":[{"embeddable":true,"href":"https:\/\/swmikolaj.org\/index.php\/wp-json\/wp\/v2\/users\/4"}],"replies":[{"embeddable":true,"href":"https:\/\/swmikolaj.org\/index.php\/wp-json\/wp\/v2\/comments?post=1524"}],"version-history":[{"count":2,"href":"https:\/\/swmikolaj.org\/index.php\/wp-json\/wp\/v2\/posts\/1524\/revisions"}],"predecessor-version":[{"id":4209,"href":"https:\/\/swmikolaj.org\/index.php\/wp-json\/wp\/v2\/posts\/1524\/revisions\/4209"}],"wp:attachment":[{"href":"https:\/\/swmikolaj.org\/index.php\/wp-json\/wp\/v2\/media?parent=1524"}],"wp:term":[{"taxonomy":"category","embeddable":true,"href":"https:\/\/swmikolaj.org\/index.php\/wp-json\/wp\/v2\/categories?post=1524"},{"taxonomy":"post_tag","embeddable":true,"href":"https:\/\/swmikolaj.org\/index.php\/wp-json\/wp\/v2\/tags?post=1524"}],"curies":[{"name":"wp","href":"https:\/\/api.w.org\/{rel}","templated":true}]}}