{"id":1508,"date":"2016-07-25T15:37:51","date_gmt":"2016-07-25T15:37:51","guid":{"rendered":"http:\/\/nowa.swmikolaj.org\/?p=1508"},"modified":"2024-07-28T20:13:32","modified_gmt":"2024-07-28T19:13:32","slug":"sdmwchylonicz-4poniedzialek25lipca","status":"publish","type":"post","link":"https:\/\/swmikolaj.org\/index.php\/2016\/07\/25\/sdmwchylonicz-4poniedzialek25lipca\/","title":{"rendered":"\u015aDM w Chyloni \u2013 cz. 4, poniedzia\u0142ek, 25 lipca"},"content":{"rendered":"\n<p>1.\u00a0 \u201eKto jest na pierwszym miejscu?\u201d &#8211;\u00a0\u00a0to pytanie zada\u0142 ks. Emmanuel, wikariusz generalny diecezji Cambrai, \u00a0w refleksji nad fragmentem Ewangelii Mateusza 20, 20-28. Daj\u0105c odpowied\u017a \u00a0przyprowadzi\u0142 do ambony grup\u0119 Wyj\u0105tkowych i wskaza\u0142 ich jako pierwszych.\u00a0 Dlaczego oni s\u0105 pierwsi? Bo kochaj\u0105, bo nie maj\u0105 s\u0105d\u00f3w w swoich sercach, bo gdy si\u0119 pok\u0142\u00f3c\u0105, to bardzo szybko si\u0119 godz\u0105, bo s\u0105 rado\u015bci\u0105\u2026.<\/p>\n\n\n\n<figure class=\"wp-block-image size-large\"><img decoding=\"async\" loading=\"lazy\" width=\"960\" height=\"720\" src=\"https:\/\/swmikolaj.org\/wp-content\/uploads\/2020\/05\/Wyj\u0105tkowi.jpg\" alt=\"Wyj\u0105tkowi\" class=\"wp-image-4216\" srcset=\"https:\/\/swmikolaj.org\/wp-content\/uploads\/2020\/05\/Wyj\u0105tkowi.jpg 960w, https:\/\/swmikolaj.org\/wp-content\/uploads\/2020\/05\/Wyj\u0105tkowi-300x225.jpg 300w, https:\/\/swmikolaj.org\/wp-content\/uploads\/2020\/05\/Wyj\u0105tkowi-768x576.jpg 768w, https:\/\/swmikolaj.org\/wp-content\/uploads\/2020\/05\/Wyj\u0105tkowi-676x507.jpg 676w\" sizes=\"(max-width: 960px) 100vw, 960px\" \/><\/figure>\n\n\n\n<p>2. Dzisiaj nasi go\u015bcie wyje\u017cd\u017caj\u0105 do Krakowa, a p\u00f3\u017anym wieczorem wyje\u017cd\u017ca, w tym samym kierunku, &nbsp;m\u0142odzie\u017c z Gdyni. S\u0105 \u0142zy rado\u015bci w naszym po\u017cegnaniu. Wielbi\u0119 Boga za to, &nbsp;co uczyni\u0142 w nas i w naszych go\u015bciach przez zaledwie 5 dni. Oto \u015bwiadectwo nades\u0142ane dzisiaj z Francji: Dostajemy du\u017co wiadomo\u015bci zewsz\u0105d i \u015bwiadectw o Waszym wyj\u0105tkowym przyj\u0119ciu pielgrzym\u00f3w i przyjacielskiej otwarto\u015bci&#8230; Dajecie naprawd\u0119 tyle szcz\u0119\u015bcia, rado\u015bci, nadziei tym m\u0142odym&#8230; Tysi\u0105ckrotne dzi\u0119ki! Niech te \u015awiatowe Dni M\u0142odzie\u017cy nape\u0142ni\u0105 Was rado\u015bci\u0105 i do\u015bwiadczeniem braterstwa i niech Pan Wam b\u0142ogos\u0142awi! Monique, &nbsp;mama Emmanuela (z grupy Wyj\u0105tkowych), kt\u00f3ry jest (by\u0142 \ud83d\ude42 ) w Gdyni<\/p>\n\n\n\n<p>3. Jestem pod wielkim wra\u017ceniem katolik\u00f3w z Francji. &nbsp;Ju\u017c wcze\u015bniej przekona\u0142em si\u0119 jak wiele dobra dzieje si\u0119 w tym Ko\u015bciele, gdy pozna\u0142em Wsp\u00f3lnot\u0119 Chemin Neuf i siostry betlejemitki, ale ostatnie dni, &nbsp;pokaza\u0142y g\u0142\u0119bi\u0119 wiary ksi\u0119\u017cy diecezjalnych i m\u0142odzie\u017cy z rejonu Cambrai. M\u0105dre kazania abp Garnier i ks. Emmanuela, g\u0142\u0119bokie spojrzenie na sprawy ko\u015bcielne, relacje, rado\u015b\u0107 i dojrza\u0142o\u015b\u0107 tych, kt\u00f3rzy do nas przyjechali na &nbsp;pewno pokazuj\u0105, \u017ce mamy,&nbsp; jako Ko\u015bci\u00f3\u0142 w Polsce, &nbsp;czego uczy\u0107 si\u0119 od chrze\u015bcijan z Francji, a niesprawiedliwo\u015bci\u0105 i pych\u0105 jest wypominanie Francji, \u017ce wypar\u0142a si\u0119 wiary.<\/p>\n\n\n\n<p>4. Francuzi \u201ezarazili\u201d nas pi\u0119kn\u0105 piosenk\u0105, kt\u00f3ra oddaje to, co mo\u017cemy m.in. zrobi\u0107 po tak cudnym czasie, &nbsp;prze\u017cytym z naszymi go\u015b\u0107mi &nbsp;w Chyloni. To, &nbsp;co mo\u017cemy, to wielbi\u0107 Boga. W wolnym t\u0142umaczeniu refren tej piosenki brzmi: Jak nie wielbi\u0107 Ciebie Panie Jezu? No jak? No jak? Znalaz\u0142em w internecie \u015bwietne wykonanie tego utworu podczas wielkiego spotkania m\u0142odych Francuz\u00f3w na jednym z festiwali wiary:<\/p>\n\n\n\n\n\n<figure class=\"wp-block-embed is-type-video is-provider-dailymotion wp-block-embed-dailymotion wp-embed-aspect-4-3 wp-has-aspect-ratio\"><div class=\"wp-block-embed__wrapper\">\n<iframe loading=\"lazy\" title=\"Ecclesia Campus-Glorious- Comment ne pas te louer\" frameborder=\"0\" width=\"676\" height=\"507\" src=\"https:\/\/www.dailymotion.com\/embed\/video\/xon5iw\" allowfullscreen allow=\"autoplay\"><\/iframe>\n<\/div><\/figure>\n","protected":false},"excerpt":{"rendered":"<p>1.\u00a0 \u201eKto jest na pierwszym miejscu?\u201d &#8211;\u00a0\u00a0to pytanie zada\u0142 ks. Emmanuel, wikariusz generalny diecezji Cambrai, \u00a0w refleksji nad fragmentem Ewangelii Mateusza 20, 20-28. Daj\u0105c odpowied\u017a \u00a0przyprowadzi\u0142 do ambony grup\u0119 Wyj\u0105tkowych i wskaza\u0142 ich jako pierwszych.\u00a0 Dlaczego oni s\u0105 pierwsi? Bo kochaj\u0105, bo nie maj\u0105 s\u0105d\u00f3w w swoich sercach, bo gdy si\u0119 pok\u0142\u00f3c\u0105, to bardzo szybko [&hellip;]<\/p>\n","protected":false},"author":4,"featured_media":0,"comment_status":"closed","ping_status":"closed","sticky":false,"template":"","format":"standard","meta":{"footnotes":""},"categories":[9],"tags":[],"publishpress_future_action":{"enabled":false,"date":"1970-01-01 01:00:00","action":"","terms":[],"taxonomy":"","browser_timezone_offset":0},"_links":{"self":[{"href":"https:\/\/swmikolaj.org\/index.php\/wp-json\/wp\/v2\/posts\/1508"}],"collection":[{"href":"https:\/\/swmikolaj.org\/index.php\/wp-json\/wp\/v2\/posts"}],"about":[{"href":"https:\/\/swmikolaj.org\/index.php\/wp-json\/wp\/v2\/types\/post"}],"author":[{"embeddable":true,"href":"https:\/\/swmikolaj.org\/index.php\/wp-json\/wp\/v2\/users\/4"}],"replies":[{"embeddable":true,"href":"https:\/\/swmikolaj.org\/index.php\/wp-json\/wp\/v2\/comments?post=1508"}],"version-history":[{"count":3,"href":"https:\/\/swmikolaj.org\/index.php\/wp-json\/wp\/v2\/posts\/1508\/revisions"}],"predecessor-version":[{"id":163219,"href":"https:\/\/swmikolaj.org\/index.php\/wp-json\/wp\/v2\/posts\/1508\/revisions\/163219"}],"wp:attachment":[{"href":"https:\/\/swmikolaj.org\/index.php\/wp-json\/wp\/v2\/media?parent=1508"}],"wp:term":[{"taxonomy":"category","embeddable":true,"href":"https:\/\/swmikolaj.org\/index.php\/wp-json\/wp\/v2\/categories?post=1508"},{"taxonomy":"post_tag","embeddable":true,"href":"https:\/\/swmikolaj.org\/index.php\/wp-json\/wp\/v2\/tags?post=1508"}],"curies":[{"name":"wp","href":"https:\/\/api.w.org\/{rel}","templated":true}]}}