{"id":1507,"date":"2016-07-25T05:46:11","date_gmt":"2016-07-25T05:46:11","guid":{"rendered":"http:\/\/nowa.swmikolaj.org\/?p=1507"},"modified":"2020-04-02T19:56:25","modified_gmt":"2020-04-02T19:56:25","slug":"sdmwchylonicz-3niedziela24lipca","status":"publish","type":"post","link":"https:\/\/swmikolaj.org\/index.php\/2016\/07\/25\/sdmwchylonicz-3niedziela24lipca\/","title":{"rendered":"\u015aDM w Chyloni \u2013 cz. 3, niedziela,  24 lipca"},"content":{"rendered":"<p style=\"text-align: justify;\">1. &bdquo;Nikt, kto chce do nas do\u0142\u0105czy\u0107 nie przychodzi ze zbyt daleka i nikt nie przychodzi zbyt p&oacute;\u017ano&rdquo;, to zdanie arcybiskupa F. Garnier utkwi\u0142o mi w pami\u0119ci z niedzielnej jego homilii. Ks. Emmanuel, jego bliski wsp&oacute;\u0142pracownik powiedzia\u0142 mi, \u017ce to zdanie streszcza te\u017c rozumienie nauczania papie\u017ca Franciszka i styl pos\u0142ugi duszpasterskiej biskupa w diecezji Cambrai.<br \/> 2. Po\u015br&oacute;d naszych go\u015bci-pielgrzym&oacute;w by\u0142a kilkunastoosobowa, francuska grupa os&oacute;b z zespo\u0142em D<span class=\"text_exposed_show\">owna wraz z opiekunami &ndash; &bdquo;wyj\u0105tkowi&rdquo;. Nocowali w naszym domu parafialnym, gdy\u017c chcieli by\u0107 razem. Co\u015b niezwyk\u0142ego wnie\u015bli ci ludzie w prze\u017cywanie Liturgii Mszy \u015bw. Ich spontaniczno\u015b\u0107 i wolno\u015b\u0107 w okazywaniu wdzi\u0119czno\u015bci skraca\u0142a dystans. Jeden z ch\u0142opak&oacute;w mia\u0142 w zwyczaju podchodzenie do arcybiskupa, by go u\u015bciska\u0107 na znak pokoju i potarmosi\u0107 mu czupryn\u0119. &Oacute;w moment Mszy \u015bw., gdy kilku z grupy &bdquo;wyj\u0105tkowych&rdquo; wesz\u0142o do prezbiterium i przekazywa\u0142o znak pokoju ukaza\u0142, \u017ce rzeczywi\u015bcie to zgromadzenie jest pe\u0142ne mi\u0142o\u015bci. Ona &bdquo;przep\u0142ywa&rdquo;. <br \/> 3. Niedzielny, wieczorny koncert, a w zasadzie festiwal, zgromadzi\u0142 oko\u0142o 2 tysi\u0119cy ludzi, mo\u017ce nawet wi\u0119cej, wszak nie o liczby tutaj chodzi. Pielgrzymi, gospodarze, parafianie radowali si\u0119 do p&oacute;\u017anego wieczoru. By\u0142y ta\u0144ce, \u015bpiewy w r&oacute;\u017cnych j\u0119zykach i modlitwa. W ca\u0142ym pi\u0119knie objawi\u0142a si\u0119 si\u0142a i kreatywno\u015b\u0107 naszych wolontariuszy i wsp&oacute;lnot. By\u0142o du\u017co do\u015bwiadczenia jedno\u015bci. Do p&oacute;\u017ana w nocy brzmia\u0142a mi w uszach pie\u015b\u0144, kt&oacute;r\u0105 \u015bpiewali\u015bmy w wielu j\u0119zykach: &bdquo;Nic nie mo\u017ce od\u0142\u0105czy\u0107 nas od mi\u0142o\u015bci Twej&rdquo;.<br \/> 4. Najwa\u017cniejsze rzeczy dzia\u0142y si\u0119 w domach gospodarzy, w spotkaniach z pielgrzymami, w relacjach, rozmowach i w dzieleniu si\u0119 \u017cyciem. W naszym Punkcie \u015awiatowych Dni M\u0142odzie\u017cy w Gdyni-Chyloni by\u0142o ponad 100 takich dom&oacute;w.<\/span><\/p>\n","protected":false},"excerpt":{"rendered":"<p>1. &bdquo;Nikt, kto chce do nas do\u0142\u0105czy\u0107 nie przychodzi ze zbyt daleka i nikt nie przychodzi zbyt p&oacute;\u017ano&rdquo;, to zdanie arcybiskupa F. Garnier utkwi\u0142o mi w pami\u0119ci z niedzielnej jego homilii. Ks. Emmanuel, jego bliski wsp&oacute;\u0142pracownik powiedzia\u0142 mi, \u017ce to zdanie streszcza te\u017c rozumienie nauczania papie\u017ca Franciszka i styl pos\u0142ugi duszpasterskiej biskupa w diecezji Cambrai. [&hellip;]<\/p>\n","protected":false},"author":4,"featured_media":0,"comment_status":"closed","ping_status":"closed","sticky":false,"template":"","format":"standard","meta":{"footnotes":""},"categories":[9],"tags":[],"publishpress_future_action":{"enabled":false,"date":"1970-01-01 01:00:00","action":"","terms":[],"taxonomy":"","browser_timezone_offset":0},"_links":{"self":[{"href":"https:\/\/swmikolaj.org\/index.php\/wp-json\/wp\/v2\/posts\/1507"}],"collection":[{"href":"https:\/\/swmikolaj.org\/index.php\/wp-json\/wp\/v2\/posts"}],"about":[{"href":"https:\/\/swmikolaj.org\/index.php\/wp-json\/wp\/v2\/types\/post"}],"author":[{"embeddable":true,"href":"https:\/\/swmikolaj.org\/index.php\/wp-json\/wp\/v2\/users\/4"}],"replies":[{"embeddable":true,"href":"https:\/\/swmikolaj.org\/index.php\/wp-json\/wp\/v2\/comments?post=1507"}],"version-history":[{"count":1,"href":"https:\/\/swmikolaj.org\/index.php\/wp-json\/wp\/v2\/posts\/1507\/revisions"}],"predecessor-version":[{"id":2531,"href":"https:\/\/swmikolaj.org\/index.php\/wp-json\/wp\/v2\/posts\/1507\/revisions\/2531"}],"wp:attachment":[{"href":"https:\/\/swmikolaj.org\/index.php\/wp-json\/wp\/v2\/media?parent=1507"}],"wp:term":[{"taxonomy":"category","embeddable":true,"href":"https:\/\/swmikolaj.org\/index.php\/wp-json\/wp\/v2\/categories?post=1507"},{"taxonomy":"post_tag","embeddable":true,"href":"https:\/\/swmikolaj.org\/index.php\/wp-json\/wp\/v2\/tags?post=1507"}],"curies":[{"name":"wp","href":"https:\/\/api.w.org\/{rel}","templated":true}]}}