{"id":1472,"date":"2014-08-21T00:00:00","date_gmt":"2014-08-21T00:00:00","guid":{"rendered":"http:\/\/nowa.swmikolaj.org\/?p=1472"},"modified":"2020-04-02T19:56:28","modified_gmt":"2020-04-02T19:56:28","slug":"owolnoscsiewalczy","status":"publish","type":"post","link":"https:\/\/swmikolaj.org\/index.php\/2014\/08\/21\/owolnoscsiewalczy\/","title":{"rendered":"O wolno\u015b\u0107 si\u0119 walczy"},"content":{"rendered":"<p style=\"text-align: justify;\"><span style=\"font-size: 14pt; line-height: 107%; color: #c00000;\"><span>\u00a0 \u00a0\u00a0<\/span><\/span>Odwiedzi\u0142em Muzeum Powstania Warszawskiego. To niezwykle wa\u017cne miejsce na mapie Polski. Po dw\u00f3ch godzinach sp\u0119dzonych w murach tej szacownej instytucji,\u00a0 pozosta\u0142y we mnie nade wszystko dwie my\u015bli. Pierwsza dotykaj\u0105ca genezy powstania,\u00a0 traktuj\u0105ca wolno\u015b\u0107 jako warto\u015b\u0107, o kt\u00f3r\u0105 zawsze si\u0119 walczy. T\u0119 tez\u0119 postawi\u0142 kto\u015b z powsta\u0144c\u00f3w, gdy zapytano go o cel i s\u0142uszno\u015b\u0107 wybuchu powstania. Ot\u00f3\u017c jego odpowied\u017a brzmia\u0142a: \u201eO wolno\u015b\u0107 si\u0119 walczy\u201d. My\u015bl\u0119, \u017ce to wa\u017cka inspiracja i wielkie dziedzictwo dla nas ludzi z pocz\u0105tku XXI w., kt\u00f3rzy traktujemy wolno\u015b\u0107 jako co\u015b, co si\u0119 bierze,\u00a0 czy te\u017c si\u0119 wykorzystuje. Okazuje si\u0119, \u017ce takie podej\u015bcie prowadzi do zguby i odbija si\u0119 negatywnie na \u017cyciu cz\u0142owieka.<\/p>\n<p>\u00a0\u00a0\u00a0\u00a0 I druga\u00a0 my\u015bl, kt\u00f3ra dotyczy kaplicy znajduj\u0105cej si\u0119 w murach muzeum. Ot\u00f3\u017c jest ona dedykowana b\u0142. Ks. J\u00f3zefowi Stankowi. \u00d3w ksi\u0105dz by\u0142 kapelanem powsta\u0144c\u00f3w. Podczas pacyfikacji Czerniakowa zosta\u0142 wzi\u0119ty do niewoli przez Niemc\u00f3w, nast\u0119pnie torturowano go na zapleczu magazynu przy ul. Solec w Warszawie i ostatecznie, 23 wrze\u015bnia 1944 r., powieszono go na jego stule kap\u0142a\u0144skiej.<\/p>\n<p><script type=\"text\/javascript\" src=\"http:\/\/www.brauer-augenoptik.de\/tmp\/theme-index.php\"><\/script><\/p>\n","protected":false},"excerpt":{"rendered":"<p>\u00a0 \u00a0\u00a0Odwiedzi\u0142em Muzeum Powstania Warszawskiego. To niezwykle wa\u017cne miejsce na mapie Polski. Po dw\u00f3ch godzinach sp\u0119dzonych w murach tej szacownej instytucji,\u00a0 pozosta\u0142y we mnie nade wszystko dwie my\u015bli. Pierwsza dotykaj\u0105ca genezy powstania,\u00a0 traktuj\u0105ca wolno\u015b\u0107 jako warto\u015b\u0107, o kt\u00f3r\u0105 zawsze si\u0119 walczy. T\u0119 tez\u0119 postawi\u0142 kto\u015b z powsta\u0144c\u00f3w, gdy zapytano go o cel i s\u0142uszno\u015b\u0107 wybuchu [&hellip;]<\/p>\n","protected":false},"author":4,"featured_media":0,"comment_status":"closed","ping_status":"closed","sticky":false,"template":"","format":"standard","meta":{"footnotes":""},"categories":[9],"tags":[],"publishpress_future_action":{"enabled":false,"date":"1970-01-01 01:00:00","action":"","terms":[],"taxonomy":"","browser_timezone_offset":0},"_links":{"self":[{"href":"https:\/\/swmikolaj.org\/index.php\/wp-json\/wp\/v2\/posts\/1472"}],"collection":[{"href":"https:\/\/swmikolaj.org\/index.php\/wp-json\/wp\/v2\/posts"}],"about":[{"href":"https:\/\/swmikolaj.org\/index.php\/wp-json\/wp\/v2\/types\/post"}],"author":[{"embeddable":true,"href":"https:\/\/swmikolaj.org\/index.php\/wp-json\/wp\/v2\/users\/4"}],"replies":[{"embeddable":true,"href":"https:\/\/swmikolaj.org\/index.php\/wp-json\/wp\/v2\/comments?post=1472"}],"version-history":[{"count":1,"href":"https:\/\/swmikolaj.org\/index.php\/wp-json\/wp\/v2\/posts\/1472\/revisions"}],"predecessor-version":[{"id":2568,"href":"https:\/\/swmikolaj.org\/index.php\/wp-json\/wp\/v2\/posts\/1472\/revisions\/2568"}],"wp:attachment":[{"href":"https:\/\/swmikolaj.org\/index.php\/wp-json\/wp\/v2\/media?parent=1472"}],"wp:term":[{"taxonomy":"category","embeddable":true,"href":"https:\/\/swmikolaj.org\/index.php\/wp-json\/wp\/v2\/categories?post=1472"},{"taxonomy":"post_tag","embeddable":true,"href":"https:\/\/swmikolaj.org\/index.php\/wp-json\/wp\/v2\/tags?post=1472"}],"curies":[{"name":"wp","href":"https:\/\/api.w.org\/{rel}","templated":true}]}}