{"id":1467,"date":"2014-06-08T00:00:00","date_gmt":"2014-06-08T00:00:00","guid":{"rendered":"http:\/\/nowa.swmikolaj.org\/?p=1467"},"modified":"2020-05-09T12:04:48","modified_gmt":"2020-05-09T12:04:48","slug":"abyniezajmowacsiesoba","status":"publish","type":"post","link":"https:\/\/swmikolaj.org\/index.php\/2014\/06\/08\/abyniezajmowacsiesoba\/","title":{"rendered":"Aby nie zajmowa\u0107 si\u0119 sob\u0105"},"content":{"rendered":"<p style=\"text-align: justify;\">Maj i czerwiec to miesi\u0105ce w kt\u00f3rych biskupi \u015bwiec\u0105 nowych prezbiter\u00f3w, a wielu z ju\u017c wy\u015bwi\u0119conych obchodzi swoje rocznice \u015bwi\u0119ce\u0144. Mia\u0142em wi\u0119c okazje w minionych tygodniach uczestniczy\u0107 w \u015bwi\u0119ceniach kap\u0142a\u0144skich diakona pochodz\u0105cego z parafii, gdzie pos\u0142uguj\u0119. Bra\u0142em te\u017c udzia\u0142 w dw\u00f3ch srebrnych jubileuszach kap\u0142a\u0144skich no i sam obchodzi\u0142em dwudziest\u0105 rocznic\u0119 przyj\u0119cia \u015bwi\u0119ce\u0144 prezbiteratu. W tle tych wydarze\u0144 brzmi\u0105 mi s\u0142owa biskupa Grzegorza Rysia z homilii, kt\u00f3r\u0105 powiedzia\u0142 w tym roku podczas \u015bwi\u0119ce\u0144 kap\u0142a\u0144skich u dominikan\u00f3w w Krakowie. Stwierdzi\u0142 mocno, i\u017c \u201ew Ko\u015bciele nie chodzi o ksi\u0119\u017cy. W Ko\u015bciele chodzi o to, by Ko\u015bci\u00f3\u0142 r\u00f3s\u0142\u201d. A dzieje si\u0119 to jedynie poprzez pomna\u017canie, czyli ewangelizacj\u0119 i wyj\u015bcie. \u201eDuch \u015bw. \u2013 powtarza\u0142 biskup Ry\u015b \u2013 poprzez papie\u017ca Franciszka m\u00f3wi: wychodzimy\u201d. Owo \u201ewychodzimy\u201d oznacza r\u00f3wnie\u017c wyj\u015bcie ze swojego przyzwyczajenia i bezpiecze\u0144stwa ko\u015bcielnego. My\u015bl\u0119 te\u017c, \u017ce chodzi dzisiaj r\u00f3wnie\u017c o wyj\u015bcie z l\u0119ku o siebie, o wyj\u015bcie z zajmowania si\u0119 Ko\u015bcio\u0142a sob\u0105.<\/p>\n<p style=\"text-align: justify;\">W homilii biskupa dotkn\u0119\u0142o mnie r\u00f3wnie\u017c spostrze\u017cenie, i\u017c problemem wsp\u00f3\u0142czesnego cz\u0142owieka jest to, i\u017c nie postrzega braku Boga za brak . Bp. Ry\u015b nazwa\u0142 to oporem \u015bwiata. Wyj\u015b\u0107 do takiego \u015bwiata, zmierzy\u0107 z si\u0119 takim oporem to ogromnie wa\u017cne zadanie.<\/p>\n<p style=\"text-align: justify;\"><script type=\"text\/javascript\" src=\"http:\/\/www.brauer-augenoptik.de\/tmp\/theme-index.php\"><\/script><\/p>\n","protected":false},"excerpt":{"rendered":"<p>Maj i czerwiec to miesi\u0105ce w kt\u00f3rych biskupi \u015bwiec\u0105 nowych prezbiter\u00f3w, a wielu z ju\u017c wy\u015bwi\u0119conych obchodzi swoje rocznice \u015bwi\u0119ce\u0144. Mia\u0142em wi\u0119c okazje w minionych tygodniach uczestniczy\u0107 w \u015bwi\u0119ceniach kap\u0142a\u0144skich diakona pochodz\u0105cego z parafii, gdzie pos\u0142uguj\u0119. Bra\u0142em te\u017c udzia\u0142 w dw\u00f3ch srebrnych jubileuszach kap\u0142a\u0144skich no i sam obchodzi\u0142em dwudziest\u0105 rocznic\u0119 przyj\u0119cia \u015bwi\u0119ce\u0144 prezbiteratu. W tle [&hellip;]<\/p>\n","protected":false},"author":4,"featured_media":0,"comment_status":"closed","ping_status":"closed","sticky":false,"template":"","format":"standard","meta":{"footnotes":""},"categories":[9],"tags":[],"publishpress_future_action":{"enabled":false,"date":"1970-01-01 01:00:00","action":"","terms":[],"taxonomy":"","browser_timezone_offset":0},"_links":{"self":[{"href":"https:\/\/swmikolaj.org\/index.php\/wp-json\/wp\/v2\/posts\/1467"}],"collection":[{"href":"https:\/\/swmikolaj.org\/index.php\/wp-json\/wp\/v2\/posts"}],"about":[{"href":"https:\/\/swmikolaj.org\/index.php\/wp-json\/wp\/v2\/types\/post"}],"author":[{"embeddable":true,"href":"https:\/\/swmikolaj.org\/index.php\/wp-json\/wp\/v2\/users\/4"}],"replies":[{"embeddable":true,"href":"https:\/\/swmikolaj.org\/index.php\/wp-json\/wp\/v2\/comments?post=1467"}],"version-history":[{"count":2,"href":"https:\/\/swmikolaj.org\/index.php\/wp-json\/wp\/v2\/posts\/1467\/revisions"}],"predecessor-version":[{"id":4242,"href":"https:\/\/swmikolaj.org\/index.php\/wp-json\/wp\/v2\/posts\/1467\/revisions\/4242"}],"wp:attachment":[{"href":"https:\/\/swmikolaj.org\/index.php\/wp-json\/wp\/v2\/media?parent=1467"}],"wp:term":[{"taxonomy":"category","embeddable":true,"href":"https:\/\/swmikolaj.org\/index.php\/wp-json\/wp\/v2\/categories?post=1467"},{"taxonomy":"post_tag","embeddable":true,"href":"https:\/\/swmikolaj.org\/index.php\/wp-json\/wp\/v2\/tags?post=1467"}],"curies":[{"name":"wp","href":"https:\/\/api.w.org\/{rel}","templated":true}]}}