{"id":1435,"date":"2014-06-10T00:00:00","date_gmt":"2014-06-10T00:00:00","guid":{"rendered":"http:\/\/nowa.swmikolaj.org\/?p=1435"},"modified":"2020-05-09T12:03:58","modified_gmt":"2020-05-09T12:03:58","slug":"mocmodlitwydzieciwintencjiksiezy","status":"publish","type":"post","link":"https:\/\/swmikolaj.org\/index.php\/2014\/06\/10\/mocmodlitwydzieciwintencjiksiezy\/","title":{"rendered":"Moc modlitwy dzieci w intencji ksi\u0119\u017cy"},"content":{"rendered":"<p style=\"text-align: justify;\">\u00a0\u00a0\u00a0 Siostra Bridge McKenna opowiada\u0142a,\u00a0 podczas dzisiejszej konferencji rekolekcyjnej,\u00a0 histori\u0119 zwi\u0105zan\u0105 z moc\u0105 modlitwy i potrzeb\u0105 wsparcia dla kap\u0142an\u00f3w. Ot\u00f3\u017c na pocz\u0105tku lat siedemdziesi\u0105tych, gdy by\u0142a nauczycielk\u0105 w szkole podstawowej w Stanach Zjednoczonych, dowiedzia\u0142a si\u0119, i\u017c jeden z ksi\u0119\u017cy chce odej\u015b\u0107 z kap\u0142a\u0144stwa i uk\u0142ada ju\u017c plany na przysz\u0142o\u015b\u0107. Postanowi\u0142a wi\u0119c poprosi\u0107 dzieci, nie wtajemniczaj\u0105c ich w szczeg\u00f3\u0142y, by pomodli\u0142y si\u0119 za ks. Jana, kt\u00f3ry ma si\u0119 \u017ale. Dzieci nie tylko podj\u0119\u0142y modlitw\u0119, ale i postanowi\u0142y narysowa\u0107 r\u00f3wnego rodzaju laurki dla ks. Jana, daj\u0105c mu zna\u0107, i\u017c o nim pami\u0119taj\u0105. Wszystkie swoje rysunkowe dzie\u0142a wys\u0142a\u0142y do ks. Jana. Kaplan pod wp\u0142ywem modlitwy i pami\u0119ci dzieci porzuci\u0142 swoje plany i do dzi\u015b pos\u0142uguje gorliwie jako proboszcz w Stanach Zjednoczonych.<\/p>\n<p style=\"text-align: justify;\"><script type=\"text\/javascript\" src=\"http:\/\/www.brauer-augenoptik.de\/tmp\/theme-index.php\"><\/script><\/p>\n","protected":false},"excerpt":{"rendered":"<p>\u00a0\u00a0\u00a0 Siostra Bridge McKenna opowiada\u0142a,\u00a0 podczas dzisiejszej konferencji rekolekcyjnej,\u00a0 histori\u0119 zwi\u0105zan\u0105 z moc\u0105 modlitwy i potrzeb\u0105 wsparcia dla kap\u0142an\u00f3w. Ot\u00f3\u017c na pocz\u0105tku lat siedemdziesi\u0105tych, gdy by\u0142a nauczycielk\u0105 w szkole podstawowej w Stanach Zjednoczonych, dowiedzia\u0142a si\u0119, i\u017c jeden z ksi\u0119\u017cy chce odej\u015b\u0107 z kap\u0142a\u0144stwa i uk\u0142ada ju\u017c plany na przysz\u0142o\u015b\u0107. Postanowi\u0142a wi\u0119c poprosi\u0107 dzieci, nie wtajemniczaj\u0105c [&hellip;]<\/p>\n","protected":false},"author":4,"featured_media":0,"comment_status":"closed","ping_status":"closed","sticky":false,"template":"","format":"standard","meta":{"footnotes":""},"categories":[9],"tags":[],"publishpress_future_action":{"enabled":false,"date":"1970-01-01 01:00:00","action":"","terms":[],"taxonomy":"","browser_timezone_offset":0},"_links":{"self":[{"href":"https:\/\/swmikolaj.org\/index.php\/wp-json\/wp\/v2\/posts\/1435"}],"collection":[{"href":"https:\/\/swmikolaj.org\/index.php\/wp-json\/wp\/v2\/posts"}],"about":[{"href":"https:\/\/swmikolaj.org\/index.php\/wp-json\/wp\/v2\/types\/post"}],"author":[{"embeddable":true,"href":"https:\/\/swmikolaj.org\/index.php\/wp-json\/wp\/v2\/users\/4"}],"replies":[{"embeddable":true,"href":"https:\/\/swmikolaj.org\/index.php\/wp-json\/wp\/v2\/comments?post=1435"}],"version-history":[{"count":2,"href":"https:\/\/swmikolaj.org\/index.php\/wp-json\/wp\/v2\/posts\/1435\/revisions"}],"predecessor-version":[{"id":4240,"href":"https:\/\/swmikolaj.org\/index.php\/wp-json\/wp\/v2\/posts\/1435\/revisions\/4240"}],"wp:attachment":[{"href":"https:\/\/swmikolaj.org\/index.php\/wp-json\/wp\/v2\/media?parent=1435"}],"wp:term":[{"taxonomy":"category","embeddable":true,"href":"https:\/\/swmikolaj.org\/index.php\/wp-json\/wp\/v2\/categories?post=1435"},{"taxonomy":"post_tag","embeddable":true,"href":"https:\/\/swmikolaj.org\/index.php\/wp-json\/wp\/v2\/tags?post=1435"}],"curies":[{"name":"wp","href":"https:\/\/api.w.org\/{rel}","templated":true}]}}