{"id":143487,"date":"2024-02-25T16:50:06","date_gmt":"2024-02-25T15:50:06","guid":{"rendered":"https:\/\/swmikolaj.org\/?p=143487"},"modified":"2024-02-25T16:50:08","modified_gmt":"2024-02-25T15:50:08","slug":"kawiarenka-po-sumie-parafialnej-25-02-2024","status":"publish","type":"post","link":"https:\/\/swmikolaj.org\/index.php\/2024\/02\/25\/kawiarenka-po-sumie-parafialnej-25-02-2024\/","title":{"rendered":"Kawiarenka po sumie parafialnej (25.02.2024)"},"content":{"rendered":"\n<p>\u2615\ufe0f\u2615\ufe0f\u2615\ufe0fKolejna kawiarenka po sumie parafialnej ju\u017c za nami&#8230; Tym razem przygotowali\u015bmy relacj\u0119 tiktokow\u0105. By\u0142o licznie, rozmownie i gwarno&#8230; Nie zabrak\u0142o te\u017c wspomnie\u0144 o \u015bp. pani Marii Rogowskiej &#8211; naszej parafiance, kt\u00f3r\u0105 niedawno po\u017cegnali\u015bmy.<\/p>\n\n\n\n<figure class=\"wp-block-embed is-type-video is-provider-tiktok wp-block-embed-tiktok\"><div class=\"wp-block-embed__wrapper\">\n<blockquote class=\"tiktok-embed\" cite=\"https:\/\/www.tiktok.com\/@glos_mikolaja\/video\/7339553913865129249\" data-video-id=\"7339553913865129249\" data-embed-from=\"oembed\" style=\"max-width: 605px;min-width: 325px;\" > <section> <a target=\"_blank\" title=\"@glos_mikolaja\" href=\"https:\/\/www.tiktok.com\/@glos_mikolaja?refer=embed\">@glos_mikolaja<\/a> <p>\u2615\ufe0f\u2615\ufe0f\u2615\ufe0fKolejna kawiarenka po sumie parafialnej ju\u017c za nami&#8230; By\u0142o licznie, rozmownie i gwarno&#8230; Nie zabrak\u0142o te\u017c wspomnie\u0144 o \u015b.p. pani Marii &#8211; naszej parafiance, kt\u00f3r\u0105 niedawno po\u017cegnali\u015bmy. Dzi\u0119kujemy za Wasz\u0105 obecno\u015b\u0107 i zapraszamy za tydzie\u0144 \ud83d\ude00 <a title=\"dc\" target=\"_blank\" href=\"https:\/\/www.tiktok.com\/tag\/dc?refer=embed\">#dc<\/a> <a title=\"kawiarenkaparafialna\u2615\ufe0f\" target=\"_blank\" href=\"https:\/\/www.tiktok.com\/tag\/kawiarenkaparafialna%E2%98%95%EF%B8%8F?refer=embed\">#kawiarenkaparafialna\u2615\ufe0f<\/a><a title=\"wspolnota\" target=\"_blank\" href=\"https:\/\/www.tiktok.com\/tag\/wspolnota?refer=embed\">#wspolnota<\/a> <a title=\"kosciolkatolicki\" target=\"_blank\" href=\"https:\/\/www.tiktok.com\/tag\/kosciolkatolicki?refer=embed\">#kosciolkatolicki<\/a> <\/p> <a target=\"_blank\" title=\"\u266c Cafe, coffee, holiday, Vlog(1382609) - zomap\" href=\"https:\/\/www.tiktok.com\/music\/Cafe-coffee-holiday-Vlog-1382609-7190439018458187777?refer=embed\">\u266c Cafe, coffee, holiday, Vlog(1382609) &#8211; zomap<\/a> <\/section> <\/blockquote> <script async src=\"https:\/\/www.tiktok.com\/embed.js\"><\/script>\n<\/div><\/figure>\n\n\n\n<div class=\"xdj266r x11i5rnm xat24cr x1mh8g0r x1vvkbs x126k92a\">\u00a0<\/div>\n<div class=\"x11i5rnm xat24cr x1mh8g0r x1vvkbs xtlvy1s x126k92a\">\ud83d\udc49Dzi\u0119kujemy za Wasz\u0105 obecno\u015b\u0107 i zapraszamy za tydzie\u0144 \ud83d\ude00<\/div>\n<div class=\"x11i5rnm xat24cr x1mh8g0r x1vvkbs xtlvy1s x126k92a\">\ud83d\udc49Zach\u0119camy te\u017c do obserwacji parafialnego konta na TikToku:<\/div>\n<div>\u00a0<\/div>\n\n\n\n<figure class=\"wp-block-embed is-type-rich is-provider-tiktok wp-block-embed-tiktok\"><div class=\"wp-block-embed__wrapper\">\n<blockquote class=\"tiktok-embed\" cite=\"https:\/\/www.tiktok.com\/@glos_mikolaja\" data-unique-id=\"glos_mikolaja\" data-embed-from=\"oembed\" data-embed-type=\"creator\" style=\"max-width: 780px; min-width: 288px;\" > <section> <a target=\"_blank\" href=\"https:\/\/www.tiktok.com\/@glos_mikolaja?refer=creator_embed\">@glos_mikolaja<\/a> <\/section> <\/blockquote> <script async src=\"https:\/\/www.tiktok.com\/embed.js\"><\/script>\n<\/div><\/figure>\n","protected":false},"excerpt":{"rendered":"<p>\u2615\ufe0f\u2615\ufe0f\u2615\ufe0fKolejna kawiarenka po sumie parafialnej ju\u017c za nami&#8230; Tym razem przygotowali\u015bmy relacj\u0119 tiktokow\u0105. By\u0142o licznie, rozmownie i gwarno&#8230; Nie zabrak\u0142o te\u017c wspomnie\u0144 o \u015bp. pani Marii Rogowskiej &#8211; naszej parafiance, kt\u00f3r\u0105 niedawno po\u017cegnali\u015bmy. \u00a0 \ud83d\udc49Dzi\u0119kujemy za Wasz\u0105 obecno\u015b\u0107 i zapraszamy za tydzie\u0144 \ud83d\ude00 \ud83d\udc49Zach\u0119camy te\u017c do obserwacji parafialnego konta na TikToku: \u00a0<\/p>\n","protected":false},"author":3,"featured_media":0,"comment_status":"closed","ping_status":"closed","sticky":false,"template":"","format":"standard","meta":{"footnotes":""},"categories":[8],"tags":[],"publishpress_future_action":{"enabled":false,"date":"1970-01-01 01:00:00","action":"","terms":[],"taxonomy":"","browser_timezone_offset":0},"_links":{"self":[{"href":"https:\/\/swmikolaj.org\/index.php\/wp-json\/wp\/v2\/posts\/143487"}],"collection":[{"href":"https:\/\/swmikolaj.org\/index.php\/wp-json\/wp\/v2\/posts"}],"about":[{"href":"https:\/\/swmikolaj.org\/index.php\/wp-json\/wp\/v2\/types\/post"}],"author":[{"embeddable":true,"href":"https:\/\/swmikolaj.org\/index.php\/wp-json\/wp\/v2\/users\/3"}],"replies":[{"embeddable":true,"href":"https:\/\/swmikolaj.org\/index.php\/wp-json\/wp\/v2\/comments?post=143487"}],"version-history":[{"count":1,"href":"https:\/\/swmikolaj.org\/index.php\/wp-json\/wp\/v2\/posts\/143487\/revisions"}],"predecessor-version":[{"id":143490,"href":"https:\/\/swmikolaj.org\/index.php\/wp-json\/wp\/v2\/posts\/143487\/revisions\/143490"}],"wp:attachment":[{"href":"https:\/\/swmikolaj.org\/index.php\/wp-json\/wp\/v2\/media?parent=143487"}],"wp:term":[{"taxonomy":"category","embeddable":true,"href":"https:\/\/swmikolaj.org\/index.php\/wp-json\/wp\/v2\/categories?post=143487"},{"taxonomy":"post_tag","embeddable":true,"href":"https:\/\/swmikolaj.org\/index.php\/wp-json\/wp\/v2\/tags?post=143487"}],"curies":[{"name":"wp","href":"https:\/\/api.w.org\/{rel}","templated":true}]}}