{"id":1425,"date":"2020-03-13T10:55:38","date_gmt":"2020-03-13T10:55:38","guid":{"rendered":"http:\/\/nowa.swmikolaj.org\/?p=1425"},"modified":"2020-04-02T10:40:50","modified_gmt":"2020-04-02T10:40:50","slug":"intencjemszysw-16-22-03-2020","status":"publish","type":"post","link":"https:\/\/swmikolaj.org\/index.php\/2020\/03\/13\/intencjemszysw-16-22-03-2020\/","title":{"rendered":"INTENCJE MSZY \u015aW. 16 &#8211; 22\/03\/2020"},"content":{"rendered":"<table border=\"1\" class=\"MsoNormalTable\" style=\"border-collapse: collapse; border: none; width: 647px;\" cellspacing=\"0\" cellpadding=\"0\">\n<tbody>\n<tr style=\"mso-yfti-irow: 0; mso-yfti-firstrow: yes;\">\n<td colspan=\"2\" style=\"width: 485.45pt; border: solid windowtext 1.0pt; mso-border-alt: solid windowtext .5pt; padding: 0cm 3.5pt 0cm 3.5pt;\" valign=\"top\" width=\"647\">\n<p class=\"MsoNormal\" style=\"margin-top: 3.0pt; text-align: center; mso-pagination: none;\" align=\"center\"><strong style=\"mso-bidi-font-weight: normal;\"><span style=\"font-size: 14.0pt; mso-bidi-font-size: 11.0pt; mso-bidi-font-family: Calibri; color: #010000;\">16\/03\/2020 Poniedzia\u0142ek<\/span><\/strong><\/p>\n<\/td>\n<\/tr>\n<tr style=\"mso-yfti-irow: 1; height: 34.0pt;\">\n<td style=\"width: 63.95pt; border: solid windowtext 1.0pt; border-top: none; mso-border-top-alt: solid windowtext .5pt; mso-border-alt: solid windowtext .5pt; padding: 0cm 3.5pt 0cm 3.5pt; height: 34.0pt;\" width=\"85\">\n<p class=\"MsoNormal\" style=\"margin-top: 3.0pt; text-align: center; mso-pagination: none;\" align=\"center\"><strong><span style=\"font-size: 12.0pt; mso-bidi-font-family: Calibri;\">08:00<\/span><\/strong><\/p>\n<\/td>\n<td style=\"width: 421.5pt; border-top: none; border-left: none; border-bottom: solid windowtext 1.0pt; border-right: solid windowtext 1.0pt; mso-border-top-alt: solid windowtext .5pt; mso-border-left-alt: solid windowtext .5pt; mso-border-alt: solid windowtext .5pt; padding: 0cm 3.5pt 0cm 3.5pt; height: 34.0pt;\" valign=\"top\" width=\"562\">\n<p class=\"MsoNormal\" style=\"text-indent: -17.85pt; mso-pagination: none; mso-list: l5 level1 lfo2; margin: 3.0pt 0cm .0001pt 17.85pt;\"><!-- [if !supportLists]--><span style=\"font-size: 12.0pt; mso-bidi-font-family: Calibri; color: black;\"><span style=\"mso-list: Ignore;\">1.<span style=\"font: 7.0pt 'Times New Roman';\">&nbsp;&nbsp;&nbsp;&nbsp;&nbsp; <\/span><\/span><\/span><!--[endif]--><span style=\"font-size: 12.0pt; mso-bidi-font-family: Calibri; color: black;\">+ Rodzice: Anastazja i Boles\u0142aw, J&oacute;zefa i Andrzej oraz rodze\u0144stwo z obojga stron.<\/span><\/p>\n<p class=\"MsoNormal\" style=\"text-indent: -17.85pt; mso-pagination: none; mso-list: l5 level1 lfo2; margin: 3.0pt 0cm .0001pt 17.85pt;\"><!-- [if !supportLists]--><span style=\"font-size: 12.0pt; mso-bidi-font-family: Calibri; color: black;\"><span style=\"mso-list: Ignore;\">2.<span style=\"font: 7.0pt 'Times New Roman';\">&nbsp;&nbsp;&nbsp;&nbsp;&nbsp; <\/span><\/span><\/span><!--[endif]--><span style=\"font-size: 12.0pt; mso-bidi-font-family: Calibri; color: black;\">+ \u017bona Halina w 8 rocz. \u015bmierci oraz rodzice Marta i Jan, Aleksandra i Piotr<\/span><\/p>\n<\/td>\n<\/tr>\n<tr style=\"mso-yfti-irow: 2; height: 53.95pt;\">\n<td style=\"width: 63.95pt; border: solid windowtext 1.0pt; border-top: none; mso-border-top-alt: solid windowtext .5pt; mso-border-alt: solid windowtext .5pt; padding: 0cm 3.5pt 0cm 3.5pt; height: 53.95pt;\" width=\"85\">\n<p class=\"MsoNormal\" style=\"margin-top: 3.0pt; text-align: center; mso-pagination: none;\" align=\"center\"><strong><span style=\"font-size: 12.0pt; mso-bidi-font-family: Calibri;\">18:30<\/span><\/strong><\/p>\n<\/td>\n<td style=\"width: 421.5pt; border-top: none; border-left: none; border-bottom: solid windowtext 1.0pt; border-right: solid windowtext 1.0pt; mso-border-top-alt: solid windowtext .5pt; mso-border-left-alt: solid windowtext .5pt; mso-border-alt: solid windowtext .5pt; padding: 0cm 3.5pt 0cm 3.5pt; height: 53.95pt;\" valign=\"top\" width=\"562\">\n<p class=\"MsoNormal\" style=\"text-indent: -17.85pt; mso-pagination: none; mso-list: l4 level1 lfo1; margin: 3.0pt 0cm .0001pt 17.85pt;\"><!-- [if !supportLists]--><span style=\"font-size: 12.0pt; mso-bidi-font-family: Calibri;\"><span style=\"mso-list: Ignore;\">1.<span style=\"font: 7.0pt 'Times New Roman';\">&nbsp;&nbsp;&nbsp;&nbsp;&nbsp; <\/span><\/span><\/span><!--[endif]--><span style=\"font-size: 12.0pt;\">Dzi\u0119kczynno-b\u0142agalna w intencji Wandy z okazji urodzin z pro\u015bb\u0105 o dalsz\u0105 opiek\u0119 Bo\u017c\u0105 i dary Ducha \u015awi\u0119tego oraz o Bo\u017ce b\u0142ogos\u0142awie\u0144stwo dla ca\u0142ej rodziny<\/span><\/p>\n<p class=\"MsoNormal\" style=\"text-indent: -17.85pt; mso-pagination: none; mso-list: l4 level1 lfo1; margin: 3.0pt 0cm .0001pt 17.85pt;\"><!-- [if !supportLists]--><span style=\"font-size: 12.0pt; mso-bidi-font-family: Calibri;\"><span style=\"mso-list: Ignore;\">2.<span style=\"font: 7.0pt 'Times New Roman';\">&nbsp;&nbsp;&nbsp;&nbsp;&nbsp; <\/span><\/span><\/span><!--[endif]--><span style=\"font-size: 12.0pt; mso-bidi-font-family: Calibri;\">+ Leokadia Szczepkowska &#8211; gregoria\u0144ska<\/span><\/p>\n<p class=\"MsoNormal\" style=\"text-indent: -17.85pt; mso-pagination: none; mso-list: l4 level1 lfo1; margin: 3.0pt 0cm .0001pt 17.85pt;\"><!-- [if !supportLists]--><span style=\"font-size: 12.0pt; mso-bidi-font-family: Calibri;\"><span style=\"mso-list: Ignore;\">3.<span style=\"font: 7.0pt 'Times New Roman';\">&nbsp;&nbsp;&nbsp;&nbsp;&nbsp; <\/span><\/span><\/span><!--[endif]--><span style=\"font-size: 12.0pt; mso-bidi-font-family: Calibri;\">+ Alicja Grucha\u0142a w 2 rocz. \u015bmierci<\/span> <span style=\"font-size: 12.0pt; mso-bidi-font-family: Calibri;\">oraz m\u0105\u017c Eugeniusz i rodzice z obojga stron<\/span><\/p>\n<\/td>\n<\/tr>\n<tr style=\"mso-yfti-irow: 3;\">\n<td colspan=\"2\" style=\"width: 485.45pt; border: solid windowtext 1.0pt; border-top: none; mso-border-top-alt: solid windowtext .5pt; mso-border-alt: solid windowtext .5pt; padding: 0cm 3.5pt 0cm 3.5pt;\" valign=\"top\" width=\"647\">\n<p class=\"MsoNormal\" style=\"margin-top: 3.0pt; text-align: center; mso-pagination: none;\" align=\"center\"><strong style=\"mso-bidi-font-weight: normal;\"><span style=\"font-size: 14.0pt; mso-bidi-font-size: 11.0pt; mso-bidi-font-family: Calibri; color: #010000;\">17\/03\/2020 Wtorek<\/span><\/strong><\/p>\n<\/td>\n<\/tr>\n<tr style=\"mso-yfti-irow: 4; height: 34.0pt;\">\n<td style=\"width: 63.95pt; border: solid windowtext 1.0pt; border-top: none; mso-border-top-alt: solid windowtext .5pt; mso-border-alt: solid windowtext .5pt; padding: 0cm 3.5pt 0cm 3.5pt; height: 34.0pt;\" width=\"85\">\n<p class=\"MsoNormal\" style=\"margin-top: 3.0pt; text-align: center; mso-pagination: none;\" align=\"center\"><strong><span style=\"font-size: 12.0pt; mso-bidi-font-size: 11.0pt; mso-bidi-font-family: Calibri;\">08:00<\/span><\/strong><\/p>\n<\/td>\n<td style=\"width: 421.5pt; border-top: none; border-left: none; border-bottom: solid windowtext 1.0pt; border-right: solid windowtext 1.0pt; mso-border-top-alt: solid windowtext .5pt; mso-border-left-alt: solid windowtext .5pt; mso-border-alt: solid windowtext .5pt; padding: 0cm 3.5pt 0cm 3.5pt; height: 34.0pt;\" valign=\"top\" width=\"562\">\n<p class=\"MsoNormal\" style=\"text-indent: -17.85pt; mso-pagination: none; mso-list: l3 level1 lfo3; margin: 3.0pt 0cm .0001pt 17.85pt;\"><!-- [if !supportLists]--><span style=\"font-size: 12.0pt; mso-bidi-font-size: 11.0pt; mso-bidi-font-family: Calibri; color: black;\"><span style=\"mso-list: Ignore;\">1.<span style=\"font: 7.0pt 'Times New Roman';\">&nbsp;&nbsp;&nbsp;&nbsp;&nbsp; <\/span><\/span><\/span><!--[endif]--><span style=\"font-size: 12.0pt; mso-bidi-font-size: 11.0pt; mso-bidi-font-family: Calibri; color: black;\">+ Rodzice Anna i Zygmunt oraz zmarli z rodziny.<\/span><\/p>\n<p class=\"MsoNormal\" style=\"text-indent: -17.85pt; mso-pagination: none; mso-list: l3 level1 lfo3; margin: 3.0pt 0cm .0001pt 17.85pt;\"><!-- [if !supportLists]--><span style=\"font-size: 12.0pt; mso-bidi-font-size: 11.0pt; mso-bidi-font-family: Calibri; color: black;\"><span style=\"mso-list: Ignore;\">2.<span style=\"font: 7.0pt 'Times New Roman';\">&nbsp;&nbsp;&nbsp;&nbsp;&nbsp; <\/span><\/span><\/span><!--[endif]--><span style=\"font-size: 12.0pt; mso-bidi-font-size: 11.0pt; mso-bidi-font-family: Calibri; color: black;\">+ Gerard w 12 rocz. \u015bmierci oraz zmarli z rodziny Cyrockich<\/span><\/p>\n<\/td>\n<\/tr>\n<tr style=\"mso-yfti-irow: 5; height: 35.8pt;\">\n<td style=\"width: 63.95pt; border: solid windowtext 1.0pt; border-top: none; mso-border-top-alt: solid windowtext .5pt; mso-border-alt: solid windowtext .5pt; padding: 0cm 3.5pt 0cm 3.5pt; height: 35.8pt;\" width=\"85\">\n<p class=\"MsoNormal\" style=\"margin-top: 3.0pt; text-align: center; mso-pagination: none;\" align=\"center\"><strong><span style=\"font-size: 12.0pt; mso-bidi-font-size: 11.0pt; mso-bidi-font-family: Calibri;\">18:30<\/span><\/strong><\/p>\n<\/td>\n<td style=\"width: 421.5pt; border-top: none; border-left: none; border-bottom: solid windowtext 1.0pt; border-right: solid windowtext 1.0pt; mso-border-top-alt: solid windowtext .5pt; mso-border-left-alt: solid windowtext .5pt; mso-border-alt: solid windowtext .5pt; padding: 0cm 3.5pt 0cm 3.5pt; height: 35.8pt;\" valign=\"top\" width=\"562\">\n<p class=\"MsoNormal\" style=\"text-indent: -17.85pt; mso-pagination: none; mso-list: l10 level1 lfo4; margin: 3.0pt 0cm .0001pt 17.85pt;\"><!-- [if !supportLists]--><span style=\"font-size: 12.0pt; mso-bidi-font-size: 11.0pt; mso-bidi-font-family: Calibri; color: black;\"><span style=\"mso-list: Ignore;\">1.<span style=\"font: 7.0pt 'Times New Roman';\">&nbsp;&nbsp;&nbsp;&nbsp;&nbsp; <\/span><\/span><\/span><!--[endif]--><span style=\"font-size: 12.0pt; mso-bidi-font-size: 11.0pt; mso-bidi-font-family: Calibri; color: black;\">+ Leokadia Szczepkowska &#8211; gregoria\u0144ska<\/span><\/p>\n<p class=\"MsoNormal\" style=\"text-indent: -17.85pt; mso-pagination: none; mso-list: l10 level1 lfo4; margin: 3.0pt 0cm .0001pt 17.85pt;\"><!-- [if !supportLists]--><span style=\"font-size: 12.0pt; mso-bidi-font-size: 11.0pt; mso-bidi-font-family: Calibri; color: black;\"><span style=\"mso-list: Ignore;\">2.<span style=\"font: 7.0pt 'Times New Roman';\">&nbsp;&nbsp;&nbsp;&nbsp;&nbsp; <\/span><\/span><\/span><!--[endif]--><span style=\"font-size: 12.0pt; mso-bidi-font-size: 11.0pt; mso-bidi-font-family: Calibri; color: black;\">+ Jadwiga oraz zmarli z rodziny Wantke<\/span><\/p>\n<\/td>\n<\/tr>\n<tr style=\"mso-yfti-irow: 6;\">\n<td colspan=\"2\" style=\"width: 485.45pt; border: solid windowtext 1.0pt; border-top: none; mso-border-top-alt: solid windowtext .5pt; mso-border-alt: solid windowtext .5pt; padding: 0cm 3.5pt 0cm 3.5pt;\" valign=\"top\" width=\"647\">\n<p class=\"MsoNormal\" style=\"margin-top: 3.0pt; text-align: center; mso-pagination: none;\" align=\"center\"><strong style=\"mso-bidi-font-weight: normal;\"><span style=\"font-size: 14.0pt; mso-bidi-font-size: 11.0pt; mso-bidi-font-family: Calibri; color: #010000;\">18\/03\/2020 \u015aroda<\/span><\/strong><\/p>\n<\/td>\n<\/tr>\n<tr style=\"mso-yfti-irow: 7; height: 50.45pt;\">\n<td style=\"width: 63.95pt; border: solid windowtext 1.0pt; border-top: none; mso-border-top-alt: solid windowtext .5pt; mso-border-alt: solid windowtext .5pt; padding: 0cm 3.5pt 0cm 3.5pt; height: 50.45pt;\" width=\"85\">\n<p class=\"MsoNormal\" style=\"margin-top: 3.0pt; text-align: center; mso-pagination: none;\" align=\"center\"><strong><span style=\"font-size: 12.0pt; mso-bidi-font-size: 11.0pt; mso-bidi-font-family: Calibri;\">08:00<\/span><\/strong><\/p>\n<\/td>\n<td style=\"width: 421.5pt; border-top: none; border-left: none; border-bottom: solid windowtext 1.0pt; border-right: solid windowtext 1.0pt; mso-border-top-alt: solid windowtext .5pt; mso-border-left-alt: solid windowtext .5pt; mso-border-alt: solid windowtext .5pt; padding: 0cm 3.5pt 0cm 3.5pt; height: 50.45pt;\" valign=\"top\" width=\"562\">\n<p class=\"MsoNormal\" style=\"text-indent: -17.85pt; mso-pagination: none; mso-list: l2 level1 lfo5; margin: 3.0pt 0cm .0001pt 17.85pt;\"><!-- [if !supportLists]--><span style=\"font-size: 12.0pt; mso-bidi-font-size: 11.0pt; mso-bidi-font-family: Calibri; color: black;\"><span style=\"mso-list: Ignore;\">1.<span style=\"font: 7.0pt 'Times New Roman';\">&nbsp;&nbsp;&nbsp;&nbsp;&nbsp; <\/span><\/span><\/span><!--[endif]--><span style=\"font-size: 12.0pt; mso-bidi-font-size: 11.0pt; mso-bidi-font-family: Calibri; color: black;\">+ W\u0142adys\u0142aw, Maria, Zenobia, Jerzy z rodziny D\u0105browskich oraz Ambro\u017cy, Helena, Franciszek i Jerzy z rodziny Grablowskich<\/span><\/p>\n<p class=\"MsoNormal\" style=\"text-indent: -17.85pt; mso-pagination: none; mso-list: l2 level1 lfo5; margin: 3.0pt 0cm .0001pt 17.85pt;\"><!-- [if !supportLists]--><span style=\"font-size: 12.0pt; mso-bidi-font-size: 11.0pt; mso-bidi-font-family: Calibri; color: black;\"><span style=\"mso-list: Ignore;\">2.<span style=\"font: 7.0pt 'Times New Roman';\">&nbsp;&nbsp;&nbsp;&nbsp;&nbsp; <\/span><\/span><\/span><!--[endif]--><span style=\"font-size: 12.0pt; mso-bidi-font-size: 11.0pt; mso-bidi-font-family: Calibri; color: black;\">+ Czes\u0142awa i Andrzej, Walentyna i Stanis\u0142aw, Anna i Pawe\u0142<\/span><\/p>\n<\/td>\n<\/tr>\n<tr style=\"mso-yfti-irow: 8; height: 34.0pt;\">\n<td style=\"width: 63.95pt; border: solid windowtext 1.0pt; border-top: none; mso-border-top-alt: solid windowtext .5pt; mso-border-alt: solid windowtext .5pt; padding: 0cm 3.5pt 0cm 3.5pt; height: 34.0pt;\" width=\"85\">\n<p class=\"MsoNormal\" style=\"margin-top: 3.0pt; text-align: center; mso-pagination: none;\" align=\"center\"><strong><span style=\"font-size: 12.0pt; mso-bidi-font-size: 11.0pt; mso-bidi-font-family: Calibri;\">18:30<\/span><\/strong><\/p>\n<\/td>\n<td style=\"width: 421.5pt; border-top: none; border-left: none; border-bottom: solid windowtext 1.0pt; border-right: solid windowtext 1.0pt; mso-border-top-alt: solid windowtext .5pt; mso-border-left-alt: solid windowtext .5pt; mso-border-alt: solid windowtext .5pt; padding: 0cm 3.5pt 0cm 3.5pt; height: 34.0pt;\" valign=\"top\" width=\"562\">\n<p class=\"MsoNormal\" style=\"text-indent: -17.85pt; mso-pagination: none; mso-list: l11 level1 lfo6; margin: 3.0pt 0cm .0001pt 17.85pt;\"><!-- [if !supportLists]--><span style=\"font-size: 12.0pt; mso-bidi-font-size: 11.0pt; mso-bidi-font-family: Calibri; color: black;\"><span style=\"mso-list: Ignore;\">1.<span style=\"font: 7.0pt 'Times New Roman';\">&nbsp;&nbsp;&nbsp;&nbsp;&nbsp; <\/span><\/span><\/span><!--[endif]--><span style=\"font-size: 12.0pt; mso-bidi-font-size: 11.0pt; mso-bidi-font-family: Calibri; color: black;\">+ Leokadia Szczepkowska &#8211; gregoria\u0144ska<\/span><\/p>\n<p class=\"MsoNormal\" style=\"text-indent: -17.85pt; mso-pagination: none; mso-list: l11 level1 lfo6; margin: 3.0pt 0cm .0001pt 17.85pt;\"><!-- [if !supportLists]--><span style=\"font-size: 12.0pt; mso-bidi-font-size: 11.0pt; mso-bidi-font-family: Calibri; color: black;\"><span style=\"mso-list: Ignore;\">2.<span style=\"font: 7.0pt 'Times New Roman';\">&nbsp;&nbsp;&nbsp;&nbsp;&nbsp; <\/span><\/span><\/span><!--[endif]--><span style=\"font-size: 12.0pt; mso-bidi-font-size: 11.0pt; mso-bidi-font-family: Calibri; color: black;\">+ Rodzice chrzestni Franciszek i Stanis\u0142awa oraz te\u015bciowie Helena i Alojzy Legandt<\/span><\/p>\n<\/td>\n<\/tr>\n<tr style=\"mso-yfti-irow: 9;\">\n<td colspan=\"2\" style=\"width: 485.45pt; border: solid windowtext 1.0pt; border-top: none; mso-border-top-alt: solid windowtext .5pt; mso-border-alt: solid windowtext .5pt; padding: 0cm 3.5pt 0cm 3.5pt;\" valign=\"top\" width=\"647\">\n<p class=\"MsoNormal\" style=\"margin-top: 3.0pt; text-align: center; mso-pagination: none;\" align=\"center\"><strong style=\"mso-bidi-font-weight: normal;\"><span style=\"font-size: 14.0pt; mso-bidi-font-size: 11.0pt; mso-bidi-font-family: Calibri; color: #010000;\">19\/03\/2020 Czwartek<\/span><\/strong><\/p>\n<\/td>\n<\/tr>\n<tr style=\"mso-yfti-irow: 10; height: 83.25pt;\">\n<td style=\"width: 63.95pt; border: solid windowtext 1.0pt; border-top: none; mso-border-top-alt: solid windowtext .5pt; mso-border-alt: solid windowtext .5pt; padding: 0cm 3.5pt 0cm 3.5pt; height: 83.25pt;\" width=\"85\">\n<p class=\"MsoNormal\" style=\"margin-top: 3.0pt; text-align: center; mso-pagination: none;\" align=\"center\"><strong><span style=\"font-size: 12.0pt; mso-bidi-font-size: 11.0pt; mso-bidi-font-family: Calibri;\">08:00<\/span><\/strong><\/p>\n<\/td>\n<td style=\"width: 421.5pt; border-top: none; border-left: none; border-bottom: solid windowtext 1.0pt; border-right: solid windowtext 1.0pt; mso-border-top-alt: solid windowtext .5pt; mso-border-left-alt: solid windowtext .5pt; mso-border-alt: solid windowtext .5pt; padding: 0cm 3.5pt 0cm 3.5pt; height: 83.25pt;\" valign=\"top\" width=\"562\">\n<p class=\"MsoNormal\" style=\"text-indent: -17.85pt; mso-pagination: none; mso-list: l9 level1 lfo7; margin: 3.0pt 0cm .0001pt 17.85pt;\"><!-- [if !supportLists]--><span style=\"font-size: 12.0pt; mso-bidi-font-size: 11.0pt; mso-bidi-font-family: Calibri; color: black;\"><span style=\"mso-list: Ignore;\">1.<span style=\"font: 7.0pt 'Times New Roman';\">&nbsp;&nbsp;&nbsp;&nbsp;&nbsp; <\/span><\/span><\/span><!--[endif]--><span style=\"font-size: 12.0pt; mso-bidi-font-size: 11.0pt; mso-bidi-font-family: Calibri; color: black;\">Dzi\u0119kczynno-b\u0142agalna w 80 rocz. urodzin Haliny i Wojciecha oraz w 55 rocz. \u015blubu z pro\u015bb\u0105 o dar zdrowia i opiek\u0119 Matki Naj\u015bwi\u0119tszej<\/span><\/p>\n<p class=\"MsoNormal\" style=\"text-indent: -17.85pt; mso-pagination: none; mso-list: l9 level1 lfo7; margin: 3.0pt 0cm .0001pt 17.85pt;\"><!-- [if !supportLists]--><span style=\"font-size: 12.0pt; mso-bidi-font-size: 11.0pt; mso-bidi-font-family: Calibri; color: black;\"><span style=\"mso-list: Ignore;\">2.<span style=\"font: 7.0pt 'Times New Roman';\">&nbsp;&nbsp;&nbsp;&nbsp;&nbsp; <\/span><\/span><\/span><!--[endif]--><span style=\"font-size: 12.0pt; mso-bidi-font-size: 11.0pt; mso-bidi-font-family: Calibri; color: black;\">+ Rodzice, siostra, bratowa, bracia i Julia z rodziny Pie\u0144kowskich oraz rodzice siostry, bracia, bratowe i krewni z rodziny Szymoch&oacute;w<\/span><\/p>\n<p class=\"MsoNormal\" style=\"text-indent: -17.85pt; mso-pagination: none; mso-list: l9 level1 lfo7; margin: 3.0pt 0cm .0001pt 17.85pt;\"><!-- [if !supportLists]--><span style=\"font-size: 12.0pt; mso-bidi-font-size: 11.0pt; mso-bidi-font-family: Calibri; color: black;\"><span style=\"mso-list: Ignore;\">3.<span style=\"font: 7.0pt 'Times New Roman';\">&nbsp;&nbsp;&nbsp;&nbsp;&nbsp; <\/span><\/span><\/span><!--[endif]--><span style=\"font-size: 12.0pt; mso-bidi-font-size: 11.0pt; mso-bidi-font-family: Calibri; color: black;\">+ J&oacute;zef D\u0105gowski<\/span><\/p>\n<\/td>\n<\/tr>\n<tr style=\"mso-yfti-irow: 11; height: 35.8pt;\">\n<td style=\"width: 63.95pt; border: solid windowtext 1.0pt; border-top: none; mso-border-top-alt: solid windowtext .5pt; mso-border-alt: solid windowtext .5pt; padding: 0cm 3.5pt 0cm 3.5pt; height: 35.8pt;\" width=\"85\">\n<p class=\"MsoNormal\" style=\"margin-top: 3.0pt; text-align: center; mso-pagination: none;\" align=\"center\"><strong><span style=\"font-size: 12.0pt; mso-bidi-font-size: 11.0pt; mso-bidi-font-family: Calibri;\">18:30<\/span><\/strong><\/p>\n<\/td>\n<td style=\"width: 421.5pt; border-top: none; border-left: none; border-bottom: solid windowtext 1.0pt; border-right: solid windowtext 1.0pt; mso-border-top-alt: solid windowtext .5pt; mso-border-left-alt: solid windowtext .5pt; mso-border-alt: solid windowtext .5pt; padding: 0cm 3.5pt 0cm 3.5pt; height: 35.8pt;\" valign=\"top\" width=\"562\">\n<p class=\"MsoNormal\" style=\"text-indent: -17.85pt; mso-pagination: none; mso-list: l8 level1 lfo8; margin: 3.0pt 0cm .0001pt 17.85pt;\"><!-- [if !supportLists]--><span style=\"font-size: 12.0pt; mso-bidi-font-size: 11.0pt; mso-bidi-font-family: Calibri; color: black;\"><span style=\"mso-list: Ignore;\">1.<span style=\"font: 7.0pt 'Times New Roman';\">&nbsp;&nbsp;&nbsp;&nbsp;&nbsp; <\/span><\/span><\/span><!--[endif]--><span style=\"font-size: 12.0pt; mso-bidi-font-size: 11.0pt; mso-bidi-font-family: Calibri; color: black;\">+ Leokadia Szczepkowska &#8211; gregoria\u0144ska<\/span><\/p>\n<p class=\"MsoNormal\" style=\"text-indent: -17.85pt; mso-pagination: none; mso-list: l8 level1 lfo8; margin: 3.0pt 0cm .0001pt 17.85pt;\"><!-- [if !supportLists]--><span style=\"font-size: 12.0pt; mso-bidi-font-size: 11.0pt; mso-bidi-font-family: Calibri; color: black;\"><span style=\"mso-list: Ignore;\">2.<span style=\"font: 7.0pt 'Times New Roman';\">&nbsp;&nbsp;&nbsp;&nbsp;&nbsp; <\/span><\/span><\/span><!--[endif]--><span style=\"font-size: 12.0pt; mso-bidi-font-size: 11.0pt; mso-bidi-font-family: Calibri; color: black;\">+ Julianna, Jadwiga, Wac\u0142awa, Irena, J&oacute;zef, Jan, Henryk Kosi\u0144ski<\/span><\/p>\n<\/td>\n<\/tr>\n<tr style=\"mso-yfti-irow: 12;\">\n<td colspan=\"2\" style=\"width: 485.45pt; border: solid windowtext 1.0pt; border-top: none; mso-border-top-alt: solid windowtext .5pt; mso-border-alt: solid windowtext .5pt; padding: 0cm 3.5pt 0cm 3.5pt;\" valign=\"top\" width=\"647\">\n<p class=\"MsoNormal\" style=\"margin-top: 3.0pt; text-align: center; mso-pagination: none;\" align=\"center\"><strong style=\"mso-bidi-font-weight: normal;\"><span style=\"font-size: 14.0pt; mso-bidi-font-size: 11.0pt; mso-bidi-font-family: Calibri; color: #010000;\">20\/03\/2020 Pi\u0105tek<\/span><\/strong><\/p>\n<\/td>\n<\/tr>\n<tr style=\"mso-yfti-irow: 13; height: 35.8pt;\">\n<td style=\"width: 63.95pt; border: solid windowtext 1.0pt; border-top: none; mso-border-top-alt: solid windowtext .5pt; mso-border-alt: solid windowtext .5pt; padding: 0cm 3.5pt 0cm 3.5pt; height: 35.8pt;\" width=\"85\">\n<p class=\"MsoNormal\" style=\"margin-top: 3.0pt; text-align: center; mso-pagination: none;\" align=\"center\"><strong><span style=\"font-size: 12.0pt; mso-bidi-font-size: 11.0pt; mso-bidi-font-family: Calibri;\">08:00<\/span><\/strong><\/p>\n<\/td>\n<td style=\"width: 421.5pt; border-top: none; border-left: none; border-bottom: solid windowtext 1.0pt; border-right: solid windowtext 1.0pt; mso-border-top-alt: solid windowtext .5pt; mso-border-left-alt: solid windowtext .5pt; mso-border-alt: solid windowtext .5pt; padding: 0cm 3.5pt 0cm 3.5pt; height: 35.8pt;\" valign=\"top\" width=\"562\">\n<p class=\"MsoNormal\" style=\"text-indent: -17.85pt; mso-pagination: none; mso-list: l6 level1 lfo9; margin: 3.0pt 0cm .0001pt 17.85pt;\"><!-- [if !supportLists]--><span style=\"font-size: 12.0pt; mso-bidi-font-size: 11.0pt; mso-bidi-font-family: Calibri; color: black;\"><span style=\"mso-list: Ignore;\">1.<span style=\"font: 7.0pt 'Times New Roman';\">&nbsp;&nbsp;&nbsp;&nbsp;&nbsp; <\/span><\/span><\/span><!--[endif]--><span style=\"font-size: 12.0pt; mso-bidi-font-size: 11.0pt; mso-bidi-font-family: Calibri; color: black;\">+ Zmarli w czy\u015b\u0107cu<\/span><\/p>\n<p class=\"MsoNormal\" style=\"text-indent: -17.85pt; mso-pagination: none; mso-list: l6 level1 lfo9; margin: 3.0pt 0cm .0001pt 17.85pt;\"><!-- [if !supportLists]--><span style=\"font-size: 12.0pt; mso-bidi-font-size: 11.0pt; mso-bidi-font-family: Calibri; color: black;\"><span style=\"mso-list: Ignore;\">2.<span style=\"font: 7.0pt 'Times New Roman';\">&nbsp;&nbsp;&nbsp;&nbsp;&nbsp; <\/span><\/span><\/span><!--[endif]--><span style=\"font-size: 12.0pt; mso-bidi-font-size: 11.0pt; mso-bidi-font-family: Calibri; color: black;\">+ S\u0142awomir W\u0105siura<\/span><\/p>\n<\/td>\n<\/tr>\n<tr style=\"mso-yfti-irow: 14; height: 35.8pt;\">\n<td style=\"width: 63.95pt; border: solid windowtext 1.0pt; border-top: none; mso-border-top-alt: solid windowtext .5pt; mso-border-alt: solid windowtext .5pt; padding: 0cm 3.5pt 0cm 3.5pt; height: 35.8pt;\" width=\"85\">\n<p class=\"MsoNormal\" style=\"margin-top: 3.0pt; text-align: center; mso-pagination: none;\" align=\"center\"><strong><span style=\"font-size: 12.0pt; mso-bidi-font-size: 11.0pt; mso-bidi-font-family: Calibri;\">18:30<\/span><\/strong><\/p>\n<\/td>\n<td style=\"width: 421.5pt; border-top: none; border-left: none; border-bottom: solid windowtext 1.0pt; border-right: solid windowtext 1.0pt; mso-border-top-alt: solid windowtext .5pt; mso-border-left-alt: solid windowtext .5pt; mso-border-alt: solid windowtext .5pt; padding: 0cm 3.5pt 0cm 3.5pt; height: 35.8pt;\" valign=\"top\" width=\"562\">\n<p class=\"MsoNormal\" style=\"text-indent: -17.85pt; mso-pagination: none; mso-list: l0 level1 lfo10; margin: 3.0pt 0cm .0001pt 17.85pt;\"><!-- [if !supportLists]--><span style=\"font-size: 12.0pt; mso-bidi-font-size: 11.0pt; mso-bidi-font-family: Calibri; color: black;\"><span style=\"mso-list: Ignore;\">1.<span style=\"font: 7.0pt 'Times New Roman';\">&nbsp;&nbsp;&nbsp;&nbsp;&nbsp; <\/span><\/span><\/span><!--[endif]--><span style=\"font-size: 12.0pt; mso-bidi-font-size: 11.0pt; mso-bidi-font-family: Calibri; color: black;\">+ Leokadia Szczepkowska &#8211; gregoria\u0144ska<\/span><\/p>\n<p class=\"MsoNormal\" style=\"text-indent: -17.85pt; mso-pagination: none; mso-list: l0 level1 lfo10; margin: 3.0pt 0cm .0001pt 17.85pt;\"><!-- [if !supportLists]--><span style=\"font-size: 12.0pt; mso-bidi-font-size: 11.0pt; mso-bidi-font-family: Calibri; color: black;\"><span style=\"mso-list: Ignore;\">2.<span style=\"font: 7.0pt 'Times New Roman';\">&nbsp;&nbsp;&nbsp;&nbsp;&nbsp; <\/span><\/span><\/span><!--[endif]--><span style=\"font-size: 12.0pt; mso-bidi-font-size: 11.0pt; mso-bidi-font-family: Calibri; color: black;\">+ Feliks Trepczyk w 29 rocz. \u015bmierci oraz syn Franciszek<\/span><\/p>\n<\/td>\n<\/tr>\n<tr style=\"mso-yfti-irow: 15;\">\n<td colspan=\"2\" style=\"width: 485.45pt; border: solid windowtext 1.0pt; border-top: none; mso-border-top-alt: solid windowtext .5pt; mso-border-alt: solid windowtext .5pt; padding: 0cm 3.5pt 0cm 3.5pt;\" valign=\"top\" width=\"647\">\n<p class=\"MsoNormal\" style=\"margin-top: 3.0pt; text-align: center; mso-pagination: none;\" align=\"center\"><strong style=\"mso-bidi-font-weight: normal;\"><span style=\"font-size: 14.0pt; mso-bidi-font-size: 11.0pt; mso-bidi-font-family: Calibri; color: #010000;\">21\/03\/2020 Sobota<\/span><\/strong><\/p>\n<\/td>\n<\/tr>\n<tr style=\"mso-yfti-irow: 16; height: 68.6pt;\">\n<td style=\"width: 63.95pt; border: solid windowtext 1.0pt; border-top: none; mso-border-top-alt: solid windowtext .5pt; mso-border-alt: solid windowtext .5pt; padding: 0cm 3.5pt 0cm 3.5pt; height: 68.6pt;\" width=\"85\">\n<p class=\"MsoNormal\" style=\"margin-top: 3.0pt; text-align: center; mso-pagination: none;\" align=\"center\"><strong><span style=\"font-size: 12.0pt; mso-bidi-font-size: 11.0pt; mso-bidi-font-family: Calibri;\">08:00<\/span><\/strong><\/p>\n<\/td>\n<td style=\"width: 421.5pt; border-top: none; border-left: none; border-bottom: solid windowtext 1.0pt; border-right: solid windowtext 1.0pt; mso-border-top-alt: solid windowtext .5pt; mso-border-left-alt: solid windowtext .5pt; mso-border-alt: solid windowtext .5pt; padding: 0cm 3.5pt 0cm 3.5pt; height: 68.6pt;\" valign=\"top\" width=\"562\">\n<p class=\"MsoNormal\" style=\"text-indent: -17.85pt; mso-pagination: none; mso-list: l1 level1 lfo11; margin: 3.0pt 0cm .0001pt 17.85pt;\"><!-- [if !supportLists]--><span style=\"font-size: 12.0pt; mso-bidi-font-size: 11.0pt; mso-bidi-font-family: Calibri; color: black;\"><span style=\"mso-list: Ignore;\">1.<span style=\"font: 7.0pt 'Times New Roman';\">&nbsp;&nbsp;&nbsp;&nbsp;&nbsp; <\/span><\/span><\/span><!--[endif]--><span style=\"font-size: 12.0pt; mso-bidi-font-size: 11.0pt; mso-bidi-font-family: Calibri; color: black;\">+ M\u0105\u017c J&oacute;zef w 17 rocz. \u015bmierci oraz rodzice i bracia Edward i Jan oraz zmarli z rodziny Czerwi\u0144skich, rodzice i bracia Henryk i Eugeniusz<\/span><\/p>\n<p class=\"MsoNormal\" style=\"text-indent: -17.85pt; mso-pagination: none; mso-list: l1 level1 lfo11; margin: 3.0pt 0cm .0001pt 17.85pt;\"><!-- [if !supportLists]--><span style=\"font-size: 12.0pt; mso-bidi-font-size: 11.0pt; mso-bidi-font-family: Calibri; color: black;\"><span style=\"mso-list: Ignore;\">2.<span style=\"font: 7.0pt 'Times New Roman';\">&nbsp;&nbsp;&nbsp;&nbsp;&nbsp; <\/span><\/span><\/span><!--[endif]--><span style=\"font-size: 12.0pt; mso-bidi-font-size: 11.0pt; mso-bidi-font-family: Calibri; color: black;\">+ M\u0105\u017c J&oacute;zef, syn Adam Zielman<\/span><\/p>\n<p class=\"MsoNormal\" style=\"text-indent: -17.85pt; mso-pagination: none; mso-list: l1 level1 lfo11; margin: 3.0pt 0cm .0001pt 17.85pt;\"><!-- [if !supportLists]--><span style=\"font-size: 12.0pt; mso-bidi-font-size: 11.0pt; mso-bidi-font-family: Calibri; color: black;\"><span style=\"mso-list: Ignore;\">3.<span style=\"font: 7.0pt 'Times New Roman';\">&nbsp;&nbsp;&nbsp;&nbsp;&nbsp; <\/span><\/span><\/span><!--[endif]--><span style=\"font-size: 12.0pt; mso-bidi-font-size: 11.0pt; mso-bidi-font-family: Calibri; color: black;\">+ Zbigniew w 13 rocz. \u015bmierci oraz Roman<\/span><\/p>\n<p><span style=\"font-size: 12pt;\">4.&nbsp;O Bo\u017ce b\u0142ogos\u0142awie\u0144stwo i dary Ducha \u015awi\u0119tego dla Jadwigi i Sebastiana<\/span><\/p>\n<\/td>\n<\/tr>\n<tr style=\"mso-yfti-irow: 17;\">\n<td style=\"width: 63.95pt; border: solid windowtext 1.0pt; border-top: none; mso-border-top-alt: solid windowtext .5pt; mso-border-alt: solid windowtext .5pt; padding: 0cm 3.5pt 0cm 3.5pt;\" width=\"85\">\n<p class=\"MsoNormal\" style=\"margin-top: 3.0pt; text-align: center; mso-pagination: none;\" align=\"center\"><strong><span style=\"font-size: 12.0pt; mso-bidi-font-size: 11.0pt; mso-bidi-font-family: Calibri;\">18:30<\/span><\/strong><\/p>\n<\/td>\n<td style=\"width: 421.5pt; border-top: none; border-left: none; border-bottom: solid windowtext 1.0pt; border-right: solid windowtext 1.0pt; mso-border-top-alt: solid windowtext .5pt; mso-border-left-alt: solid windowtext .5pt; mso-border-alt: solid windowtext .5pt; padding: 0cm 3.5pt 0cm 3.5pt;\" valign=\"top\" width=\"562\">\n<p class=\"MsoNormal\" style=\"margin-top: 3.0pt; mso-pagination: none;\"><span style=\"font-size: 12.0pt; mso-bidi-font-size: 11.0pt; mso-bidi-font-family: Calibri; color: black;\">+ Leokadia Szczepkowska &#8211; gregoria\u0144ska<\/span><\/p>\n<\/td>\n<\/tr>\n<tr style=\"mso-yfti-irow: 18;\">\n<td colspan=\"2\" style=\"width: 485.45pt; border: solid windowtext 1.0pt; border-top: none; mso-border-top-alt: solid windowtext .5pt; mso-border-alt: solid windowtext .5pt; padding: 0cm 3.5pt 0cm 3.5pt;\" valign=\"top\" width=\"647\">\n<p class=\"MsoNormal\" style=\"margin-top: 3.0pt; text-align: center; mso-pagination: none;\" align=\"center\"><strong style=\"mso-bidi-font-weight: normal;\"><span style=\"font-size: 14.0pt; mso-bidi-font-size: 11.0pt; mso-bidi-font-family: Calibri; color: #010000;\">22\/03\/2020<\/span><\/strong><\/p>\n<p class=\"MsoNormal\" style=\"margin-top: 3.0pt; text-align: center; mso-pagination: none;\" align=\"center\"><strong style=\"mso-bidi-font-weight: normal;\"><span style=\"font-size: 14.0pt; mso-bidi-font-size: 11.0pt; mso-bidi-font-family: Calibri; color: #010000;\">IV Niedziela Wielkiego Postu<\/span><\/strong><\/p>\n<\/td>\n<\/tr>\n<tr style=\"mso-yfti-irow: 19; height: 35.8pt;\">\n<td style=\"width: 63.95pt; border: solid windowtext 1.0pt; border-top: none; mso-border-top-alt: solid windowtext .5pt; mso-border-alt: solid windowtext .5pt; padding: 0cm 3.5pt 0cm 3.5pt; height: 35.8pt;\" width=\"85\">\n<p class=\"MsoNormal\" style=\"margin-top: 3.0pt; text-align: center; mso-pagination: none;\" align=\"center\"><strong><span style=\"font-size: 12.0pt; mso-bidi-font-size: 11.0pt; mso-bidi-font-family: Calibri;\">08:00<\/span><\/strong><\/p>\n<\/td>\n<td style=\"width: 421.5pt; border-top: none; border-left: none; border-bottom: solid windowtext 1.0pt; border-right: solid windowtext 1.0pt; mso-border-top-alt: solid windowtext .5pt; mso-border-left-alt: solid windowtext .5pt; mso-border-alt: solid windowtext .5pt; padding: 0cm 3.5pt 0cm 3.5pt; height: 35.8pt;\" valign=\"top\" width=\"562\">\n<p class=\"MsoNormal\" style=\"text-indent: -17.85pt; mso-pagination: none; mso-list: l7 level1 lfo12; margin: 3.0pt 0cm .0001pt 17.85pt;\"><!-- [if !supportLists]--><span style=\"font-size: 12.0pt; mso-bidi-font-size: 11.0pt; mso-bidi-font-family: Calibri; color: black;\"><span style=\"mso-list: Ignore;\">1.<span style=\"font: 7.0pt 'Times New Roman';\">&nbsp;&nbsp;&nbsp;&nbsp;&nbsp; <\/span><\/span><\/span><!--[endif]--><span style=\"font-size: 12.0pt; mso-bidi-font-size: 11.0pt; mso-bidi-font-family: Calibri; color: black;\">+ Ryszard Gasiulewicz w 4 rocz. \u015bmierci<\/span><\/p>\n<p class=\"MsoNormal\" style=\"text-indent: -17.85pt; mso-pagination: none; mso-list: l7 level1 lfo12; margin: 3.0pt 0cm .0001pt 17.85pt;\"><!-- [if !supportLists]--><span style=\"font-size: 12.0pt; mso-bidi-font-size: 11.0pt; mso-bidi-font-family: Calibri; color: black;\"><span style=\"mso-list: Ignore;\">2.<span style=\"font: 7.0pt 'Times New Roman';\">&nbsp;&nbsp;&nbsp;&nbsp;&nbsp; <\/span><\/span><\/span><!--[endif]--><span style=\"font-size: 12.0pt; mso-bidi-font-size: 11.0pt; mso-bidi-font-family: Calibri; color: black;\">+ Leokadia Szczepkowska &#8211; gregoria\u0144ska<\/span><\/p>\n<\/td>\n<\/tr>\n<tr style=\"mso-yfti-irow: 20;\">\n<td style=\"width: 63.95pt; border: solid windowtext 1.0pt; border-top: none; mso-border-top-alt: solid windowtext .5pt; mso-border-alt: solid windowtext .5pt; padding: 0cm 3.5pt 0cm 3.5pt;\" width=\"85\">\n<p class=\"MsoNormal\" style=\"margin-top: 3.0pt; text-align: center; mso-pagination: none;\" align=\"center\"><strong><span style=\"font-size: 12.0pt; mso-bidi-font-size: 11.0pt; mso-bidi-font-family: Calibri;\">10:00<\/span><\/strong><\/p>\n<\/td>\n<td style=\"width: 421.5pt; border-top: none; border-left: none; border-bottom: solid windowtext 1.0pt; border-right: solid windowtext 1.0pt; mso-border-top-alt: solid windowtext .5pt; mso-border-left-alt: solid windowtext .5pt; mso-border-alt: solid windowtext .5pt; padding: 0cm 3.5pt 0cm 3.5pt;\" valign=\"top\" width=\"562\">\n<p class=\"MsoNormal\" style=\"margin-top: 3.0pt; mso-pagination: none;\"><span style=\"font-size: 12.0pt; mso-bidi-font-size: 11.0pt; mso-bidi-font-family: Calibri; color: black;\">W intencji parafii <\/span><\/p>\n<\/td>\n<\/tr>\n<tr style=\"mso-yfti-irow: 21;\">\n<td style=\"width: 63.95pt; border: solid windowtext 1.0pt; border-top: none; mso-border-top-alt: solid windowtext .5pt; mso-border-alt: solid windowtext .5pt; padding: 0cm 3.5pt 0cm 3.5pt;\" width=\"85\">\n<p class=\"MsoNormal\" style=\"margin-top: 3.0pt; text-align: center; mso-pagination: none;\" align=\"center\"><strong><span style=\"font-size: 12.0pt; mso-bidi-font-size: 11.0pt; mso-bidi-font-family: Calibri;\">11:30<\/span><\/strong><\/p>\n<\/td>\n<td style=\"width: 421.5pt; border-top: none; border-left: none; border-bottom: solid windowtext 1.0pt; border-right: solid windowtext 1.0pt; mso-border-top-alt: solid windowtext .5pt; mso-border-left-alt: solid windowtext .5pt; mso-border-alt: solid windowtext .5pt; padding: 0cm 3.5pt 0cm 3.5pt;\" valign=\"top\" width=\"562\">\n<p class=\"MsoNormal\" style=\"margin-top: 3.0pt; mso-pagination: none;\"><span style=\"font-size: 12.0pt; mso-bidi-font-size: 11.0pt; mso-bidi-font-family: Calibri; color: black;\">+ Ma\u0142gorzata Doering oraz Brunon Doering<\/span><\/p>\n<\/td>\n<\/tr>\n<tr style=\"mso-yfti-irow: 22;\">\n<td style=\"width: 63.95pt; border: solid windowtext 1.0pt; border-top: none; mso-border-top-alt: solid windowtext .5pt; mso-border-alt: solid windowtext .5pt; padding: 0cm 3.5pt 0cm 3.5pt;\" width=\"85\">\n<p class=\"MsoNormal\" style=\"margin-top: 3.0pt; text-align: center; mso-pagination: none;\" align=\"center\"><strong><span style=\"font-size: 12.0pt; mso-bidi-font-size: 11.0pt; mso-bidi-font-family: Calibri;\">13:00<\/span><\/strong><\/p>\n<\/td>\n<td style=\"width: 421.5pt; border-top: none; border-left: none; border-bottom: solid windowtext 1.0pt; border-right: solid windowtext 1.0pt; mso-border-top-alt: solid windowtext .5pt; mso-border-left-alt: solid windowtext .5pt; mso-border-alt: solid windowtext .5pt; padding: 0cm 3.5pt 0cm 3.5pt;\" valign=\"top\" width=\"562\">\n<p class=\"MsoNormal\" style=\"margin-top: 3.0pt; mso-pagination: none;\"><span style=\"font-size: 12.0pt; mso-bidi-font-size: 11.0pt; mso-bidi-font-family: Calibri; color: black;\">Dzi\u0119kczynno-b\u0142agalna w intencji dzieci<\/span><\/p>\n<\/td>\n<\/tr>\n<tr style=\"mso-yfti-irow: 23;\">\n<td style=\"width: 63.95pt; border: solid windowtext 1.0pt; border-top: none; mso-border-top-alt: solid windowtext .5pt; mso-border-alt: solid windowtext .5pt; padding: 0cm 3.5pt 0cm 3.5pt;\" width=\"85\">\n<p class=\"MsoNormal\" style=\"margin-top: 3.0pt; text-align: center; mso-pagination: none;\" align=\"center\"><strong><span style=\"font-size: 12.0pt; mso-bidi-font-size: 11.0pt; mso-bidi-font-family: Calibri;\">18:30<\/span><\/strong><\/p>\n<\/td>\n<td style=\"width: 421.5pt; border-top: none; border-left: none; border-bottom: solid windowtext 1.0pt; border-right: solid windowtext 1.0pt; mso-border-top-alt: solid windowtext .5pt; mso-border-left-alt: solid windowtext .5pt; mso-border-alt: solid windowtext .5pt; padding: 0cm 3.5pt 0cm 3.5pt;\" valign=\"top\" width=\"562\">\n<p class=\"MsoNormal\" style=\"margin-top: 3.0pt; mso-pagination: none;\"><span style=\"font-size: 12.0pt; mso-bidi-font-size: 11.0pt; mso-bidi-font-family: Calibri; color: black;\">+ Janina i Franciszek Jarczy\u0144scy<\/span><\/p>\n<\/td>\n<\/tr>\n<tr style=\"mso-yfti-irow: 24; mso-yfti-lastrow: yes;\">\n<td style=\"width: 63.95pt; border: solid windowtext 1.0pt; border-top: none; mso-border-top-alt: solid windowtext .5pt; mso-border-alt: solid windowtext .5pt; padding: 0cm 3.5pt 0cm 3.5pt;\" width=\"85\">\n<p class=\"MsoNormal\" style=\"margin-top: 3.0pt; text-align: center; mso-pagination: none;\" align=\"center\"><strong><span style=\"font-size: 12.0pt; mso-bidi-font-size: 11.0pt; mso-bidi-font-family: Calibri;\">17:00DK<\/span><\/strong><\/p>\n<\/td>\n<td style=\"width: 421.5pt; border-top: none; border-left: none; border-bottom: solid windowtext 1.0pt; border-right: solid windowtext 1.0pt; mso-border-top-alt: solid windowtext .5pt; mso-border-left-alt: solid windowtext .5pt; mso-border-alt: solid windowtext .5pt; padding: 0cm 3.5pt 0cm 3.5pt;\" valign=\"top\" width=\"562\">\n<p class=\"MsoNormal\" style=\"margin-top: 3.0pt; mso-pagination: none;\"><span style=\"font-size: 12.0pt; mso-bidi-font-size: 11.0pt; mso-bidi-font-family: Calibri; color: black;\">+ Piotr \u017burawski oraz rodzice Emilia i Kazimierz<\/span><\/p>\n<\/td>\n<\/tr>\n<\/tbody>\n<\/table>\n","protected":false},"excerpt":{"rendered":"<p>16\/03\/2020 Poniedzia\u0142ek 08:00 1.&nbsp;&nbsp;&nbsp;&nbsp;&nbsp; + Rodzice: Anastazja i Boles\u0142aw, J&oacute;zefa i Andrzej oraz rodze\u0144stwo z obojga stron. 2.&nbsp;&nbsp;&nbsp;&nbsp;&nbsp; + \u017bona Halina w 8 rocz. \u015bmierci oraz rodzice Marta i Jan, Aleksandra i Piotr 18:30 1.&nbsp;&nbsp;&nbsp;&nbsp;&nbsp; Dzi\u0119kczynno-b\u0142agalna w intencji Wandy z okazji urodzin z pro\u015bb\u0105 o dalsz\u0105 opiek\u0119 Bo\u017c\u0105 i dary Ducha \u015awi\u0119tego oraz o Bo\u017ce [&hellip;]<\/p>\n","protected":false},"author":4,"featured_media":0,"comment_status":"closed","ping_status":"closed","sticky":false,"template":"","format":"standard","meta":{"footnotes":""},"categories":[10],"tags":[],"publishpress_future_action":{"enabled":false,"date":"1970-01-01 01:00:00","action":"","terms":[],"taxonomy":"","browser_timezone_offset":0},"_links":{"self":[{"href":"https:\/\/swmikolaj.org\/index.php\/wp-json\/wp\/v2\/posts\/1425"}],"collection":[{"href":"https:\/\/swmikolaj.org\/index.php\/wp-json\/wp\/v2\/posts"}],"about":[{"href":"https:\/\/swmikolaj.org\/index.php\/wp-json\/wp\/v2\/types\/post"}],"author":[{"embeddable":true,"href":"https:\/\/swmikolaj.org\/index.php\/wp-json\/wp\/v2\/users\/4"}],"replies":[{"embeddable":true,"href":"https:\/\/swmikolaj.org\/index.php\/wp-json\/wp\/v2\/comments?post=1425"}],"version-history":[{"count":1,"href":"https:\/\/swmikolaj.org\/index.php\/wp-json\/wp\/v2\/posts\/1425\/revisions"}],"predecessor-version":[{"id":1681,"href":"https:\/\/swmikolaj.org\/index.php\/wp-json\/wp\/v2\/posts\/1425\/revisions\/1681"}],"wp:attachment":[{"href":"https:\/\/swmikolaj.org\/index.php\/wp-json\/wp\/v2\/media?parent=1425"}],"wp:term":[{"taxonomy":"category","embeddable":true,"href":"https:\/\/swmikolaj.org\/index.php\/wp-json\/wp\/v2\/categories?post=1425"},{"taxonomy":"post_tag","embeddable":true,"href":"https:\/\/swmikolaj.org\/index.php\/wp-json\/wp\/v2\/tags?post=1425"}],"curies":[{"name":"wp","href":"https:\/\/api.w.org\/{rel}","templated":true}]}}