{"id":1412,"date":"2020-01-24T12:48:23","date_gmt":"2020-01-24T12:48:23","guid":{"rendered":"http:\/\/nowa.swmikolaj.org\/?p=1412"},"modified":"2020-04-02T10:41:27","modified_gmt":"2020-04-02T10:41:27","slug":"intencjemszyswietych27-1-02-02-2020","status":"publish","type":"post","link":"https:\/\/swmikolaj.org\/index.php\/2020\/01\/24\/intencjemszyswietych27-1-02-02-2020\/","title":{"rendered":"INTENCJE MSZY \u015aWI\u0118TYCH 27\/1 &#8211; 02\/02\/2020"},"content":{"rendered":"<table border=\"1\" class=\"MsoNormalTable\" style=\"border-collapse: collapse; border: none; width: 647px;\" cellspacing=\"0\" cellpadding=\"0\">\n<tbody>\n<tr>\n<td colspan=\"2\" style=\"width: 485.45pt; border: solid windowtext 1.0pt; mso-border-alt: solid windowtext .5pt; padding: 0cm 3.5pt 0cm 3.5pt;\" valign=\"top\" width=\"647\">\n<p class=\"MsoNormal\" style=\"margin-top: 3.0pt; text-align: center; mso-pagination: none;\" align=\"center\"><strong><span style=\"font-size: 12.0pt; mso-ascii-font-family: Calibri; mso-ascii-theme-font: minor-latin; mso-hansi-font-family: Calibri; mso-hansi-theme-font: minor-latin; mso-bidi-font-family: Calibri; mso-bidi-theme-font: minor-latin; color: #010000;\">27\/01\/2020 Poniedzia\u0142ek<\/span><\/strong><\/p>\n<\/td>\n<\/tr>\n<tr style=\"mso-yfti-irow: 1; height: 50.45pt;\">\n<td style=\"width: 63.95pt; border: solid windowtext 1.0pt; border-top: none; mso-border-top-alt: solid windowtext .5pt; mso-border-alt: solid windowtext .5pt; padding: 0cm 3.5pt 0cm 3.5pt; height: 50.45pt;\" width=\"85\">\n<p class=\"MsoNormal\" style=\"margin-top: 3.0pt; text-align: center; mso-pagination: none;\" align=\"center\"><strong><span style=\"font-size: 12.0pt; mso-ascii-font-family: Calibri; mso-ascii-theme-font: minor-latin; mso-hansi-font-family: Calibri; mso-hansi-theme-font: minor-latin; mso-bidi-font-family: Calibri; mso-bidi-theme-font: minor-latin;\">08:00<\/span><\/strong><\/p>\n<\/td>\n<td style=\"width: 421.5pt; border-top: none; border-left: none; border-bottom: solid windowtext 1.0pt; border-right: solid windowtext 1.0pt; mso-border-top-alt: solid windowtext .5pt; mso-border-left-alt: solid windowtext .5pt; mso-border-alt: solid windowtext .5pt; padding: 0cm 3.5pt 0cm 3.5pt; height: 50.45pt;\" valign=\"top\" width=\"562\">\n<p class=\"MsoNormal\" style=\"text-indent: -17.85pt; mso-pagination: none; mso-list: l6 level1 lfo1; margin: 3.0pt 0cm .0001pt 17.85pt;\"><!-- [if !supportLists]--><span style=\"font-size: 12pt;\">1.<span style=\"font-variant-numeric: normal; font-variant-east-asian: normal; font-stretch: normal; font-size: 7pt; line-height: normal; font-family: 'Times New Roman';\">&nbsp;&nbsp;&nbsp;&nbsp;&nbsp; <\/span><\/span><!--[endif]--><span style=\"font-size: 12pt;\">+ Siostry Janina w 15 rocz. \u015bmierci i Wanda w 5 rocz. \u015bmierci oraz rodzice Helena i Kazimierz<\/span><\/p>\n<p class=\"MsoNormal\" style=\"text-indent: -17.85pt; mso-pagination: none; mso-list: l6 level1 lfo1; margin: 3.0pt 0cm .0001pt 17.85pt;\"><!-- [if !supportLists]--><span style=\"font-size: 12pt;\">2.<span style=\"font-variant-numeric: normal; font-variant-east-asian: normal; font-stretch: normal; font-size: 7pt; line-height: normal; font-family: 'Times New Roman';\">&nbsp;&nbsp;&nbsp;&nbsp;&nbsp; <\/span><\/span><!--[endif]--><span style=\"font-size: 12pt;\">+ Zofia, Zygmunt i Stanis\u0142aw<\/span><\/p>\n<\/td>\n<\/tr>\n<tr style=\"mso-yfti-irow: 2; height: 35.8pt;\">\n<td style=\"width: 63.95pt; border: solid windowtext 1.0pt; border-top: none; mso-border-top-alt: solid windowtext .5pt; mso-border-alt: solid windowtext .5pt; padding: 0cm 3.5pt 0cm 3.5pt; height: 35.8pt;\" width=\"85\">\n<p class=\"MsoNormal\" style=\"margin-top: 3.0pt; text-align: center; mso-pagination: none;\" align=\"center\"><strong><span style=\"font-size: 12.0pt; mso-ascii-font-family: Calibri; mso-ascii-theme-font: minor-latin; mso-hansi-font-family: Calibri; mso-hansi-theme-font: minor-latin; mso-bidi-font-family: Calibri; mso-bidi-theme-font: minor-latin;\">18:30<\/span><\/strong><\/p>\n<\/td>\n<td style=\"width: 421.5pt; border-top: none; border-left: none; border-bottom: solid windowtext 1.0pt; border-right: solid windowtext 1.0pt; mso-border-top-alt: solid windowtext .5pt; mso-border-left-alt: solid windowtext .5pt; mso-border-alt: solid windowtext .5pt; padding: 0cm 3.5pt 0cm 3.5pt; height: 35.8pt;\" valign=\"top\" width=\"562\">\n<p class=\"MsoNormal\" style=\"text-indent: -17.85pt; mso-pagination: none; mso-list: l11 level1 lfo2; margin: 3.0pt 0cm .0001pt 17.85pt;\"><!-- [if !supportLists]--><span style=\"font-size: 12pt;\">1.<span style=\"font-variant-numeric: normal; font-variant-east-asian: normal; font-stretch: normal; font-size: 7pt; line-height: normal; font-family: 'Times New Roman';\">&nbsp;&nbsp;&nbsp;&nbsp;&nbsp; <\/span><\/span><!--[endif]--><span style=\"font-size: 12pt;\">+ \u0141ukasz Myszograj &#8211; gregoria\u0144ska<\/span><\/p>\n<p class=\"MsoNormal\" style=\"text-indent: -17.85pt; mso-pagination: none; mso-list: l11 level1 lfo2; margin: 3.0pt 0cm .0001pt 17.85pt;\"><!-- [if !supportLists]--><span style=\"font-size: 12pt;\">2.<span style=\"font-variant-numeric: normal; font-variant-east-asian: normal; font-stretch: normal; font-size: 7pt; line-height: normal; font-family: 'Times New Roman';\">&nbsp;&nbsp;&nbsp;&nbsp;&nbsp; <\/span><\/span><!--[endif]--><span style=\"font-size: 12pt;\">+ El\u017cbieta Czarnecka &#8211; intencja od s\u0105siad&oacute;w z M\u0142y\u0144skiej 11<\/span><\/p>\n<\/td>\n<\/tr>\n<tr>\n<td colspan=\"2\" style=\"width: 485.45pt; border: solid windowtext 1.0pt; border-top: none; mso-border-top-alt: solid windowtext .5pt; mso-border-alt: solid windowtext .5pt; padding: 0cm 3.5pt 0cm 3.5pt;\" valign=\"top\" width=\"647\">\n<p class=\"MsoNormal\" style=\"margin-top: 3.0pt; text-align: center; mso-pagination: none;\" align=\"center\"><strong><span style=\"font-size: 12.0pt; mso-ascii-font-family: Calibri; mso-ascii-theme-font: minor-latin; mso-hansi-font-family: Calibri; mso-hansi-theme-font: minor-latin; mso-bidi-font-family: Calibri; mso-bidi-theme-font: minor-latin; color: #010000;\">28\/01\/2020 Wtorek<\/span><\/strong><\/p>\n<\/td>\n<\/tr>\n<tr style=\"mso-yfti-irow: 4; height: 35.8pt;\">\n<td style=\"width: 63.95pt; border: solid windowtext 1.0pt; border-top: none; mso-border-top-alt: solid windowtext .5pt; mso-border-alt: solid windowtext .5pt; padding: 0cm 3.5pt 0cm 3.5pt; height: 35.8pt;\" width=\"85\">\n<p class=\"MsoNormal\" style=\"margin-top: 3.0pt; text-align: center; mso-pagination: none;\" align=\"center\"><strong><span style=\"font-size: 12.0pt; mso-ascii-font-family: Calibri; mso-ascii-theme-font: minor-latin; mso-hansi-font-family: Calibri; mso-hansi-theme-font: minor-latin; mso-bidi-font-family: Calibri; mso-bidi-theme-font: minor-latin;\">08:00<\/span><\/strong><\/p>\n<\/td>\n<td style=\"width: 421.5pt; border-top: none; border-left: none; border-bottom: solid windowtext 1.0pt; border-right: solid windowtext 1.0pt; mso-border-top-alt: solid windowtext .5pt; mso-border-left-alt: solid windowtext .5pt; mso-border-alt: solid windowtext .5pt; padding: 0cm 3.5pt 0cm 3.5pt; height: 35.8pt;\" valign=\"top\" width=\"562\">\n<p class=\"MsoNormal\" style=\"text-indent: -17.85pt; mso-pagination: none; mso-list: l1 level1 lfo3; margin: 3.0pt 0cm .0001pt 17.85pt;\"><!-- [if !supportLists]--><span style=\"font-size: 12pt;\">1.<span style=\"font-variant-numeric: normal; font-variant-east-asian: normal; font-stretch: normal; font-size: 7pt; line-height: normal; font-family: 'Times New Roman';\">&nbsp;&nbsp;&nbsp;&nbsp;&nbsp; <\/span><\/span><!--[endif]--><span style=\"font-size: 12pt;\">W intencji Barbary wiadomej Panu Bogu<\/span><\/p>\n<p class=\"MsoNormal\" style=\"text-indent: -17.85pt; mso-pagination: none; mso-list: l1 level1 lfo3; margin: 3.0pt 0cm .0001pt 17.85pt;\"><!-- [if !supportLists]--><span style=\"font-size: 12pt;\">2.<span style=\"font-variant-numeric: normal; font-variant-east-asian: normal; font-stretch: normal; font-size: 7pt; line-height: normal; font-family: 'Times New Roman';\">&nbsp;&nbsp;&nbsp;&nbsp;&nbsp; <\/span><\/span><!--[endif]--><span style=\"font-size: 12pt;\">+ Janusz \u015aliwi\u0144ski w 15 rocz. \u015bmierci oraz rodzice i rodze\u0144stwo z obojga stron<\/span><\/p>\n<\/td>\n<\/tr>\n<tr style=\"mso-yfti-irow: 5; height: 35.8pt;\">\n<td style=\"width: 63.95pt; border: solid windowtext 1.0pt; border-top: none; mso-border-top-alt: solid windowtext .5pt; mso-border-alt: solid windowtext .5pt; padding: 0cm 3.5pt 0cm 3.5pt; height: 35.8pt;\" width=\"85\">\n<p class=\"MsoNormal\" style=\"margin-top: 3.0pt; text-align: center; mso-pagination: none;\" align=\"center\"><strong><span style=\"font-size: 12.0pt; mso-ascii-font-family: Calibri; mso-ascii-theme-font: minor-latin; mso-hansi-font-family: Calibri; mso-hansi-theme-font: minor-latin; mso-bidi-font-family: Calibri; mso-bidi-theme-font: minor-latin;\">18:30<\/span><\/strong><\/p>\n<\/td>\n<td style=\"width: 421.5pt; border-top: none; border-left: none; border-bottom: solid windowtext 1.0pt; border-right: solid windowtext 1.0pt; mso-border-top-alt: solid windowtext .5pt; mso-border-left-alt: solid windowtext .5pt; mso-border-alt: solid windowtext .5pt; padding: 0cm 3.5pt 0cm 3.5pt; height: 35.8pt;\" valign=\"top\" width=\"562\">\n<p class=\"MsoNormal\" style=\"text-indent: -17.85pt; mso-pagination: none; mso-list: l8 level1 lfo4; margin: 3.0pt 0cm .0001pt 17.85pt;\"><!-- [if !supportLists]--><span style=\"font-size: 12pt;\">1.<span style=\"font-variant-numeric: normal; font-variant-east-asian: normal; font-stretch: normal; font-size: 7pt; line-height: normal; font-family: 'Times New Roman';\">&nbsp;&nbsp;&nbsp;&nbsp;&nbsp; <\/span><\/span><!--[endif]--><span style=\"font-size: 12pt;\">+ \u0141ukasz Myszograj &#8211; gregoria\u0144ska<\/span><\/p>\n<p class=\"MsoNormal\" style=\"text-indent: -17.85pt; mso-pagination: none; mso-list: l8 level1 lfo4; margin: 3.0pt 0cm .0001pt 17.85pt;\"><!-- [if !supportLists]--><span style=\"font-size: 12pt;\">2.<span style=\"font-variant-numeric: normal; font-variant-east-asian: normal; font-stretch: normal; font-size: 7pt; line-height: normal; font-family: 'Times New Roman';\">&nbsp;&nbsp;&nbsp;&nbsp;&nbsp; <\/span><\/span><!--[endif]--><span style=\"font-size: 12pt;\">+ M\u0105\u017c Jerzy rodzice z obojga stron, zmarli z rodziny Pabia\u0144skich, Momot&oacute;w i Witold<\/span><\/p>\n<\/td>\n<\/tr>\n<tr>\n<td colspan=\"2\" style=\"width: 485.45pt; border: solid windowtext 1.0pt; border-top: none; mso-border-top-alt: solid windowtext .5pt; mso-border-alt: solid windowtext .5pt; padding: 0cm 3.5pt 0cm 3.5pt;\" valign=\"top\" width=\"647\">\n<p class=\"MsoNormal\" style=\"margin-top: 3.0pt; text-align: center; mso-pagination: none;\" align=\"center\"><strong><span style=\"font-size: 12.0pt; mso-ascii-font-family: Calibri; mso-ascii-theme-font: minor-latin; mso-hansi-font-family: Calibri; mso-hansi-theme-font: minor-latin; mso-bidi-font-family: Calibri; mso-bidi-theme-font: minor-latin; color: #010000;\">29\/01\/2020 \u015aroda<\/span><\/strong><\/p>\n<\/td>\n<\/tr>\n<tr style=\"mso-yfti-irow: 7; height: 50.45pt;\">\n<td style=\"width: 63.95pt; border: solid windowtext 1.0pt; border-top: none; mso-border-top-alt: solid windowtext .5pt; mso-border-alt: solid windowtext .5pt; padding: 0cm 3.5pt 0cm 3.5pt; height: 50.45pt;\" width=\"85\">\n<p class=\"MsoNormal\" style=\"margin-top: 3.0pt; text-align: center; mso-pagination: none;\" align=\"center\"><strong><span style=\"font-size: 12.0pt; mso-ascii-font-family: Calibri; mso-ascii-theme-font: minor-latin; mso-hansi-font-family: Calibri; mso-hansi-theme-font: minor-latin; mso-bidi-font-family: Calibri; mso-bidi-theme-font: minor-latin;\">08:00<\/span><\/strong><\/p>\n<\/td>\n<td style=\"width: 421.5pt; border-top: none; border-left: none; border-bottom: solid windowtext 1.0pt; border-right: solid windowtext 1.0pt; mso-border-top-alt: solid windowtext .5pt; mso-border-left-alt: solid windowtext .5pt; mso-border-alt: solid windowtext .5pt; padding: 0cm 3.5pt 0cm 3.5pt; height: 50.45pt;\" valign=\"top\" width=\"562\">\n<p class=\"MsoNormal\" style=\"text-indent: -17.85pt; mso-pagination: none; mso-list: l7 level1 lfo5; margin: 3.0pt 0cm .0001pt 17.85pt;\"><!-- [if !supportLists]--><span style=\"font-size: 12pt;\">1.<span style=\"font-variant-numeric: normal; font-variant-east-asian: normal; font-stretch: normal; font-size: 7pt; line-height: normal; font-family: 'Times New Roman';\">&nbsp;&nbsp;&nbsp;&nbsp;&nbsp; <\/span><\/span><!--[endif]--><span style=\"font-size: 12pt;\">+ M\u0105\u017c W\u0142adys\u0142aw, wnuk Sebastian, rodzice z obojga stron<\/span><\/p>\n<p class=\"MsoNormal\" style=\"text-indent: -17.85pt; mso-pagination: none; mso-list: l7 level1 lfo5; margin: 3.0pt 0cm .0001pt 17.85pt;\"><!-- [if !supportLists]--><span style=\"font-size: 12pt;\">2.<span style=\"font-variant-numeric: normal; font-variant-east-asian: normal; font-stretch: normal; font-size: 7pt; line-height: normal; font-family: 'Times New Roman';\">&nbsp;&nbsp;&nbsp;&nbsp;&nbsp; <\/span><\/span><!--[endif]--><span style=\"font-size: 12pt;\">+ M\u0105\u017c Hieronim Siebert w 13 rocz. \u015bmierci, rodzice z obojga stron oraz zmarli z rodziny Siebert<\/span><\/p>\n<\/td>\n<\/tr>\n<tr style=\"mso-yfti-irow: 8; height: 50.45pt;\">\n<td style=\"width: 63.95pt; border: solid windowtext 1.0pt; border-top: none; mso-border-top-alt: solid windowtext .5pt; mso-border-alt: solid windowtext .5pt; padding: 0cm 3.5pt 0cm 3.5pt; height: 50.45pt;\" width=\"85\">\n<p class=\"MsoNormal\" style=\"margin-top: 3.0pt; text-align: center; mso-pagination: none;\" align=\"center\"><strong><span style=\"font-size: 12.0pt; mso-ascii-font-family: Calibri; mso-ascii-theme-font: minor-latin; mso-hansi-font-family: Calibri; mso-hansi-theme-font: minor-latin; mso-bidi-font-family: Calibri; mso-bidi-theme-font: minor-latin;\">18:30<\/span><\/strong><\/p>\n<\/td>\n<td style=\"width: 421.5pt; border-top: none; border-left: none; border-bottom: solid windowtext 1.0pt; border-right: solid windowtext 1.0pt; mso-border-top-alt: solid windowtext .5pt; mso-border-left-alt: solid windowtext .5pt; mso-border-alt: solid windowtext .5pt; padding: 0cm 3.5pt 0cm 3.5pt; height: 50.45pt;\" valign=\"top\" width=\"562\">\n<p class=\"MsoNormal\" style=\"text-indent: -17.85pt; mso-pagination: none; mso-list: l0 level1 lfo6; margin: 3.0pt 0cm .0001pt 17.85pt;\"><!-- [if !supportLists]--><span style=\"font-size: 12pt;\">1.<span style=\"font-variant-numeric: normal; font-variant-east-asian: normal; font-stretch: normal; font-size: 7pt; line-height: normal; font-family: 'Times New Roman';\">&nbsp;&nbsp;&nbsp;&nbsp;&nbsp; <\/span><\/span><!--[endif]--><span style=\"font-size: 12pt;\">+ \u0141ukasz Myszograj &#8211; gregoria\u0144ska<\/span><\/p>\n<p class=\"MsoNormal\" style=\"text-indent: -17.85pt; mso-pagination: none; mso-list: l0 level1 lfo6; margin: 3.0pt 0cm .0001pt 17.85pt;\"><!-- [if !supportLists]--><span style=\"font-size: 12pt;\">2.<span style=\"font-variant-numeric: normal; font-variant-east-asian: normal; font-stretch: normal; font-size: 7pt; line-height: normal; font-family: 'Times New Roman';\">&nbsp;&nbsp;&nbsp;&nbsp;&nbsp; <\/span><\/span><!--[endif]--><span style=\"font-size: 12pt;\">+ M\u0105\u017c Aleksander 14 rocz. \u015bmierci, rodzice z obojga stron, brat i bratowa, zmarli z rodziny Kum&oacute;rk&oacute;w<\/span><\/p>\n<\/td>\n<\/tr>\n<tr>\n<td colspan=\"2\" style=\"width: 485.45pt; border: solid windowtext 1.0pt; border-top: none; mso-border-top-alt: solid windowtext .5pt; mso-border-alt: solid windowtext .5pt; padding: 0cm 3.5pt 0cm 3.5pt;\" valign=\"top\" width=\"647\">\n<p class=\"MsoNormal\" style=\"margin-top: 3.0pt; text-align: center; mso-pagination: none;\" align=\"center\"><strong><span style=\"font-size: 12.0pt; mso-ascii-font-family: Calibri; mso-ascii-theme-font: minor-latin; mso-hansi-font-family: Calibri; mso-hansi-theme-font: minor-latin; mso-bidi-font-family: Calibri; mso-bidi-theme-font: minor-latin; color: #010000;\">30\/01\/2020 Czwartek<\/span><\/strong><\/p>\n<\/td>\n<\/tr>\n<tr style=\"mso-yfti-irow: 10; height: 50.45pt;\">\n<td style=\"width: 63.95pt; border: solid windowtext 1.0pt; border-top: none; mso-border-top-alt: solid windowtext .5pt; mso-border-alt: solid windowtext .5pt; padding: 0cm 3.5pt 0cm 3.5pt; height: 50.45pt;\" width=\"85\">\n<p class=\"MsoNormal\" style=\"margin-top: 3.0pt; text-align: center; mso-pagination: none;\" align=\"center\"><strong><span style=\"font-size: 12.0pt; mso-ascii-font-family: Calibri; mso-ascii-theme-font: minor-latin; mso-hansi-font-family: Calibri; mso-hansi-theme-font: minor-latin; mso-bidi-font-family: Calibri; mso-bidi-theme-font: minor-latin;\">08:00<\/span><\/strong><\/p>\n<\/td>\n<td style=\"width: 421.5pt; border-top: none; border-left: none; border-bottom: solid windowtext 1.0pt; border-right: solid windowtext 1.0pt; mso-border-top-alt: solid windowtext .5pt; mso-border-left-alt: solid windowtext .5pt; mso-border-alt: solid windowtext .5pt; padding: 0cm 3.5pt 0cm 3.5pt; height: 50.45pt;\" valign=\"top\" width=\"562\">\n<p class=\"MsoNormal\" style=\"text-indent: -17.85pt; mso-pagination: none; mso-list: l4 level1 lfo7; margin: 3.0pt 0cm .0001pt 17.85pt;\"><!-- [if !supportLists]--><span style=\"font-size: 12pt;\">1.<span style=\"font-variant-numeric: normal; font-variant-east-asian: normal; font-stretch: normal; font-size: 7pt; line-height: normal; font-family: 'Times New Roman';\">&nbsp;&nbsp;&nbsp;&nbsp;&nbsp; <\/span><\/span><!--[endif]--><span style=\"font-size: 12pt;\">+ Rodzice z obojga stron: Aniela i Teofil, Marianna i Leon oraz dziadkowie z obojga stron i zmarli z rodziny.<\/span><\/p>\n<p class=\"MsoNormal\" style=\"text-indent: -17.85pt; mso-pagination: none; mso-list: l4 level1 lfo7; margin: 3.0pt 0cm .0001pt 17.85pt;\"><!-- [if !supportLists]--><span style=\"font-size: 12pt;\">2.<span style=\"font-variant-numeric: normal; font-variant-east-asian: normal; font-stretch: normal; font-size: 7pt; line-height: normal; font-family: 'Times New Roman';\">&nbsp;&nbsp;&nbsp;&nbsp;&nbsp; <\/span><\/span><!--[endif]--><span style=\"font-size: 12pt;\">+ W\u0142adys\u0142awa Hebel oraz zmarli z rodziny Hebel i Gloza<\/span><\/p>\n<\/td>\n<\/tr>\n<tr style=\"mso-yfti-irow: 11; height: 65.1pt;\">\n<td style=\"width: 63.95pt; border: solid windowtext 1.0pt; border-top: none; mso-border-top-alt: solid windowtext .5pt; mso-border-alt: solid windowtext .5pt; padding: 0cm 3.5pt 0cm 3.5pt; height: 65.1pt;\" width=\"85\">\n<p class=\"MsoNormal\" style=\"margin-top: 3.0pt; text-align: center; mso-pagination: none;\" align=\"center\"><strong><span style=\"font-size: 12.0pt; mso-ascii-font-family: Calibri; mso-ascii-theme-font: minor-latin; mso-hansi-font-family: Calibri; mso-hansi-theme-font: minor-latin; mso-bidi-font-family: Calibri; mso-bidi-theme-font: minor-latin;\">18:30<\/span><\/strong><\/p>\n<\/td>\n<td style=\"width: 421.5pt; border-top: none; border-left: none; border-bottom: solid windowtext 1.0pt; border-right: solid windowtext 1.0pt; mso-border-top-alt: solid windowtext .5pt; mso-border-left-alt: solid windowtext .5pt; mso-border-alt: solid windowtext .5pt; padding: 0cm 3.5pt 0cm 3.5pt; height: 65.1pt;\" valign=\"top\" width=\"562\">\n<p class=\"MsoNormal\" style=\"text-indent: -17.85pt; mso-pagination: none; mso-list: l5 level1 lfo8; margin: 3.0pt 0cm .0001pt 17.85pt;\"><!-- [if !supportLists]--><span style=\"font-size: 12pt;\">1.<span style=\"font-variant-numeric: normal; font-variant-east-asian: normal; font-stretch: normal; font-size: 7pt; line-height: normal; font-family: 'Times New Roman';\">&nbsp;&nbsp;&nbsp;&nbsp;&nbsp; <\/span><\/span><!--[endif]--><span style=\"font-size: 12pt;\">++ S\u0142awomir Kalinowski, Marian Kuligowski, Tadeusz Szczypior, Janina Jarz\u0119bska, Wojciech Kaczkowski, Wies\u0142aw Driwa, Henryk D\u0105browski, Zbigniew Paluchowski, Helena \u015awierczy\u0144ska, S\u0142awomir W\u0105siura, Jaros\u0142aw Brzezi\u0144ski, \u0141ucja Cie\u015bluk, Irena Stachowiak, Piotr \u017burawski, Grzegorz Polakow, Regina Ledke, Eugeniusz Majewicz, Stanis\u0142awa Sulewska, Wies\u0142aw Jernasz, Bogus\u0142aw Reszczy\u0144ski, Danuta Bukowska, Stefan Kasprzyk, Konrad Wiczkowski<\/span><\/p>\n<p class=\"MsoNormal\" style=\"text-indent: -17.85pt; mso-pagination: none; mso-list: l5 level1 lfo8; margin: 3.0pt 0cm .0001pt 17.85pt;\"><!-- [if !supportLists]--><span style=\"font-size: 12pt;\">2.<span style=\"font-variant-numeric: normal; font-variant-east-asian: normal; font-stretch: normal; font-size: 7pt; line-height: normal; font-family: 'Times New Roman';\">&nbsp;&nbsp;&nbsp;&nbsp;&nbsp; <\/span><\/span><!--[endif]--><span style=\"font-size: 12pt;\">+ \u0141ukasz Myszograj &#8211; gregoria\u0144ska<\/span><\/p>\n<\/td>\n<\/tr>\n<tr>\n<td colspan=\"2\" style=\"width: 485.45pt; border: solid windowtext 1.0pt; border-top: none; mso-border-top-alt: solid windowtext .5pt; mso-border-alt: solid windowtext .5pt; padding: 0cm 3.5pt 0cm 3.5pt;\" valign=\"top\" width=\"647\">\n<p class=\"MsoNormal\" style=\"margin-top: 3.0pt; text-align: center; mso-pagination: none;\" align=\"center\"><strong><span style=\"font-size: 12.0pt; mso-ascii-font-family: Calibri; mso-ascii-theme-font: minor-latin; mso-hansi-font-family: Calibri; mso-hansi-theme-font: minor-latin; mso-bidi-font-family: Calibri; mso-bidi-theme-font: minor-latin; color: #010000;\">31\/01\/2020 Pi\u0105tek<\/span><\/strong><\/p>\n<\/td>\n<\/tr>\n<tr style=\"mso-yfti-irow: 13; height: 65.1pt;\">\n<td style=\"width: 63.95pt; border: solid windowtext 1.0pt; border-top: none; mso-border-top-alt: solid windowtext .5pt; mso-border-alt: solid windowtext .5pt; padding: 0cm 3.5pt 0cm 3.5pt; height: 65.1pt;\" width=\"85\">\n<p class=\"MsoNormal\" style=\"margin-top: 3.0pt; text-align: center; mso-pagination: none;\" align=\"center\"><strong><span style=\"font-size: 12.0pt; mso-ascii-font-family: Calibri; mso-ascii-theme-font: minor-latin; mso-hansi-font-family: Calibri; mso-hansi-theme-font: minor-latin; mso-bidi-font-family: Calibri; mso-bidi-theme-font: minor-latin;\">08:00<\/span><\/strong><\/p>\n<\/td>\n<td style=\"width: 421.5pt; border-top: none; border-left: none; border-bottom: solid windowtext 1.0pt; border-right: solid windowtext 1.0pt; mso-border-top-alt: solid windowtext .5pt; mso-border-left-alt: solid windowtext .5pt; mso-border-alt: solid windowtext .5pt; padding: 0cm 3.5pt 0cm 3.5pt; height: 65.1pt;\" valign=\"top\" width=\"562\">\n<p class=\"MsoNormal\" style=\"text-indent: -17.85pt; mso-pagination: none; mso-list: l9 level1 lfo9; margin: 3.0pt 0cm .0001pt 17.85pt;\"><!-- [if !supportLists]--><span style=\"font-size: 12pt;\">1.<span style=\"font-variant-numeric: normal; font-variant-east-asian: normal; font-stretch: normal; font-size: 7pt; line-height: normal; font-family: 'Times New Roman';\">&nbsp;&nbsp;&nbsp;&nbsp;&nbsp; <\/span><\/span><!--[endif]--><span style=\"font-size: 12pt;\">+ M\u0105\u017c Ludwik Stefanowski w 13 rocz. \u015bmierci, rodzice z obojga stron, bracia: W\u0142odzimierz i Adolf, oraz dziadkowie i babcie<\/span><\/p>\n<p class=\"MsoNormal\" style=\"text-indent: -17.85pt; mso-pagination: none; mso-list: l9 level1 lfo9; margin: 3.0pt 0cm .0001pt 17.85pt;\"><!-- [if !supportLists]--><span style=\"font-size: 12pt;\">2.<span style=\"font-variant-numeric: normal; font-variant-east-asian: normal; font-stretch: normal; font-size: 7pt; line-height: normal; font-family: 'Times New Roman';\">&nbsp;&nbsp;&nbsp;&nbsp;&nbsp; <\/span><\/span><!--[endif]--><span style=\"font-size: 12pt;\">+ Rodzice Janina i Adolf, Emilia i Andrzej oraz bracia Pawe\u0142, Leonard, Czes\u0142aw, W\u0142adys\u0142aw<\/span><\/p>\n<\/td>\n<\/tr>\n<tr style=\"mso-yfti-irow: 14; height: 50.45pt;\">\n<td style=\"width: 63.95pt; border: solid windowtext 1.0pt; border-top: none; mso-border-top-alt: solid windowtext .5pt; mso-border-alt: solid windowtext .5pt; padding: 0cm 3.5pt 0cm 3.5pt; height: 50.45pt;\" width=\"85\">\n<p class=\"MsoNormal\" style=\"margin-top: 3.0pt; text-align: center; mso-pagination: none;\" align=\"center\"><strong><span style=\"font-size: 12.0pt; mso-ascii-font-family: Calibri; mso-ascii-theme-font: minor-latin; mso-hansi-font-family: Calibri; mso-hansi-theme-font: minor-latin; mso-bidi-font-family: Calibri; mso-bidi-theme-font: minor-latin;\">18:30<\/span><\/strong><\/p>\n<\/td>\n<td style=\"width: 421.5pt; border-top: none; border-left: none; border-bottom: solid windowtext 1.0pt; border-right: solid windowtext 1.0pt; mso-border-top-alt: solid windowtext .5pt; mso-border-left-alt: solid windowtext .5pt; mso-border-alt: solid windowtext .5pt; padding: 0cm 3.5pt 0cm 3.5pt; height: 50.45pt;\" valign=\"top\" width=\"562\">\n<p class=\"MsoNormal\" style=\"text-indent: -17.85pt; mso-pagination: none; mso-list: l3 level1 lfo10; margin: 3.0pt 0cm .0001pt 17.85pt;\"><!-- [if !supportLists]--><span style=\"font-size: 12pt;\">1.<span style=\"font-variant-numeric: normal; font-variant-east-asian: normal; font-stretch: normal; font-size: 7pt; line-height: normal; font-family: 'Times New Roman';\">&nbsp;&nbsp;&nbsp;&nbsp;&nbsp; <\/span><\/span><!--[endif]--><span style=\"font-size: 12pt;\">W intencji Kordian z okazji urodzin z podzi\u0119kowaniem za otrzymane \u0142aski i z pro\u015bb\u0105 o dar zdrowia i Bo\u017ce b\u0142ogos\u0142awie\u0144stwo <\/span><\/p>\n<p class=\"MsoNormal\" style=\"text-indent: -17.85pt; mso-pagination: none; mso-list: l3 level1 lfo10; margin: 3.0pt 0cm .0001pt 17.85pt;\"><!-- [if !supportLists]--><span style=\"font-size: 12pt;\">2.<span style=\"font-variant-numeric: normal; font-variant-east-asian: normal; font-stretch: normal; font-size: 7pt; line-height: normal; font-family: 'Times New Roman';\">&nbsp;&nbsp;&nbsp;&nbsp;&nbsp; <\/span><\/span><!--[endif]--><span style=\"font-size: 12pt;\">+ \u0141ukasz Myszograj &#8211; gregoria\u0144ska<\/span><\/p>\n<\/td>\n<\/tr>\n<tr>\n<td colspan=\"2\" style=\"width: 485.45pt; border: solid windowtext 1.0pt; border-top: none; mso-border-top-alt: solid windowtext .5pt; mso-border-alt: solid windowtext .5pt; padding: 0cm 3.5pt 0cm 3.5pt;\" valign=\"top\" width=\"647\">\n<p class=\"MsoNormal\" style=\"margin-top: 3.0pt; text-align: center; mso-pagination: none;\" align=\"center\"><strong><span style=\"font-size: 12.0pt; mso-ascii-font-family: Calibri; mso-ascii-theme-font: minor-latin; mso-hansi-font-family: Calibri; mso-hansi-theme-font: minor-latin; mso-bidi-font-family: Calibri; mso-bidi-theme-font: minor-latin; color: #010000;\">01\/02\/2020 Sobota<\/span><\/strong><\/p>\n<\/td>\n<\/tr>\n<tr style=\"mso-yfti-irow: 16; height: 83.25pt;\">\n<td style=\"width: 63.95pt; border: solid windowtext 1.0pt; border-top: none; mso-border-top-alt: solid windowtext .5pt; mso-border-alt: solid windowtext .5pt; padding: 0cm 3.5pt 0cm 3.5pt; height: 83.25pt;\" width=\"85\">\n<p class=\"MsoNormal\" style=\"margin-top: 3.0pt; text-align: center; mso-pagination: none;\" align=\"center\"><strong><span style=\"font-size: 12.0pt; mso-ascii-font-family: Calibri; mso-ascii-theme-font: minor-latin; mso-hansi-font-family: Calibri; mso-hansi-theme-font: minor-latin; mso-bidi-font-family: Calibri; mso-bidi-theme-font: minor-latin;\">08:00<\/span><\/strong><\/p>\n<\/td>\n<td style=\"width: 421.5pt; border-top: none; border-left: none; border-bottom: solid windowtext 1.0pt; border-right: solid windowtext 1.0pt; mso-border-top-alt: solid windowtext .5pt; mso-border-left-alt: solid windowtext .5pt; mso-border-alt: solid windowtext .5pt; padding: 0cm 3.5pt 0cm 3.5pt; height: 83.25pt;\" valign=\"top\" width=\"562\">\n<p class=\"MsoNormal\" style=\"text-indent: -17.85pt; mso-pagination: none; mso-list: l2 level1 lfo11; margin: 3.0pt 0cm .0001pt 17.85pt;\"><!-- [if !supportLists]--><span style=\"font-size: 12pt;\">1.<span style=\"font-variant-numeric: normal; font-variant-east-asian: normal; font-stretch: normal; font-size: 7pt; line-height: normal; font-family: 'Times New Roman';\">&nbsp;&nbsp;&nbsp;&nbsp;&nbsp; <\/span><\/span><!--[endif]--><span style=\"font-size: 12pt;\">Dzi\u0119kczynno-b\u0142agalna w intencji IV R&oacute;\u017cy \u017bywego R&oacute;\u017ca\u0144ca z pro\u015bb\u0105 o zdrowie, Bo\u017ce b\u0142ogos\u0142awie\u0144stwo i opiek\u0119 Matki Bo\u017cej dla cz\u0142onki\u0144 i ich rodzin oraz o \u017cycie wieczne dla zmar\u0142ych<\/span><\/p>\n<p class=\"MsoNormal\" style=\"text-indent: -17.85pt; mso-pagination: none; mso-list: l2 level1 lfo11; margin: 3.0pt 0cm .0001pt 17.85pt;\"><!-- [if !supportLists]--><span style=\"font-size: 12pt;\">2.<span style=\"font-variant-numeric: normal; font-variant-east-asian: normal; font-stretch: normal; font-size: 7pt; line-height: normal; font-family: 'Times New Roman';\">&nbsp;&nbsp;&nbsp;&nbsp;&nbsp; <\/span><\/span><!--[endif]--><span style=\"font-size: 12pt;\">+ Genowefa &#8211; gregoria\u0144ska<\/span><\/p>\n<p class=\"MsoNormal\" style=\"text-indent: -17.85pt; mso-pagination: none; mso-list: l2 level1 lfo11; margin: 3.0pt 0cm .0001pt 17.85pt;\"><!-- [if !supportLists]--><span style=\"font-size: 12pt;\">3.<span style=\"font-variant-numeric: normal; font-variant-east-asian: normal; font-stretch: normal; font-size: 7pt; line-height: normal; font-family: 'Times New Roman';\">&nbsp;&nbsp;&nbsp;&nbsp;&nbsp; <\/span><\/span><!--[endif]--><span style=\"font-size: 12pt;\">+ Ignacy w dniu imienin<\/span><\/p>\n<\/td>\n<\/tr>\n<tr>\n<td style=\"width: 63.95pt; border: solid windowtext 1.0pt; border-top: none; mso-border-top-alt: solid windowtext .5pt; mso-border-alt: solid windowtext .5pt; padding: 0cm 3.5pt 0cm 3.5pt;\" width=\"85\">\n<p class=\"MsoNormal\" style=\"margin-top: 3.0pt; text-align: center; mso-pagination: none;\" align=\"center\"><strong><span style=\"font-size: 12.0pt; mso-ascii-font-family: Calibri; mso-ascii-theme-font: minor-latin; mso-hansi-font-family: Calibri; mso-hansi-theme-font: minor-latin; mso-bidi-font-family: Calibri; mso-bidi-theme-font: minor-latin;\">10:00<\/span><\/strong><\/p>\n<\/td>\n<td style=\"width: 421.5pt; border-top: none; border-left: none; border-bottom: solid windowtext 1.0pt; border-right: solid windowtext 1.0pt; mso-border-top-alt: solid windowtext .5pt; mso-border-left-alt: solid windowtext .5pt; mso-border-alt: solid windowtext .5pt; padding: 0cm 3.5pt 0cm 3.5pt;\" valign=\"top\" width=\"562\">\n<p class=\"MsoNormal\" style=\"margin-top: 3.0pt; mso-pagination: none;\"><span style=\"font-size: 12pt;\">DOM PARAFIALNY SALA NR 10<\/span><\/p>\n<p class=\"MsoNormal\" style=\"margin-top: 3.0pt; mso-pagination: none;\"><span style=\"font-size: 12pt;\">W intencji Stowarzyszenia \u015bw. Miko\u0142aja Biskupa i wszystkich wspieraj\u0105cych jego dzia\u0142alno\u015b\u0107<\/span><\/p>\n<\/td>\n<\/tr>\n<tr>\n<td style=\"width: 63.95pt; border: solid windowtext 1.0pt; border-top: none; mso-border-top-alt: solid windowtext .5pt; mso-border-alt: solid windowtext .5pt; padding: 0cm 3.5pt 0cm 3.5pt;\" width=\"85\">\n<p class=\"MsoNormal\" style=\"margin-top: 3.0pt; text-align: center; mso-pagination: none;\" align=\"center\"><strong><span style=\"font-size: 12.0pt; mso-ascii-font-family: Calibri; mso-ascii-theme-font: minor-latin; mso-hansi-font-family: Calibri; mso-hansi-theme-font: minor-latin; mso-bidi-font-family: Calibri; mso-bidi-theme-font: minor-latin;\">18:30<\/span><\/strong><\/p>\n<\/td>\n<td style=\"width: 421.5pt; border-top: none; border-left: none; border-bottom: solid windowtext 1.0pt; border-right: solid windowtext 1.0pt; mso-border-top-alt: solid windowtext .5pt; mso-border-left-alt: solid windowtext .5pt; mso-border-alt: solid windowtext .5pt; padding: 0cm 3.5pt 0cm 3.5pt;\" valign=\"top\" width=\"562\">\n<p class=\"MsoNormal\" style=\"margin-top: 3.0pt; mso-pagination: none;\"><span style=\"font-size: 12pt;\">+ M\u0105\u017c Edmund oraz rodzice i rodze\u0144stwo z obojga stron<\/span><\/p>\n<\/td>\n<\/tr>\n<tr>\n<td colspan=\"2\" style=\"width: 485.45pt; border: solid windowtext 1.0pt; border-top: none; mso-border-top-alt: solid windowtext .5pt; mso-border-alt: solid windowtext .5pt; padding: 0cm 3.5pt 0cm 3.5pt;\" valign=\"top\" width=\"647\">\n<p class=\"MsoNormal\" style=\"margin-top: 3.0pt; text-align: center; mso-pagination: none;\" align=\"center\"><strong><span style=\"font-size: 12.0pt; mso-ascii-font-family: Calibri; mso-ascii-theme-font: minor-latin; mso-hansi-font-family: Calibri; mso-hansi-theme-font: minor-latin; mso-bidi-font-family: Calibri; mso-bidi-theme-font: minor-latin; color: #010000;\">02\/02\/2020 <\/span><\/strong><\/p>\n<p class=\"MsoNormal\" style=\"margin-top: 3.0pt; text-align: center; mso-pagination: none;\" align=\"center\"><strong><span style=\"font-size: 12.0pt; mso-ascii-font-family: Calibri; mso-ascii-theme-font: minor-latin; mso-hansi-font-family: Calibri; mso-hansi-theme-font: minor-latin; mso-bidi-font-family: Calibri; mso-bidi-theme-font: minor-latin; color: #010000;\">IV Niedziela Zwyk\u0142a<\/span><\/strong><\/p>\n<\/td>\n<\/tr>\n<tr style=\"mso-yfti-irow: 20; height: 50.45pt;\">\n<td style=\"width: 63.95pt; border: solid windowtext 1.0pt; border-top: none; mso-border-top-alt: solid windowtext .5pt; mso-border-alt: solid windowtext .5pt; padding: 0cm 3.5pt 0cm 3.5pt; height: 50.45pt;\" width=\"85\">\n<p class=\"MsoNormal\" style=\"margin-top: 3.0pt; text-align: center; mso-pagination: none;\" align=\"center\"><strong><span style=\"font-size: 12.0pt; mso-ascii-font-family: Calibri; mso-ascii-theme-font: minor-latin; mso-hansi-font-family: Calibri; mso-hansi-theme-font: minor-latin; mso-bidi-font-family: Calibri; mso-bidi-theme-font: minor-latin;\">08:00<\/span><\/strong><\/p>\n<\/td>\n<td style=\"width: 421.5pt; border-top: none; border-left: none; border-bottom: solid windowtext 1.0pt; border-right: solid windowtext 1.0pt; mso-border-top-alt: solid windowtext .5pt; mso-border-left-alt: solid windowtext .5pt; mso-border-alt: solid windowtext .5pt; padding: 0cm 3.5pt 0cm 3.5pt; height: 50.45pt;\" valign=\"top\" width=\"562\">\n<p class=\"MsoNormal\" style=\"text-indent: -17.85pt; mso-pagination: none; mso-list: l10 level1 lfo12; margin: 3.0pt 0cm .0001pt 17.85pt;\"><!-- [if !supportLists]--><span style=\"font-size: 12pt;\">1.<span style=\"font-variant-numeric: normal; font-variant-east-asian: normal; font-stretch: normal; font-size: 7pt; line-height: normal; font-family: 'Times New Roman';\">&nbsp;&nbsp;&nbsp;&nbsp;&nbsp; <\/span><\/span><!--[endif]--><span style=\"font-size: 12pt;\">+ Genowefa &#8211; gregoria\u0144ska<\/span><\/p>\n<p class=\"MsoNormal\" style=\"text-indent: -17.85pt; mso-pagination: none; mso-list: l10 level1 lfo12; margin: 3.0pt 0cm .0001pt 17.85pt;\"><!-- [if !supportLists]--><span style=\"font-size: 12pt;\">2.<span style=\"font-variant-numeric: normal; font-variant-east-asian: normal; font-stretch: normal; font-size: 7pt; line-height: normal; font-family: 'Times New Roman';\">&nbsp;&nbsp;&nbsp;&nbsp;&nbsp; <\/span><\/span><!--[endif]--><span style=\"font-size: 12pt;\">+ Zofia, Feliks, Henryk, Dawid, Anna, Bazyli, \u0141ucja, Edward, Bronis\u0142aw, Ludwika, W\u0142adys\u0142awa i zmarli z rodziny Kortas i Kancyr<\/span><\/p>\n<\/td>\n<\/tr>\n<tr>\n<td style=\"width: 63.95pt; border: solid windowtext 1.0pt; border-top: none; mso-border-top-alt: solid windowtext .5pt; mso-border-alt: solid windowtext .5pt; padding: 0cm 3.5pt 0cm 3.5pt;\" width=\"85\">\n<p class=\"MsoNormal\" style=\"margin-top: 3.0pt; text-align: center; mso-pagination: none;\" align=\"center\"><strong><span style=\"font-size: 12.0pt; mso-ascii-font-family: Calibri; mso-ascii-theme-font: minor-latin; mso-hansi-font-family: Calibri; mso-hansi-theme-font: minor-latin; mso-bidi-font-family: Calibri; mso-bidi-theme-font: minor-latin;\">10:00<\/span><\/strong><\/p>\n<\/td>\n<td style=\"width: 421.5pt; border-top: none; border-left: none; border-bottom: solid windowtext 1.0pt; border-right: solid windowtext 1.0pt; mso-border-top-alt: solid windowtext .5pt; mso-border-left-alt: solid windowtext .5pt; mso-border-alt: solid windowtext .5pt; padding: 0cm 3.5pt 0cm 3.5pt;\" valign=\"top\" width=\"562\">\n<p class=\"MsoNormal\" style=\"margin-top: 3.0pt; mso-pagination: none;\"><span style=\"font-size: 12pt;\">W intencji parafii<\/span><\/p>\n<\/td>\n<\/tr>\n<tr>\n<td style=\"width: 63.95pt; border: solid windowtext 1.0pt; border-top: none; mso-border-top-alt: solid windowtext .5pt; mso-border-alt: solid windowtext .5pt; padding: 0cm 3.5pt 0cm 3.5pt;\" width=\"85\">\n<p class=\"MsoNormal\" style=\"margin-top: 3.0pt; text-align: center; mso-pagination: none;\" align=\"center\"><strong><span style=\"font-size: 12.0pt; mso-ascii-font-family: Calibri; mso-ascii-theme-font: minor-latin; mso-hansi-font-family: Calibri; mso-hansi-theme-font: minor-latin; mso-bidi-font-family: Calibri; mso-bidi-theme-font: minor-latin;\">11:30<\/span><\/strong><\/p>\n<\/td>\n<td style=\"width: 421.5pt; border-top: none; border-left: none; border-bottom: solid windowtext 1.0pt; border-right: solid windowtext 1.0pt; mso-border-top-alt: solid windowtext .5pt; mso-border-left-alt: solid windowtext .5pt; mso-border-alt: solid windowtext .5pt; padding: 0cm 3.5pt 0cm 3.5pt;\" valign=\"top\" width=\"562\">\n<p class=\"MsoNormal\" style=\"margin-top: 3.0pt; mso-pagination: none;\"><span style=\"font-size: 12pt;\">+ Robert Hinc w 18 rocz. \u015bmierci oraz rodzice i rodze\u0144stwo z obojga stron<\/span><\/p>\n<\/td>\n<\/tr>\n<tr style=\"mso-yfti-irow: 23; height: 50.45pt;\">\n<td style=\"width: 63.95pt; border: solid windowtext 1.0pt; border-top: none; mso-border-top-alt: solid windowtext .5pt; mso-border-alt: solid windowtext .5pt; padding: 0cm 3.5pt 0cm 3.5pt; height: 50.45pt;\" width=\"85\">\n<p class=\"MsoNormal\" style=\"margin-top: 3.0pt; text-align: center; mso-pagination: none;\" align=\"center\"><strong><span style=\"font-size: 12.0pt; mso-ascii-font-family: Calibri; mso-ascii-theme-font: minor-latin; mso-hansi-font-family: Calibri; mso-hansi-theme-font: minor-latin; mso-bidi-font-family: Calibri; mso-bidi-theme-font: minor-latin;\">13:00<\/span><\/strong><\/p>\n<\/td>\n<td style=\"width: 421.5pt; border-top: none; border-left: none; border-bottom: solid windowtext 1.0pt; border-right: solid windowtext 1.0pt; mso-border-top-alt: solid windowtext .5pt; mso-border-left-alt: solid windowtext .5pt; mso-border-alt: solid windowtext .5pt; padding: 0cm 3.5pt 0cm 3.5pt; height: 50.45pt;\" valign=\"top\" width=\"562\">\n<p class=\"MsoNormal\" style=\"text-indent: -17.85pt; mso-pagination: none; mso-list: l12 level1 lfo13; margin: 3.0pt 0cm .0001pt 17.85pt;\"><!-- [if !supportLists]--><span style=\"font-size: 12pt;\">1.<span style=\"font-variant-numeric: normal; font-variant-east-asian: normal; font-stretch: normal; font-size: 7pt; line-height: normal; font-family: 'Times New Roman';\">&nbsp;&nbsp;&nbsp;&nbsp;&nbsp; <\/span><\/span><!--[endif]--><span style=\"font-size: 12pt;\">Dzi\u0119kczynno-b\u0142agalna w 64 rocz. \u015blubu Jadwigi i Eugeniusza z pro\u015bb\u0105 o zdrowie dla ca\u0142ej rodziny<\/span><\/p>\n<p class=\"MsoNormal\" style=\"text-indent: -17.85pt; mso-pagination: none; mso-list: l12 level1 lfo13; margin: 3.0pt 0cm .0001pt 17.85pt;\"><!-- [if !supportLists]--><span style=\"font-size: 12pt;\">2.<span style=\"font-variant-numeric: normal; font-variant-east-asian: normal; font-stretch: normal; font-size: 7pt; line-height: normal; font-family: 'Times New Roman';\">&nbsp;&nbsp;&nbsp;&nbsp;&nbsp; <\/span><\/span><!--[endif]--><span style=\"font-size: 12pt;\">+ Stanis\u0142aw, Ryszard, Jerzy, Miros\u0142awa oraz zmarli z rodziny Leszczy\u0144skich<\/span><\/p>\n<\/td>\n<\/tr>\n<tr>\n<td style=\"width: 63.95pt; border: solid windowtext 1.0pt; border-top: none; mso-border-top-alt: solid windowtext .5pt; mso-border-alt: solid windowtext .5pt; padding: 0cm 3.5pt 0cm 3.5pt;\" width=\"85\">\n<p class=\"MsoNormal\" style=\"margin-top: 3.0pt; text-align: center; mso-pagination: none;\" align=\"center\"><strong><span style=\"font-size: 12.0pt; mso-ascii-font-family: Calibri; mso-ascii-theme-font: minor-latin; mso-hansi-font-family: Calibri; mso-hansi-theme-font: minor-latin; mso-bidi-font-family: Calibri; mso-bidi-theme-font: minor-latin;\">18:30<\/span><\/strong><\/p>\n<\/td>\n<td style=\"width: 421.5pt; border-top: none; border-left: none; border-bottom: solid windowtext 1.0pt; border-right: solid windowtext 1.0pt; mso-border-top-alt: solid windowtext .5pt; mso-border-left-alt: solid windowtext .5pt; mso-border-alt: solid windowtext .5pt; padding: 0cm 3.5pt 0cm 3.5pt;\" valign=\"top\" width=\"562\">\n<p class=\"MsoNormal\" style=\"margin-top: 3.0pt; mso-pagination: none;\"><span style=\"font-size: 12pt;\">+ Felicjan Chudy w 7 rocz. \u015bmierci oraz rodzice i rodze\u0144stwo z obojga stron<\/span><\/p>\n<\/td>\n<\/tr>\n<tr>\n<td style=\"width: 63.95pt; border: solid windowtext 1.0pt; border-top: none; mso-border-top-alt: solid windowtext .5pt; mso-border-alt: solid windowtext .5pt; padding: 0cm 3.5pt 0cm 3.5pt;\" width=\"85\">\n<p class=\"MsoNormal\" style=\"margin-top: 3.0pt; text-align: center; mso-pagination: none;\" align=\"center\"><strong><span style=\"font-size: 12.0pt; mso-ascii-font-family: Calibri; mso-ascii-theme-font: minor-latin; mso-hansi-font-family: Calibri; mso-hansi-theme-font: minor-latin; mso-bidi-font-family: Calibri; mso-bidi-theme-font: minor-latin;\">17:00DK<\/span><\/strong><\/p>\n<\/td>\n<td style=\"width: 421.5pt; border-top: none; border-left: none; border-bottom: solid windowtext 1.0pt; border-right: solid windowtext 1.0pt; mso-border-top-alt: solid windowtext .5pt; mso-border-left-alt: solid windowtext .5pt; mso-border-alt: solid windowtext .5pt; padding: 0cm 3.5pt 0cm 3.5pt;\" valign=\"top\" width=\"562\">\n<p class=\"MsoNormal\" style=\"margin-top: 3.0pt; mso-pagination: none;\"><span style=\"font-size: 12pt;\">+ Stefan Stachowski w 1 rocz. \u015bmierci<\/span><\/p>\n<\/td>\n<\/tr>\n<\/tbody>\n<\/table>\n","protected":false},"excerpt":{"rendered":"<p>27\/01\/2020 Poniedzia\u0142ek 08:00 1.&nbsp;&nbsp;&nbsp;&nbsp;&nbsp; + Siostry Janina w 15 rocz. \u015bmierci i Wanda w 5 rocz. \u015bmierci oraz rodzice Helena i Kazimierz 2.&nbsp;&nbsp;&nbsp;&nbsp;&nbsp; + Zofia, Zygmunt i Stanis\u0142aw 18:30 1.&nbsp;&nbsp;&nbsp;&nbsp;&nbsp; + \u0141ukasz Myszograj &#8211; gregoria\u0144ska 2.&nbsp;&nbsp;&nbsp;&nbsp;&nbsp; + El\u017cbieta Czarnecka &#8211; intencja od s\u0105siad&oacute;w z M\u0142y\u0144skiej 11 28\/01\/2020 Wtorek 08:00 1.&nbsp;&nbsp;&nbsp;&nbsp;&nbsp; W intencji Barbary wiadomej Panu [&hellip;]<\/p>\n","protected":false},"author":4,"featured_media":0,"comment_status":"closed","ping_status":"closed","sticky":false,"template":"","format":"standard","meta":{"footnotes":""},"categories":[10],"tags":[],"publishpress_future_action":{"enabled":false,"date":"1970-01-01 01:00:00","action":"","terms":[],"taxonomy":"","browser_timezone_offset":0},"_links":{"self":[{"href":"https:\/\/swmikolaj.org\/index.php\/wp-json\/wp\/v2\/posts\/1412"}],"collection":[{"href":"https:\/\/swmikolaj.org\/index.php\/wp-json\/wp\/v2\/posts"}],"about":[{"href":"https:\/\/swmikolaj.org\/index.php\/wp-json\/wp\/v2\/types\/post"}],"author":[{"embeddable":true,"href":"https:\/\/swmikolaj.org\/index.php\/wp-json\/wp\/v2\/users\/4"}],"replies":[{"embeddable":true,"href":"https:\/\/swmikolaj.org\/index.php\/wp-json\/wp\/v2\/comments?post=1412"}],"version-history":[{"count":1,"href":"https:\/\/swmikolaj.org\/index.php\/wp-json\/wp\/v2\/posts\/1412\/revisions"}],"predecessor-version":[{"id":1688,"href":"https:\/\/swmikolaj.org\/index.php\/wp-json\/wp\/v2\/posts\/1412\/revisions\/1688"}],"wp:attachment":[{"href":"https:\/\/swmikolaj.org\/index.php\/wp-json\/wp\/v2\/media?parent=1412"}],"wp:term":[{"taxonomy":"category","embeddable":true,"href":"https:\/\/swmikolaj.org\/index.php\/wp-json\/wp\/v2\/categories?post=1412"},{"taxonomy":"post_tag","embeddable":true,"href":"https:\/\/swmikolaj.org\/index.php\/wp-json\/wp\/v2\/tags?post=1412"}],"curies":[{"name":"wp","href":"https:\/\/api.w.org\/{rel}","templated":true}]}}