{"id":1386,"date":"2019-12-31T11:54:07","date_gmt":"2019-12-31T11:54:07","guid":{"rendered":"http:\/\/nowa.swmikolaj.org\/?p=1386"},"modified":"2020-04-09T10:43:54","modified_gmt":"2020-04-09T10:43:54","slug":"ogloszeniaduszpasterskie1stycznia2020r","status":"publish","type":"post","link":"https:\/\/swmikolaj.org\/index.php\/2019\/12\/31\/ogloszeniaduszpasterskie1stycznia2020r\/","title":{"rendered":"Og\u0142oszenia duszpasterskie,  1 stycznia 2020 r."},"content":{"rendered":"<p class=\"MsoNormal\" style=\"text-align: justify;\"><span style=\"background-color: transparent; font-size: 12pt;\"><strong>1.<\/strong> W pierwszy czwartek miesi\u0105ca, 2 stycznia, zapraszamy do modlitwy za biskup&oacute;w, seminarzyst&oacute;w, ksi\u0119\u017cy i osoby konsekrowane oraz o nowe powo\u0142ania do s\u0142u\u017cby w Ko\u015bciele. Tego dnia trwa\u0107 b\u0119dzie adoracja Naj\u015bwi\u0119tszego Sakramentu od 8:40 do 18:20.<\/span><\/p>\n<p><\/p>\n<p><span style=\"font-size: 12pt;\"><strong>2.<\/strong> W pierwszy pi\u0105tek miesi\u0105ca, ze wzgl\u0119du na trwaj\u0105ce Kol\u0119dy, Msze \u015bwi\u0119te sprawowa\u0107 b\u0119dziemy o 8:00 i 18:30. Spowied\u017a tego dnia tylko rano od 7:30 do 8:15.<\/span><\/p>\n<p><span style=\"font-size: 12pt;\"><strong>3.<\/strong> Cz\u0142onk&oacute;w \u017bywego R&oacute;\u017ca\u0144ca zapraszamy na spotkanie w pierwsz\u0105 sobot\u0119 miesi\u0105ca, 4 stycznia. W planie Msza \u015awi\u0119ta o 8:00, nast\u0119pnie rozwa\u017canie biblijne i wsp&oacute;lna modlitwa r&oacute;\u017ca\u0144cowa w dolnym ko\u015bciele.<\/span><\/p>\n<p><span style=\"font-size: 12pt;\"><strong>4.<\/strong> W sobot\u0119 \u015bpiewamy Godzinki o NMP o 7:40.<\/span><\/p>\n<p><span style=\"font-size: 12pt;\"><\/span><\/p>\n<p align=\"center\"><span style=\"font-size: 12pt;\">W nowym roku \u017cyczymy parafianom i go\u015bciom:<\/span><\/p>\n<p align=\"center\"><span style=\"font-size: 12pt;\">&bdquo;wszystkiego Bo\u017cego&rdquo;<\/span><\/p>\n<p class=\"MsoNormal\" style=\"text-align: justify;\">&nbsp;<\/p>\n<p>&nbsp;<\/p>\n","protected":false},"excerpt":{"rendered":"<p>1. W pierwszy czwartek miesi\u0105ca, 2 stycznia, zapraszamy do modlitwy za biskup&oacute;w, seminarzyst&oacute;w, ksi\u0119\u017cy i osoby konsekrowane oraz o nowe powo\u0142ania do s\u0142u\u017cby w Ko\u015bciele. Tego dnia trwa\u0107 b\u0119dzie adoracja Naj\u015bwi\u0119tszego Sakramentu od 8:40 do 18:20. 2. W pierwszy pi\u0105tek miesi\u0105ca, ze wzgl\u0119du na trwaj\u0105ce Kol\u0119dy, Msze \u015bwi\u0119te sprawowa\u0107 b\u0119dziemy o 8:00 i 18:30. Spowied\u017a [&hellip;]<\/p>\n","protected":false},"author":6,"featured_media":0,"comment_status":"closed","ping_status":"closed","sticky":false,"template":"","format":"standard","meta":{"footnotes":""},"categories":[8,12],"tags":[],"publishpress_future_action":{"enabled":false,"date":"1970-01-01 01:00:00","action":"","terms":[],"taxonomy":"","browser_timezone_offset":0},"_links":{"self":[{"href":"https:\/\/swmikolaj.org\/index.php\/wp-json\/wp\/v2\/posts\/1386"}],"collection":[{"href":"https:\/\/swmikolaj.org\/index.php\/wp-json\/wp\/v2\/posts"}],"about":[{"href":"https:\/\/swmikolaj.org\/index.php\/wp-json\/wp\/v2\/types\/post"}],"author":[{"embeddable":true,"href":"https:\/\/swmikolaj.org\/index.php\/wp-json\/wp\/v2\/users\/6"}],"replies":[{"embeddable":true,"href":"https:\/\/swmikolaj.org\/index.php\/wp-json\/wp\/v2\/comments?post=1386"}],"version-history":[{"count":1,"href":"https:\/\/swmikolaj.org\/index.php\/wp-json\/wp\/v2\/posts\/1386\/revisions"}],"predecessor-version":[{"id":3424,"href":"https:\/\/swmikolaj.org\/index.php\/wp-json\/wp\/v2\/posts\/1386\/revisions\/3424"}],"wp:attachment":[{"href":"https:\/\/swmikolaj.org\/index.php\/wp-json\/wp\/v2\/media?parent=1386"}],"wp:term":[{"taxonomy":"category","embeddable":true,"href":"https:\/\/swmikolaj.org\/index.php\/wp-json\/wp\/v2\/categories?post=1386"},{"taxonomy":"post_tag","embeddable":true,"href":"https:\/\/swmikolaj.org\/index.php\/wp-json\/wp\/v2\/tags?post=1386"}],"curies":[{"name":"wp","href":"https:\/\/api.w.org\/{rel}","templated":true}]}}