{"id":138153,"date":"2024-01-24T13:56:47","date_gmt":"2024-01-24T12:56:47","guid":{"rendered":"https:\/\/swmikolaj.org\/?p=138153"},"modified":"2024-01-24T13:56:48","modified_gmt":"2024-01-24T12:56:48","slug":"intencje-mszy-swietych-22-28-01-2024","status":"publish","type":"post","link":"https:\/\/swmikolaj.org\/index.php\/2024\/01\/24\/intencje-mszy-swietych-22-28-01-2024\/","title":{"rendered":"INTENCJE MSZY \u015aWI\u0118TYCH 22 &#8211; 28\/01\/2024"},"content":{"rendered":"<table width=\"647\">\n<tbody>\n<tr>\n<td colspan=\"2\" width=\"647\"><strong>22\/01\/2024 Poniedzia\u0142ek<\/strong><\/td>\n<\/tr>\n<tr>\n<td width=\"85\"><strong>08:00<\/strong><\/td>\n<td width=\"562\">1.\u00a0\u00a0\u00a0\u00a0 Dzi\u0119kczynno-b\u0142agalna o szcz\u0119\u015bliw\u0105 operacje i szybki powr\u00f3t do zdrowia dla Tomasza<\/p>\n<p>2.\u00a0\u00a0\u00a0\u00a0 + Krystyna Rytelewska &#8211; gregoria\u0144ska<\/td>\n<\/tr>\n<tr>\n<td width=\"85\"><strong>18:30<\/strong><\/td>\n<td width=\"562\">1.\u00a0\u00a0\u00a0\u00a0 Dzi\u0119kczynno-b\u0142agalna w rocz. urodzin Janusza z pro\u015bb\u0105 o dar zdrowia i Bo\u017ce b\u0142ogos\u0142awie\u0144stwo dla Jubilata<\/p>\n<p>2.\u00a0\u00a0\u00a0\u00a0 + Jakub Soliwoda w 1 rocz. \u015bmierci oraz zmarli z rodziny<\/p>\n<p>3.\u00a0\u00a0\u00a0\u00a0 + M\u0105\u017c Ryszard Roli\u0144ski w 13 rocz. \u015bmierci oraz rodzice z obojga stron<\/td>\n<\/tr>\n<tr>\n<td colspan=\"2\" width=\"647\"><strong>23\/01\/2024 Wtorek<\/strong><\/td>\n<\/tr>\n<tr>\n<td width=\"85\"><strong>08:00<\/strong><\/td>\n<td width=\"562\">1.\u00a0\u00a0\u00a0\u00a0 + Rodzice Franciszek i Kazimiera Czaja, rodze\u0144stwo Stefan, Halina, Edwin, Wanda oraz Maciej i zmarli z rodziny<\/p>\n<p>2.\u00a0\u00a0\u00a0\u00a0 + Krystyna Rytelewska &#8211; gregoria\u0144ska<\/td>\n<\/tr>\n<tr>\n<td width=\"85\"><strong>12:00<\/strong><\/td>\n<td width=\"562\">Pogrzeb: \u015bp. Gra\u017cyna Szarmach, lat 61<\/td>\n<\/tr>\n<tr>\n<td width=\"85\"><strong>18:30<\/strong><\/td>\n<td width=\"562\">1.\u00a0\u00a0\u00a0\u00a0 + Franciszek, Franciszka, Pawe\u0142 i Dorota Wittbrodt<\/p>\n<p>2.\u00a0\u00a0\u00a0\u00a0 + Rodzice Urszula i Alfred<\/p>\n<p>3.\u00a0\u00a0\u00a0\u00a0 + W\u0142adys\u0142aw Gudziak, Ewa Dulak, Alfons Kankowski<\/td>\n<\/tr>\n<tr>\n<td colspan=\"2\" width=\"647\"><strong>24\/01\/2024 \u015aroda<\/strong><\/td>\n<\/tr>\n<tr>\n<td width=\"85\"><strong>08:00<\/strong><\/td>\n<td width=\"562\">1.\u00a0\u00a0\u00a0\u00a0 Dzi\u0119kczynno-b\u0142agalna w intencji c\u00f3rki Anny w podzi\u0119kowaniu za dar macierzy\u0144stwa z pro\u015bb\u0105 o opiek\u0119 Matki Bo\u017cej, \u0142ask\u0119 zdrowia oraz rado\u015b\u0107 w wychowywaniu synka<\/p>\n<p>2.\u00a0\u00a0\u00a0\u00a0 + Krystyna Rytelewska &#8211; gregoria\u0144ska<\/td>\n<\/tr>\n<tr>\n<td width=\"85\"><strong>18:30<\/strong><\/td>\n<td width=\"562\">1.\u00a0\u00a0\u00a0\u00a0 Dzi\u0119kczynno-b\u0142agalna w intencji Krystyny w 80 rocz. urodzin z pro\u015bb\u0105 o Bo\u017ce b\u0142ogos\u0142awie\u0144stwo dla Jubilatki i ca\u0142ej rodziny<\/p>\n<p>2.\u00a0\u00a0\u00a0\u00a0 B\u0142agalna o dar zdrowia i potrzebne \u0142aski dla mamy Stefanii<\/p>\n<p>3.\u00a0\u00a0\u00a0\u00a0 + M\u0105\u017c Jan w 4 rocz. \u015bmierci oraz siostra, siostrzenica, bracia i szwagrowie<\/td>\n<\/tr>\n<tr>\n<td colspan=\"2\" width=\"647\"><strong>25\/01\/2024 Czwartek<\/strong><\/td>\n<\/tr>\n<tr>\n<td width=\"85\"><strong>08:00<\/strong><\/td>\n<td width=\"562\">1.\u00a0\u00a0\u00a0\u00a0 Dzi\u0119kczynno-b\u0142agalna w 80 rocz. urodzin Gizeli Szyrowskiej o \u0142ask\u0119 zdrowia, Bo\u017ce b\u0142ogos\u0142awie\u0144stwo i opiek\u0119 Matki Bo\u017cej na dalsze lata \u017cycia dla Jubilatki i jej rodziny<\/p>\n<p>2.\u00a0\u00a0\u00a0\u00a0 + Krystyna Rytelewska &#8211; gregoria\u0144ska<\/td>\n<\/tr>\n<tr>\n<td width=\"85\"><strong>18:30<\/strong><\/td>\n<td width=\"562\">1.\u00a0\u00a0\u00a0\u00a0 Dzi\u0119kczynno-b\u0142agalna w 50 rocz. urodzin Magdaleny Kwiatkowskiej z pro\u015bb\u0105 o Bo\u017ce b\u0142ogos\u0142awie\u0144stwo, dar zdrowia i opiek\u0119 Matki Bo\u017cej na dalsze lata dla Jubilatki i jej rodziny<\/p>\n<p>2.\u00a0\u00a0\u00a0\u00a0 ++ Zenon Kozubowski, Eugeniusz Maszota, Zdzis\u0142aw G\u00f3recki, Halina Szutarska, Bronis\u0142awa Jarocka, Zofia Robak, Barbara H\u00e4usler, S\u0142awomir Paku\u0142a, Andrzej B\u0142aszczyk, Marian G\u0142az, Henryk D\u0105browski, Lidia Bellgram, Zofia \u015aliwa, Bronis\u0142awa Raczkiewicz, Miros\u0142aw Kra\u015bniewski<\/td>\n<\/tr>\n<tr>\n<td colspan=\"2\" width=\"647\"><strong>26\/01\/2024 Pi\u0105tek<\/strong><\/td>\n<\/tr>\n<tr>\n<td width=\"85\"><strong>08:00<\/strong><\/td>\n<td width=\"562\">1.\u00a0\u00a0\u00a0\u00a0 + M\u0105\u017c Brunon, syn Tomasz, rodzice i zmarli w czy\u015b\u0107cu<\/p>\n<p>2.\u00a0\u00a0\u00a0\u00a0 + M\u0105\u017c Bronis\u0142aw Falkowski w 1 rocz. \u015bmierci<\/p>\n<p>3.\u00a0\u00a0\u00a0\u00a0 + Krystyna Rytelewska &#8211; gregoria\u0144ska<\/td>\n<\/tr>\n<tr>\n<td width=\"85\"><strong>10:00<\/strong><\/td>\n<td width=\"562\">Pogrzeb: \u015bp. Irena Malinowska, lat 61<\/td>\n<\/tr>\n<tr>\n<td width=\"85\"><strong>18:30<\/strong><\/td>\n<td width=\"562\">1.\u00a0\u00a0\u00a0\u00a0 + M\u0105\u017c Edmund Schmidt, syn Leszek, syn Edmund<br \/>\nw 1 rocz. \u015bmierci, oraz brat Alfons i rodzice z obojga stron<\/p>\n<p>2.\u00a0\u00a0\u00a0\u00a0 + Janina, Antoni, rodzice z obojga stron, zmarli z rodziny Neuman, Tobolskich, Nogal, zmarli w czy\u015b\u0107cu<\/td>\n<\/tr>\n<tr>\n<td colspan=\"2\" width=\"647\"><strong>27\/01\/2024 Sobota<\/strong><\/td>\n<\/tr>\n<tr>\n<td width=\"85\"><strong>08:00<\/strong><\/td>\n<td width=\"562\">1.\u00a0\u00a0\u00a0\u00a0 Dzi\u0119kczynno-b\u0142agalna w intencji Bernadety i Marina z okazji 35 rocznicy \u015blubu<\/p>\n<p>2.\u00a0\u00a0\u00a0\u00a0 + Adam Burmer<\/p>\n<p>3.\u00a0\u00a0\u00a0\u00a0 + Krystyna Rytelewska &#8211; gregoria\u0144ska<\/td>\n<\/tr>\n<tr>\n<td width=\"85\"><strong>10:00<\/strong><\/td>\n<td width=\"562\">Pogrzeb: \u015bp. Jan Styka, lat 87<\/td>\n<\/tr>\n<tr>\n<td width=\"85\"><strong>18:30<\/strong><\/td>\n<td width=\"562\">+ Helena Karwowska w 21 rocz. \u015bmierci<\/td>\n<\/tr>\n<tr>\n<td width=\"85\"><strong>19:30DK<\/strong><\/td>\n<td width=\"562\">O b\u0142ogos\u0142awie\u0144stwo Bo\u017ce dla przyjaciela<\/td>\n<\/tr>\n<tr>\n<td colspan=\"2\" width=\"647\"><strong>28\/01\/2024<\/strong><\/p>\n<p><strong>IV Niedziela Zwyk\u0142a<\/strong><\/td>\n<\/tr>\n<tr>\n<td width=\"85\"><strong>08:00<\/strong><\/td>\n<td width=\"562\">1.\u00a0\u00a0\u00a0\u00a0 + Syn Ireneusz w 3 rocz. \u015bmierci, m\u0105\u017c Henryk w 2 rocz. \u015bmierci oraz rodzice i rodze\u0144stwo z obojga stron, Marian, Sabina, Krystyna i dziadkowie z obojga stron<\/p>\n<p>2.\u00a0\u00a0\u00a0\u00a0 + Krystyna Rytelewska &#8211; gregoria\u0144ska<\/td>\n<\/tr>\n<tr>\n<td width=\"85\"><strong>10:00<\/strong><\/td>\n<td width=\"562\">W intencji parafii<\/td>\n<\/tr>\n<tr>\n<td width=\"85\"><strong>11:30<\/strong><\/td>\n<td width=\"562\">+ Maria Piotrowska w 1 rocz. \u015bmierci oraz Czes\u0142aw Piotrowski i Waldemar Piotrowski<\/td>\n<\/tr>\n<tr>\n<td width=\"85\"><strong>13:00<\/strong><\/td>\n<td width=\"562\">1.\u00a0\u00a0\u00a0\u00a0 Dzi\u0119kczynno-b\u0142agalna za dzieci, wnuki, prawnuczk\u0119, za Ma\u0107ka i Mart\u0119<\/p>\n<p>2.\u00a0\u00a0\u00a0\u00a0 Dzi\u0119kczynno-b\u0142agalna w 80 rocz. urodzin mamy Zofii Szmytke z pro\u015bb\u0105 o Bo\u017ce b\u0142ogos\u0142awie\u0144stwo i dar zdrowia na dalsze lata<\/td>\n<\/tr>\n<tr>\n<td width=\"85\"><strong>18:30<\/strong><\/td>\n<td width=\"562\">+ Wujek Mieczys\u0142aw Maternicki<\/td>\n<\/tr>\n<\/tbody>\n<\/table>\n","protected":false},"excerpt":{"rendered":"<p>22\/01\/2024 Poniedzia\u0142ek 08:00 1.\u00a0\u00a0\u00a0\u00a0 Dzi\u0119kczynno-b\u0142agalna o szcz\u0119\u015bliw\u0105 operacje i szybki powr\u00f3t do zdrowia dla Tomasza 2.\u00a0\u00a0\u00a0\u00a0 + Krystyna Rytelewska &#8211; gregoria\u0144ska 18:30 1.\u00a0\u00a0\u00a0\u00a0 Dzi\u0119kczynno-b\u0142agalna w rocz. urodzin Janusza z pro\u015bb\u0105 o dar zdrowia i Bo\u017ce b\u0142ogos\u0142awie\u0144stwo dla Jubilata 2.\u00a0\u00a0\u00a0\u00a0 + Jakub Soliwoda w 1 rocz. \u015bmierci oraz zmarli z rodziny 3.\u00a0\u00a0\u00a0\u00a0 + M\u0105\u017c Ryszard Roli\u0144ski [&hellip;]<\/p>\n","protected":false},"author":6,"featured_media":0,"comment_status":"closed","ping_status":"closed","sticky":false,"template":"","format":"standard","meta":{"footnotes":""},"categories":[10],"tags":[],"publishpress_future_action":{"enabled":false,"date":"1970-01-01 01:00:00","action":"","terms":[],"taxonomy":"","browser_timezone_offset":0},"_links":{"self":[{"href":"https:\/\/swmikolaj.org\/index.php\/wp-json\/wp\/v2\/posts\/138153"}],"collection":[{"href":"https:\/\/swmikolaj.org\/index.php\/wp-json\/wp\/v2\/posts"}],"about":[{"href":"https:\/\/swmikolaj.org\/index.php\/wp-json\/wp\/v2\/types\/post"}],"author":[{"embeddable":true,"href":"https:\/\/swmikolaj.org\/index.php\/wp-json\/wp\/v2\/users\/6"}],"replies":[{"embeddable":true,"href":"https:\/\/swmikolaj.org\/index.php\/wp-json\/wp\/v2\/comments?post=138153"}],"version-history":[{"count":1,"href":"https:\/\/swmikolaj.org\/index.php\/wp-json\/wp\/v2\/posts\/138153\/revisions"}],"predecessor-version":[{"id":138154,"href":"https:\/\/swmikolaj.org\/index.php\/wp-json\/wp\/v2\/posts\/138153\/revisions\/138154"}],"wp:attachment":[{"href":"https:\/\/swmikolaj.org\/index.php\/wp-json\/wp\/v2\/media?parent=138153"}],"wp:term":[{"taxonomy":"category","embeddable":true,"href":"https:\/\/swmikolaj.org\/index.php\/wp-json\/wp\/v2\/categories?post=138153"},{"taxonomy":"post_tag","embeddable":true,"href":"https:\/\/swmikolaj.org\/index.php\/wp-json\/wp\/v2\/tags?post=138153"}],"curies":[{"name":"wp","href":"https:\/\/api.w.org\/{rel}","templated":true}]}}