{"id":1380,"date":"2019-10-18T14:11:10","date_gmt":"2019-10-18T14:11:10","guid":{"rendered":"http:\/\/nowa.swmikolaj.org\/?p=1380"},"modified":"2020-04-09T10:43:55","modified_gmt":"2020-04-09T10:43:55","slug":"ogloszeniaduszpasterskie20-10-2019r","status":"publish","type":"post","link":"https:\/\/swmikolaj.org\/index.php\/2019\/10\/18\/ogloszeniaduszpasterskie20-10-2019r\/","title":{"rendered":"Og\u0142oszenia Duszpasterskie, 20.10.2019 r."},"content":{"rendered":"<p><span style=\"font-size: 12pt;\"><strong>1.<\/strong>\u00a0<span style=\"text-align: justify; text-indent: -24px;\">Nabo\u017ce\u0144stwa r\u00f3\u017ca\u0144cowe sprawujemy w pa\u017adzierniku codziennie o 17:45, a dzieci zapraszamy w poniedzia\u0142ki i pi\u0105tki na 17:00.<\/span><\/span><\/p>\n<p><span style=\"font-size: 12pt;\"><!-- [if !supportLists]--><strong>2.\u00a0<\/strong>Za tydzie\u0144 go\u015bci\u0107 b\u0119dziemy ks. Jana W\u00f3jcika, kap\u0142ana naszej diecezji, obecnie pos\u0142uguj\u0105cego w Rohatyniu na Ukrainie. Przez ca\u0142y tydzie\u0144 b\u0119dziemy zbierali w biurze parafialnym, dla parafian ks. Jana: niepsuj\u0105c\u0105 si\u0119 \u017cywno\u015b\u0107 (olej, makaron, puszki mi\u0119sne i rybne, kasze, ry\u017c, przyprawy) oraz \u015brodki czysto\u015bci (p\u0142yny do WC, do pod\u0142\u00f3g, proszki do prania oraz kosmetyki).<\/span><\/p>\n<p><!--more--><\/p>\n<p><strong style=\"font-size: 12pt; background-color: transparent;\">3.<\/strong><span style=\"font-size: 12pt; background-color: transparent;\">Intencje mszalne na rok 2020 mo\u017cna zamawia\u0107 w biurze parafialnym w godzinach urz\u0119dowania.<\/span><\/p>\n<p><span style=\"font-size: 12pt;\"><!-- [if !supportLists]--><strong>4.<\/strong>\u00a0Kartki na wypominki mo\u017cna wzi\u0105\u0107 dzisiaj z ko\u015bcio\u0142a i wype\u0142nione mo\u017cna sk\u0142ada\u0107 w biurze parafialnym.<\/span><\/p>\n<p><span style=\"font-size: 12pt;\"><!-- [if !supportLists]--><strong>5.<\/strong>\u00a0Katechezy Neokatechumenalne odbywaj\u0105 si\u0119 w poniedzia\u0142ki i czwartki o 19:15 w dolnym ko\u015bciele. Zapraszamy szczeg\u00f3lnie w najbli\u017cszy czwartek, kiedy to b\u0119dzie g\u0142oszony Kerygmat.<\/span><\/p>\n<p><span style=\"font-size: 12pt;\"><!-- [if !supportLists]--><strong>6.<\/strong>\u00a0Cz\u0142onkowie wsp\u00f3lnoty Dzieje 2 rozpoczn\u0105 misj\u0119 ewangelizacyjn\u0105 w domu przy ul. Wejherowskiej 8-14. Prosimy o \u017cyczliwe przyj\u0119cie ewangelizator\u00f3w.<\/span><\/p>\n<p><span style=\"font-size: 12pt;\"><!-- [if !supportLists]--><strong>7.<\/strong>\u00a0Zapraszamy na spotkanie Klubu Seniora w najbli\u017csz\u0105 \u015brod\u0119 o godz. 9:00. Spotkanie, podczas kt\u00f3rego b\u0119dzie mo\u017cna wypi\u0107 kaw\u0119 lub herbat\u0119, poprowadzi ks. Proboszcz Jacek na temat: Co ma wsp\u00f3lnego papie\u017c Franciszek ze \u015aw. Franciszkiem z Asy\u017cu?<\/span><\/p>\n<p><span style=\"font-size: 12pt;\"><!-- [if !supportLists]--><strong>8.\u00a0<\/strong>Spotkanie m\u0119\u017cczyzn z grupy \u201eSemper Fidelis\u201d odb\u0119dzie si\u0119 w \u015brod\u0119 po wieczornej Eucharystii w domu parafialnym, w sali nr 4. <\/span><\/p>\n<p><span style=\"font-size: 12pt;\"><!-- [if !supportLists]--><strong>9.<\/strong>\u00a0Ruch \u015awiat\u0142o-\u017bycie zaprasza na wydarzenie ewangelizacyjne \u201eWsta\u0144 i S\u0142aw\u201d, kt\u00f3re odb\u0119dzie si\u0119 w sobot\u0119, 26 pa\u017adziernika w parafii Niepokalanego Serca Maryi, ul. Makuszy\u0144skiego 2, Gdynia \u2013 Karwiny. W programie koncert zespo\u0142\u00f3w NiemaGOtu, Steeped, rapera TAU oraz \u015bwiadectwo Bartka Krakowiaka. Wydarzenie rozpoczyna si\u0119 o godz. 17.00. Wst\u0119p wolny. Szczeg\u00f3\u0142owe informacje u ks. Grzegorza.<\/span><\/p>\n<p><span style=\"font-size: 12pt;\"><!-- [if !supportLists]--><strong>10.\u00a0<\/strong>Dzi\u0119kujemy wszystkim, kt\u00f3rzy wpisali si\u0119 na list\u0119 adoracyjn\u0105 na nocne czuwanie przy Naj\u015bwi\u0119tszym Sakramencie.<\/span><\/p>\n<p><span style=\"font-size: 12pt;\"><!-- [if !supportLists]--><strong>11.<\/strong>\u00a0Ministranci sprzedaj\u0105 dzisiaj znicze przed ko\u015bcio\u0142em i w ten spos\u00f3b kwestuj\u0105 na sw\u00f3j fundusz ministrancki.<\/span><\/p>\n<p><span style=\"font-size: 12pt;\"><!-- [if !supportLists]--><strong>12.<\/strong>\u00a0Serdecznie dzi\u0119kujemy za wspieranie finansowe prac przy dolnym ko\u015bciele od strony ul. M\u0142y\u0144skiej. Zosta\u0142a po\u0142o\u017cona nowa izolacja i pomieszczenia dolnego ko\u015bcio\u0142a s\u0105 zabezpieczone i suche. Aktualnie k\u0142adziona jest nowa kostka chodnikowa tak, by by\u0142a jednolita z t\u0105 od strony ul. Opata Hackiego. Nast\u0119pnie chcemy wyremontowa\u0107 doln\u0105 zakrysti\u0119. Stara kostka chodnikowa zostanie wykorzystana na cmentarzu parafialnym. Koszt dotychczasowych prac wyni\u00f3s\u0142 35 tys. z\u0142.<\/span><\/p>\n<p align=\"center\"><span style=\"font-size: 12pt;\">W minionych dniach zmarli:<\/span><\/p>\n<p align=\"center\"><span style=\"font-size: 12pt;\">+ El\u017cbieta Czarnecka, lat 71; + Agnieszka Go\u0142u\u0144ska, lat 83; + Wanda Kapu\u015bci\u0144ska, lat 88;<\/span><\/p>\n<p style=\"margin: 0cm; margin-bottom: .0001pt; text-align: center;\" align=\"center\"><span style=\"font-size: 12pt;\">+ Edward Szurek, lat 96; \u00a0+ Jan Szcze\u015bniak, lat 96.<\/span><\/p>\n","protected":false},"excerpt":{"rendered":"<p>1.\u00a0Nabo\u017ce\u0144stwa r\u00f3\u017ca\u0144cowe sprawujemy w pa\u017adzierniku codziennie o 17:45, a dzieci zapraszamy w poniedzia\u0142ki i pi\u0105tki na 17:00. 2.\u00a0Za tydzie\u0144 go\u015bci\u0107 b\u0119dziemy ks. Jana W\u00f3jcika, kap\u0142ana naszej diecezji, obecnie pos\u0142uguj\u0105cego w Rohatyniu na Ukrainie. Przez ca\u0142y tydzie\u0144 b\u0119dziemy zbierali w biurze parafialnym, dla parafian ks. Jana: niepsuj\u0105c\u0105 si\u0119 \u017cywno\u015b\u0107 (olej, makaron, puszki mi\u0119sne i rybne, kasze, [&hellip;]<\/p>\n","protected":false},"author":6,"featured_media":0,"comment_status":"closed","ping_status":"closed","sticky":false,"template":"","format":"standard","meta":{"footnotes":""},"categories":[8,12],"tags":[],"publishpress_future_action":{"enabled":false,"date":"1970-01-01 01:00:00","action":"","terms":[],"taxonomy":"","browser_timezone_offset":0},"_links":{"self":[{"href":"https:\/\/swmikolaj.org\/index.php\/wp-json\/wp\/v2\/posts\/1380"}],"collection":[{"href":"https:\/\/swmikolaj.org\/index.php\/wp-json\/wp\/v2\/posts"}],"about":[{"href":"https:\/\/swmikolaj.org\/index.php\/wp-json\/wp\/v2\/types\/post"}],"author":[{"embeddable":true,"href":"https:\/\/swmikolaj.org\/index.php\/wp-json\/wp\/v2\/users\/6"}],"replies":[{"embeddable":true,"href":"https:\/\/swmikolaj.org\/index.php\/wp-json\/wp\/v2\/comments?post=1380"}],"version-history":[{"count":1,"href":"https:\/\/swmikolaj.org\/index.php\/wp-json\/wp\/v2\/posts\/1380\/revisions"}],"predecessor-version":[{"id":2623,"href":"https:\/\/swmikolaj.org\/index.php\/wp-json\/wp\/v2\/posts\/1380\/revisions\/2623"}],"wp:attachment":[{"href":"https:\/\/swmikolaj.org\/index.php\/wp-json\/wp\/v2\/media?parent=1380"}],"wp:term":[{"taxonomy":"category","embeddable":true,"href":"https:\/\/swmikolaj.org\/index.php\/wp-json\/wp\/v2\/categories?post=1380"},{"taxonomy":"post_tag","embeddable":true,"href":"https:\/\/swmikolaj.org\/index.php\/wp-json\/wp\/v2\/tags?post=1380"}],"curies":[{"name":"wp","href":"https:\/\/api.w.org\/{rel}","templated":true}]}}