{"id":1362,"date":"2019-08-14T14:49:36","date_gmt":"2019-08-14T14:49:36","guid":{"rendered":"http:\/\/nowa.swmikolaj.org\/?p=1362"},"modified":"2020-04-09T10:43:55","modified_gmt":"2020-04-09T10:43:55","slug":"ogloszeniaduszpasterskie18-08-2019r","status":"publish","type":"post","link":"https:\/\/swmikolaj.org\/index.php\/2019\/08\/14\/ogloszeniaduszpasterskie18-08-2019r\/","title":{"rendered":"Og\u0142oszenia Duszpasterskie,  18.08.2019 r."},"content":{"rendered":"<p><span style=\"font-size: 12pt;\"><strong>1.<\/strong><\/span>\u00a0\u00a0<span style=\"font-size: 16px; text-align: justify; text-indent: -24px;\">Adoracja Naj\u015bwi\u0119tszego Sakramentu odbywa\u0107 si\u0119 b\u0119dzie w najbli\u017cszym tygodniu od poniedzia\u0142ku do soboty w godzinach od ok. 8:40 do 18:20 w dolnym ko\u015bciele.<\/span><\/p>\n<p><!--more--><\/p>\n<p><strong><span style=\"font-size: 12pt; background-color: transparent;\">2.<\/span><\/strong><span style=\"font-size: 12pt; background-color: transparent;\"><strong>\u00a0<\/strong><\/span><span style=\"font-size: 12pt; background-color: transparent;\">Msza \u015awi\u0119ta na rozpocz\u0119cie roku szkolnego dla dzieci klas od I do VI i nauczycieli ze szko\u0142y podstawowej zostanie odprawiona w niedziel\u0119, 1 wrze\u015bnia o 11:30. Natomiast m\u0142odzie\u017c z klas VII i VIII oraz szk\u00f3\u0142 ponadpodstawowych zapraszamy 1 wrze\u015bnia na 17:00 do dolnego ko\u015bcio\u0142a.<\/span><\/p>\n<p><strong><span style=\"font-size: 12pt; background-color: transparent;\">3.<\/span><\/strong><span style=\"font-size: 12pt; background-color: transparent;\">Weekendowe rekolekcje \u201e\u017bycie w Duchu \u015awi\u0119tym\u201d prowadzone przez wsp\u00f3lnot\u0119 Dzieje II odb\u0119d\u0105 si\u0119 w dniach 30 sierpnia &#8211;\u00a0<\/span><span style=\"font-size: 12pt;\">1 wrze\u015bnia. Rozpocz\u0119cie w pi\u0105tek, 30 sierpnia o 18:30, w Klubie Muzycznym w starej plebanii. Serdecznie zapraszamy wszystkich ch\u0119tnych.<\/span><\/p>\n<p><span style=\"font-size: 12pt;\"><!-- [if !supportLists]--><strong>4.<\/strong>\u00a0Biuro Parafialne w dniach od 19 do 31 sierpnia b\u0119dzie czynne w poniedzia\u0142ek, wtorek, czwartek i pi\u0105tek od 9:15 do 10:15.<\/span><\/p>\n<p align=\"center\"><span style=\"font-size: 12pt;\">W minionych dniach zmar\u0142y:<\/span><\/p>\n<p align=\"center\"><span style=\"font-size: 12pt;\">+ Maria Pu\u0142akowska, lat 82;<\/span><\/p>\n<p align=\"center\"><span style=\"font-size: 12pt;\">+ Miros\u0142awa Miszewska, lat 71;<\/span><\/p>\n<p align=\"center\"><span style=\"font-size: 12pt;\">+ Genowefa Siedlecka, lat 93.<\/span><\/p>\n","protected":false},"excerpt":{"rendered":"<p>1.\u00a0\u00a0Adoracja Naj\u015bwi\u0119tszego Sakramentu odbywa\u0107 si\u0119 b\u0119dzie w najbli\u017cszym tygodniu od poniedzia\u0142ku do soboty w godzinach od ok. 8:40 do 18:20 w dolnym ko\u015bciele.<\/p>\n","protected":false},"author":6,"featured_media":0,"comment_status":"closed","ping_status":"closed","sticky":false,"template":"","format":"standard","meta":{"footnotes":""},"categories":[8,12],"tags":[],"publishpress_future_action":{"enabled":false,"date":"1970-01-01 01:00:00","action":"","terms":[],"taxonomy":"","browser_timezone_offset":0},"_links":{"self":[{"href":"https:\/\/swmikolaj.org\/index.php\/wp-json\/wp\/v2\/posts\/1362"}],"collection":[{"href":"https:\/\/swmikolaj.org\/index.php\/wp-json\/wp\/v2\/posts"}],"about":[{"href":"https:\/\/swmikolaj.org\/index.php\/wp-json\/wp\/v2\/types\/post"}],"author":[{"embeddable":true,"href":"https:\/\/swmikolaj.org\/index.php\/wp-json\/wp\/v2\/users\/6"}],"replies":[{"embeddable":true,"href":"https:\/\/swmikolaj.org\/index.php\/wp-json\/wp\/v2\/comments?post=1362"}],"version-history":[{"count":1,"href":"https:\/\/swmikolaj.org\/index.php\/wp-json\/wp\/v2\/posts\/1362\/revisions"}],"predecessor-version":[{"id":2645,"href":"https:\/\/swmikolaj.org\/index.php\/wp-json\/wp\/v2\/posts\/1362\/revisions\/2645"}],"wp:attachment":[{"href":"https:\/\/swmikolaj.org\/index.php\/wp-json\/wp\/v2\/media?parent=1362"}],"wp:term":[{"taxonomy":"category","embeddable":true,"href":"https:\/\/swmikolaj.org\/index.php\/wp-json\/wp\/v2\/categories?post=1362"},{"taxonomy":"post_tag","embeddable":true,"href":"https:\/\/swmikolaj.org\/index.php\/wp-json\/wp\/v2\/tags?post=1362"}],"curies":[{"name":"wp","href":"https:\/\/api.w.org\/{rel}","templated":true}]}}