{"id":1356,"date":"2019-08-02T14:46:53","date_gmt":"2019-08-02T14:46:53","guid":{"rendered":"http:\/\/nowa.swmikolaj.org\/?p=1356"},"modified":"2020-04-09T10:43:55","modified_gmt":"2020-04-09T10:43:55","slug":"ogloszeniaduszpasterskie4sierpnia2019r","status":"publish","type":"post","link":"https:\/\/swmikolaj.org\/index.php\/2019\/08\/02\/ogloszeniaduszpasterskie4sierpnia2019r\/","title":{"rendered":"OG\u0141OSZENIA DUSZPASTERSKIE, 4 SIERPNIA 2019 R."},"content":{"rendered":"<p><span style=\"font-size: 12pt;\"><strong>1.\u00a0<\/strong>\u015awi\u0119to Przemienia Pa\u0144skiego obchodzi\u0107 b\u0119dziemy we wtorek,\u00a06 sierpnia. Msze \u015awi\u0119te w naszej parafii tego dnia o 8:00 i 18:30. Suma odpustowa w parafii przy ul. Kcy\u0144skiej we wtorek o 18:00.<\/span><\/p>\n<p><!--more--><\/p>\n<p><strong style=\"font-size: 12pt; background-color: transparent;\">2.<\/strong> <span style=\"font-size: 12pt; background-color: transparent;\">Ju\u017c dzisiaj informujemy, \u017ce katechezy neokatechumenalne rozpoczn\u0105 si\u0119 w naszej parafii 7 pa\u017adziernika, a Kurs Alpha \u2013 30 wrze\u015bnia.<\/span><\/p>\n<p><span style=\"font-size: 12pt;\"><!-- [if !supportLists]--><strong>3.<\/strong>\u00a0Weekendowe rekolekcje \u201e\u017bycie w Duchu \u015awi\u0119tym\u201d prowadzone przez wsp\u00f3lnot\u0119 Dzieje II odb\u0119d\u0105 si\u0119 w dniach 30 sierpnia \u2013 1 wrze\u015bnia. Rozpocz\u0119cie w pi\u0105tek, 30 sierpnia o 18:30, w Klubie Muzycznym, <\/span><span style=\"font-size: 12pt;\">w starej plebanii. Serdecznie zapraszamy wszystkich ch\u0119tnych. Wst\u0119p wolny.<\/span><\/p>\n<p><span style=\"font-size: 12pt;\"><!-- [if !supportLists]--><strong>4.<\/strong>\u00a0Kwesta na rzecz wsparcia dzieci z naszej \u015bwietlicy socjoterapeutycznej, na Zup\u0119 Chylo\u0144sk\u0105 i na inne dzia\u0142ania Parafialnego Zespo\u0142u Caritas odb\u0119dzie si\u0119 dzisiaj po Mszy \u015bwi\u0119tej.<\/span><\/p>\n<p align=\"center\"><span style=\"font-size: 12pt;\">W minionych dniach zmarli:<\/span><\/p>\n<p align=\"center\"><span style=\"font-size: 12pt;\">+ Janina Wyszy\u0144ska, lat 76;<\/span><\/p>\n<p align=\"center\"><span style=\"font-size: 12pt;\">+ Stanis\u0142aw Kozyra, lat 77;<\/span><\/p>\n<p style=\"margin: 0cm; margin-bottom: .0001pt; text-align: center; line-height: 110%;\" align=\"center\"><span style=\"font-size: 12pt;\">+ Jerzy Stachowski, lat 73.<\/span><\/p>\n","protected":false},"excerpt":{"rendered":"<p>1.\u00a0\u015awi\u0119to Przemienia Pa\u0144skiego obchodzi\u0107 b\u0119dziemy we wtorek,\u00a06 sierpnia. Msze \u015awi\u0119te w naszej parafii tego dnia o 8:00 i 18:30. Suma odpustowa w parafii przy ul. Kcy\u0144skiej we wtorek o 18:00.<\/p>\n","protected":false},"author":6,"featured_media":0,"comment_status":"closed","ping_status":"closed","sticky":false,"template":"","format":"standard","meta":{"footnotes":""},"categories":[8,12],"tags":[],"publishpress_future_action":{"enabled":false,"date":"1970-01-01 01:00:00","action":"","terms":[],"taxonomy":"","browser_timezone_offset":0},"_links":{"self":[{"href":"https:\/\/swmikolaj.org\/index.php\/wp-json\/wp\/v2\/posts\/1356"}],"collection":[{"href":"https:\/\/swmikolaj.org\/index.php\/wp-json\/wp\/v2\/posts"}],"about":[{"href":"https:\/\/swmikolaj.org\/index.php\/wp-json\/wp\/v2\/types\/post"}],"author":[{"embeddable":true,"href":"https:\/\/swmikolaj.org\/index.php\/wp-json\/wp\/v2\/users\/6"}],"replies":[{"embeddable":true,"href":"https:\/\/swmikolaj.org\/index.php\/wp-json\/wp\/v2\/comments?post=1356"}],"version-history":[{"count":1,"href":"https:\/\/swmikolaj.org\/index.php\/wp-json\/wp\/v2\/posts\/1356\/revisions"}],"predecessor-version":[{"id":2651,"href":"https:\/\/swmikolaj.org\/index.php\/wp-json\/wp\/v2\/posts\/1356\/revisions\/2651"}],"wp:attachment":[{"href":"https:\/\/swmikolaj.org\/index.php\/wp-json\/wp\/v2\/media?parent=1356"}],"wp:term":[{"taxonomy":"category","embeddable":true,"href":"https:\/\/swmikolaj.org\/index.php\/wp-json\/wp\/v2\/categories?post=1356"},{"taxonomy":"post_tag","embeddable":true,"href":"https:\/\/swmikolaj.org\/index.php\/wp-json\/wp\/v2\/tags?post=1356"}],"curies":[{"name":"wp","href":"https:\/\/api.w.org\/{rel}","templated":true}]}}