{"id":132803,"date":"2023-12-10T13:40:09","date_gmt":"2023-12-10T12:40:09","guid":{"rendered":"https:\/\/swmikolaj.org\/?p=132803"},"modified":"2023-12-10T13:40:12","modified_gmt":"2023-12-10T12:40:12","slug":"homilia-ks-jacka-w-ii-niedziele-adwentu-10-12-23","status":"publish","type":"post","link":"https:\/\/swmikolaj.org\/index.php\/2023\/12\/10\/homilia-ks-jacka-w-ii-niedziele-adwentu-10-12-23\/","title":{"rendered":"Homilia ks. Jacka w II Niedziel\u0119 Adwentu (10.12.23)"},"content":{"rendered":"\n<div dir=\"auto\">Pocz\u0105tek Ewangelii Jezusa Chrystusa lub Poczatek Ewangelii, kt\u00f3r\u0105 jest Jezus Chrystus&#8230; Bo u pocz\u0105tku chrze\u015bcija\u0144stwa nie ma spotkania z ide\u0105, ani z etyk\u0105, ale jest spotkanie z Osob\u0105, kt\u00f3r\u0105 jest Jezus Chrystus.<\/div>\n<div dir=\"auto\">Zach\u0119camy do wys\u0142uchania homilii ks. Jacka z II Niedzieli Adwentu <span class=\"x3nfvp2 x1j61x8r x1fcty0u xdj266r xhhsvwb xat24cr xgzva0m xxymvpz xlup9mm x1kky2od\"><img decoding=\"async\" loading=\"lazy\" class=\"xz74otr\" src=\"https:\/\/static.xx.fbcdn.net\/images\/emoji.php\/v9\/t27\/1.5\/16\/1f600.png\" alt=\"\ud83d\ude00\" width=\"16\" height=\"16\" \/><\/span><\/div>\n\n\n\n<figure class=\"wp-block-embed is-type-video is-provider-youtube wp-block-embed-youtube wp-embed-aspect-16-9 wp-has-aspect-ratio\"><div class=\"wp-block-embed__wrapper\">\n<iframe loading=\"lazy\" title=\"Homilia ks. Jacka Sochy z 10.12.23 - II Niedzieli Adwentu (Msza w ko\u015bciele pw. \u015bw. Miko\u0142aja w Gdyni)\" width=\"676\" height=\"380\" src=\"https:\/\/www.youtube.com\/embed\/4Xd6NTSsgJA?feature=oembed\" frameborder=\"0\" allow=\"accelerometer; autoplay; clipboard-write; encrypted-media; gyroscope; picture-in-picture; web-share\" allowfullscreen><\/iframe>\n<\/div><\/figure>\n","protected":false},"excerpt":{"rendered":"<p>Pocz\u0105tek Ewangelii Jezusa Chrystusa lub Poczatek Ewangelii, kt\u00f3r\u0105 jest Jezus Chrystus&#8230; Bo u pocz\u0105tku chrze\u015bcija\u0144stwa nie ma spotkania z ide\u0105, ani z etyk\u0105, ale jest spotkanie z Osob\u0105, kt\u00f3r\u0105 jest Jezus Chrystus. Zach\u0119camy do wys\u0142uchania homilii ks. Jacka z II Niedzieli Adwentu<\/p>\n","protected":false},"author":3,"featured_media":0,"comment_status":"closed","ping_status":"closed","sticky":false,"template":"","format":"standard","meta":{"footnotes":""},"categories":[8],"tags":[],"publishpress_future_action":{"enabled":false,"date":"1970-01-01 01:00:00","action":"","terms":[],"taxonomy":"","browser_timezone_offset":0},"_links":{"self":[{"href":"https:\/\/swmikolaj.org\/index.php\/wp-json\/wp\/v2\/posts\/132803"}],"collection":[{"href":"https:\/\/swmikolaj.org\/index.php\/wp-json\/wp\/v2\/posts"}],"about":[{"href":"https:\/\/swmikolaj.org\/index.php\/wp-json\/wp\/v2\/types\/post"}],"author":[{"embeddable":true,"href":"https:\/\/swmikolaj.org\/index.php\/wp-json\/wp\/v2\/users\/3"}],"replies":[{"embeddable":true,"href":"https:\/\/swmikolaj.org\/index.php\/wp-json\/wp\/v2\/comments?post=132803"}],"version-history":[{"count":1,"href":"https:\/\/swmikolaj.org\/index.php\/wp-json\/wp\/v2\/posts\/132803\/revisions"}],"predecessor-version":[{"id":132805,"href":"https:\/\/swmikolaj.org\/index.php\/wp-json\/wp\/v2\/posts\/132803\/revisions\/132805"}],"wp:attachment":[{"href":"https:\/\/swmikolaj.org\/index.php\/wp-json\/wp\/v2\/media?parent=132803"}],"wp:term":[{"taxonomy":"category","embeddable":true,"href":"https:\/\/swmikolaj.org\/index.php\/wp-json\/wp\/v2\/categories?post=132803"},{"taxonomy":"post_tag","embeddable":true,"href":"https:\/\/swmikolaj.org\/index.php\/wp-json\/wp\/v2\/tags?post=132803"}],"curies":[{"name":"wp","href":"https:\/\/api.w.org\/{rel}","templated":true}]}}