{"id":1328,"date":"2019-04-26T16:10:41","date_gmt":"2019-04-26T16:10:41","guid":{"rendered":"http:\/\/nowa.swmikolaj.org\/?p=1328"},"modified":"2020-04-09T10:43:56","modified_gmt":"2020-04-09T10:43:56","slug":"ogloszeniaduszpasterskie28-04-2019r","status":"publish","type":"post","link":"https:\/\/swmikolaj.org\/index.php\/2019\/04\/26\/ogloszeniaduszpasterskie28-04-2019r\/","title":{"rendered":"Og\u0142oszenia Duszpasterskie, 28.04.2019 r."},"content":{"rendered":"<p style=\"text-indent: -17.85pt; line-height: 115%; margin: 0cm 0cm 0.0001pt 17.85pt; text-align: justify;\"><!-- [if !supportLists]--><\/p>\n<p style=\"text-align: justify;\"><span style=\"font-size: 12pt;\">1.\u00a0Nabo\u017ce\u0144stwa majowe sprawowa\u0107 b\u0119dziemy w nast\u0119puj\u0105cym porz\u0105dku: w niedziele o 20:30, w pozosta\u0142e dni o 18:00.<\/span><\/p>\n<p style=\"text-align: justify;\"><span style=\"font-size: 12pt;\"><!-- [if !supportLists]-->2.\u00a0 Uroczysto\u015b\u0107 NMP Kr\u00f3lowej Polski obchodzi\u0107 b\u0119dziemy w najbli\u017cszy pi\u0105tek, 3 maja. Msze \u015bwi\u0119te sprawowa\u0107 b\u0119dziemy wed\u0142ug porz\u0105dku niedzielnego. Nie b\u0119dzie jedynie Eucharystii o 17:00 w dolnym ko\u015bciele.\u00a0<\/span><\/p>\n<p><!--more--><\/p>\n<p style=\"text-align: justify;\"><span style=\"font-size: 12pt;\">3.\u00a0Adoracja Naj\u015bwi\u0119tszego Sakramentu odb\u0119dzie si\u0119 w tym tygodniu od poniedzia\u0142ku do soboty, z wyj\u0105tkiem pi\u0105tku, 3 maja.\u00a0<\/span><\/p>\n<p style=\"text-align: justify;\"><span style=\"font-size: 12pt;\"><!-- [if !supportLists]-->4.\u00a0Spotkanie Wsp\u00f3lnoty Trudnych Ma\u0142\u017ce\u0144stw Sychar odb\u0119dzie si\u0119 w poniedzia\u0142ek, 29 kwietnia. Msza \u015bwi\u0119ta o 18:30 w ko\u015bciele, nast\u0119pnie oko\u0142o 19:15, spotkanie w piwnicy starej plebanii. Spotkania maj\u0105 charakter otwarty.\u00a0<\/span><\/p>\n<p style=\"text-align: justify;\"><span style=\"font-size: 12pt;\"><!-- [if !supportLists]-->5.\u00a0W pierwszy pi\u0105tek okazja do spowiedzi przed ka\u017cd\u0105 Msz\u0105 \u015awi\u0119t\u0105.<\/span><\/p>\n<p style=\"text-align: justify;\"><span style=\"font-size: 12pt;\"><!-- [if !supportLists]-->6.\u00a0Msza \u015awi\u0119ta \u201epierwszopi\u0105tkowa\u201d z udzia\u0142em dzieci b\u0119dzie sprawowana 3 maja o 11:30.\u00a0<\/span><\/p>\n<p style=\"text-align: justify;\"><span style=\"font-size: 12pt;\"><!-- [if !supportLists]-->7.\u00a0Spotkanie dla \u017bywego R\u00f3\u017ca\u0144ca odb\u0119dzie si\u0119 w sobot\u0119 o 8:00.\u00a0<\/span><\/p>\n<p style=\"text-align: justify;\"><span style=\"font-size: 12pt;\"><!-- [if !supportLists]-->8.\u00a0Zdaj\u0105cych w tym roku egzaminy maturalne oraz ich bliskich zapraszamy na Msz\u0119 \u015awi\u0119t\u0105 w niedziel\u0119, 5 maja na 18:30, a po niej na specjaln\u0105 modlitw\u0119 i indywidualne b\u0142ogos\u0142awie\u0144stwo maturzyst\u00f3w. <\/span><\/p>\n<p style=\"text-align: justify;\"><span style=\"font-size: 12pt;\">9.\u00a0Biuro parafialne w najbli\u017cszym tygodniu b\u0119dzie czynne tylko w poniedzia\u0142ek i\u00a0 wtorek.<\/span><\/p>\n<p style=\"text-align: justify;\"><span style=\"font-size: 12pt;\"><!-- [if !supportLists]-->10.\u00a0Piesza pielgrzymka do Wejherowa na odpust Tr\u00f3jcy \u015awi\u0119tej odb\u0119dzie si\u0119 w dniach 15-16 czerwca. Ju\u017c dzisiaj zapraszamy i prosimy o zarezerwowanie sobie terminu. Pielgrzymk\u0119 poprowadzi ks. Wojciech. Dziewcz\u0119ta, kt\u00f3re chcia\u0142yby nie\u015b\u0107 obraz prosimy o kontakt z Nikol\u0105 Czarneck\u0105 lub biurem parafialnym. W maju b\u0119dziemy te\u017c zbiera\u0107 intencje modlitewne na pielgrzymk\u0119 od tych, kt\u00f3rzy nie b\u0119d\u0105 mogli osobi\u015bcie wyruszy\u0107 na szlak pielgrzymi.<\/span><\/p>\n<p style=\"text-align: justify;\"><span style=\"font-size: 12pt;\"><!-- [if !supportLists]-->11. Organizujemy, dnia 1 czerwca wyjazd na og\u00f3lnopolskie spotkanie m\u0142odzie\u017cy w Lednicy. Informacje i zapisy u ks. Grzegorza.<\/span><\/p>\n<p style=\"text-align: justify;\"><span style=\"font-size: 12pt;\"><!-- [if !supportLists]-->12. Stary ko\u015bci\u00f3\u0142 pw. Naj\u015bwi\u0119tszej Maryi Panny w Gdyni zostanie podniesiony do godno\u015bci Bazylki Mniejszej. Dokona tego nuncjusz apostolski w Polsce w sobot\u0119, 4 maja o godz. 12:00. Ks. arcybiskup zaprasza gdynian na t\u0119 wyj\u0105tkow\u0105 uroczysto\u015b\u0107.<\/span><\/p>\n<p style=\"text-align: justify;\"><span style=\"font-size: 12pt;\"><!-- [if !supportLists]-->13.\u00a0Dzieci oraz grono pedagogiczne Przedszkola nr 27 przy ul. Wiejskiej zapraszaj\u0105 wszystkich parafian na festyn rodzinny w \u015brod\u0119, 8 maja w godzinach od 15:00 do 17:00.<\/span><\/p>\n<p style=\"text-align: justify;\"><span style=\"font-size: 12pt;\"><!-- [if !supportLists]-->14. Dzi\u015b obchodzimy\u00a0 \u015bwi\u0119to patronalne Caritas, dlatego po ka\u017cdej Mszy \u015bwi\u0119tej, odbywa si\u0119 kwesta na dzia\u0142alno\u015b\u0107 Caritas Archidiecezji Gda\u0144skiej, kt\u00f3ra prowadzi m.in. hospicjum \u015bw. J\u00f3zefa w Sopocie i Centrum Pomocowe o. Pio w Cisowej.<\/span><\/p>\n<p style=\"text-align: justify;\"><span style=\"font-size: 12pt;\"><!-- [if !supportLists]-->15.\u00a0Bardzo dzi\u0119kujemy za zaanga\u017cowanie we wsp\u00f3\u0142tworzenie Liturgii Triduum Paschalnego: pani zakrystiance, Diakonii Muzycznej \u015awi\u0119tego Miko\u0142aja, ch\u0142opcom i dziewcz\u0119tom z Liturgicznej S\u0142u\u017cby O\u0142tarza, panom starszym ministrantom , szafarzom oraz s\u0142u\u017cbie m\u0119skiej \u201eSemper Fidelis\u201d, wszystkim grupom duszpasterskim i wsp\u00f3lnotom oraz wszystkim wiernym, kt\u00f3rzy zaanga\u017cowali si\u0119 w \u017cycie parafii w minionych dniach. Pi\u0119kne relacje zdj\u0119ciowe mo\u017cna obejrze\u0107 na naszej stronie internetowej, s\u0105 tam te\u017c, dzi\u0119ki dzia\u0142alno\u015bci G\u0142osu Miko\u0142aja, nagrania \u015bpiew\u00f3w diakonii i homilii.<\/span><\/p>\n<p align=\"center\"><span style=\"font-size: 12pt;\">W minionych dniach zmarli:<\/span><\/p>\n<p align=\"center\"><span style=\"font-size: 12pt;\">+ Adela Bia\u0142as, lat 88; + Marian Bruch, lat 84; <\/span><\/p>\n<p style=\"text-align: center; line-height: 115%; margin: 0cm 3.4pt .0001pt 36.0pt;\" align=\"center\"><span style=\"font-size: 12pt;\">+ Tadeusz Witkowski, lat 86; + Kazimierz Kowalski, lat 63; <\/span><\/p>\n","protected":false},"excerpt":{"rendered":"<p>1.\u00a0Nabo\u017ce\u0144stwa majowe sprawowa\u0107 b\u0119dziemy w nast\u0119puj\u0105cym porz\u0105dku: w niedziele o 20:30, w pozosta\u0142e dni o 18:00. 2.\u00a0 Uroczysto\u015b\u0107 NMP Kr\u00f3lowej Polski obchodzi\u0107 b\u0119dziemy w najbli\u017cszy pi\u0105tek, 3 maja. Msze \u015bwi\u0119te sprawowa\u0107 b\u0119dziemy wed\u0142ug porz\u0105dku niedzielnego. Nie b\u0119dzie jedynie Eucharystii o 17:00 w dolnym ko\u015bciele.\u00a0<\/p>\n","protected":false},"author":6,"featured_media":0,"comment_status":"closed","ping_status":"closed","sticky":false,"template":"","format":"standard","meta":{"footnotes":""},"categories":[8,12],"tags":[],"publishpress_future_action":{"enabled":false,"date":"1970-01-01 01:00:00","action":"","terms":[],"taxonomy":"","browser_timezone_offset":0},"_links":{"self":[{"href":"https:\/\/swmikolaj.org\/index.php\/wp-json\/wp\/v2\/posts\/1328"}],"collection":[{"href":"https:\/\/swmikolaj.org\/index.php\/wp-json\/wp\/v2\/posts"}],"about":[{"href":"https:\/\/swmikolaj.org\/index.php\/wp-json\/wp\/v2\/types\/post"}],"author":[{"embeddable":true,"href":"https:\/\/swmikolaj.org\/index.php\/wp-json\/wp\/v2\/users\/6"}],"replies":[{"embeddable":true,"href":"https:\/\/swmikolaj.org\/index.php\/wp-json\/wp\/v2\/comments?post=1328"}],"version-history":[{"count":1,"href":"https:\/\/swmikolaj.org\/index.php\/wp-json\/wp\/v2\/posts\/1328\/revisions"}],"predecessor-version":[{"id":2671,"href":"https:\/\/swmikolaj.org\/index.php\/wp-json\/wp\/v2\/posts\/1328\/revisions\/2671"}],"wp:attachment":[{"href":"https:\/\/swmikolaj.org\/index.php\/wp-json\/wp\/v2\/media?parent=1328"}],"wp:term":[{"taxonomy":"category","embeddable":true,"href":"https:\/\/swmikolaj.org\/index.php\/wp-json\/wp\/v2\/categories?post=1328"},{"taxonomy":"post_tag","embeddable":true,"href":"https:\/\/swmikolaj.org\/index.php\/wp-json\/wp\/v2\/tags?post=1328"}],"curies":[{"name":"wp","href":"https:\/\/api.w.org\/{rel}","templated":true}]}}