{"id":1321,"date":"2019-04-12T10:14:56","date_gmt":"2019-04-12T10:14:56","guid":{"rendered":"http:\/\/nowa.swmikolaj.org\/?p=1321"},"modified":"2020-04-02T10:38:13","modified_gmt":"2020-04-02T10:38:13","slug":"intencjemszyswietych15-21-04-2019","status":"publish","type":"post","link":"https:\/\/swmikolaj.org\/index.php\/2019\/04\/12\/intencjemszyswietych15-21-04-2019\/","title":{"rendered":"INTENCJE MSZY \u015aWI\u0118TYCH 15 &#8211; 21\/04\/2019"},"content":{"rendered":"<table border=\"1\" class=\"MsoNormalTable\" style=\"border-collapse: collapse; border: none; width: 647px;\" cellspacing=\"0\" cellpadding=\"0\">\n<tbody>\n<tr style=\"mso-yfti-irow: 0; mso-yfti-firstrow: yes;\">\n<td colspan=\"2\" style=\"width: 485.45pt; border: solid windowtext 1.0pt; mso-border-alt: solid windowtext .5pt; padding: 0cm 3.5pt 0cm 3.5pt;\" valign=\"top\" width=\"647\">\n<p class=\"MsoNormal\" style=\"margin-top: 3.0pt; text-align: center; mso-pagination: none;\" align=\"center\"><strong style=\"mso-bidi-font-weight: normal;\"><span style=\"font-size: 13.0pt; mso-bidi-font-family: Calibri; color: #010000;\">15\/04\/2019 Wielki Poniedzia\u0142ek<\/span><\/strong><\/p>\n<\/td>\n<\/tr>\n<tr style=\"mso-yfti-irow: 1; height: 53.85pt;\">\n<td style=\"width: 63.95pt; border: solid windowtext 1.0pt; border-top: none; mso-border-top-alt: solid windowtext .5pt; mso-border-alt: solid windowtext .5pt; padding: 0cm 3.5pt 0cm 3.5pt; height: 53.85pt;\" width=\"85\">\n<p class=\"MsoNormal\" style=\"margin-top: 3.0pt; text-align: center; mso-pagination: none;\" align=\"center\"><strong style=\"mso-bidi-font-weight: normal;\"><span style=\"font-size: 13.0pt; mso-bidi-font-family: Calibri; color: windowtext;\">08:00<\/span><\/strong><\/p>\n<\/td>\n<td style=\"width: 421.5pt; border-top: none; border-left: none; border-bottom: solid windowtext 1.0pt; border-right: solid windowtext 1.0pt; mso-border-top-alt: solid windowtext .5pt; mso-border-left-alt: solid windowtext .5pt; mso-border-alt: solid windowtext .5pt; padding: 0cm 3.5pt 0cm 3.5pt; height: 53.85pt;\" valign=\"top\" width=\"562\">\n<p class=\"MsoNormal\" style=\"text-indent: -17.85pt; mso-pagination: none; mso-list: l0 level1 lfo1; margin: 3.0pt 0cm .0001pt 17.85pt;\"><!-- [if !supportLists]--><span style=\"font-size: 13.0pt; mso-bidi-font-family: Calibri;\"><span style=\"mso-list: Ignore;\">1.<span style=\"font: 7.0pt 'Times New Roman';\">&nbsp;&nbsp;&nbsp;&nbsp;&nbsp; <\/span><\/span><\/span><!--[endif]--><span style=\"font-size: 13.0pt; mso-bidi-font-family: Calibri;\">+ Syn Marek Rajko w 9 rocz. \u015bmierci oraz rodzice z obojga stron Julian i Stanis\u0142awa, Henryk i Marianna<\/span><\/p>\n<p class=\"MsoNormal\" style=\"text-indent: -17.85pt; mso-pagination: none; mso-list: l0 level1 lfo1; margin: 3.0pt 0cm .0001pt 17.85pt;\"><!-- [if !supportLists]--><span style=\"font-size: 13.0pt; mso-bidi-font-family: Calibri;\"><span style=\"mso-list: Ignore;\">2.<span style=\"font: 7.0pt 'Times New Roman';\">&nbsp;&nbsp;&nbsp;&nbsp;&nbsp; <\/span><\/span><\/span><!--[endif]--><span style=\"font-size: 13.0pt; mso-bidi-font-family: Calibri;\">+ El\u017cbieta, Stanis\u0142aw, Leonard, Krystyna<\/span><\/p>\n<\/td>\n<\/tr>\n<tr style=\"mso-yfti-irow: 2; height: 36.85pt;\">\n<td style=\"width: 63.95pt; border: solid windowtext 1.0pt; border-top: none; mso-border-top-alt: solid windowtext .5pt; mso-border-alt: solid windowtext .5pt; padding: 0cm 3.5pt 0cm 3.5pt; height: 36.85pt;\" width=\"85\">\n<p class=\"MsoNormal\" style=\"margin-top: 3.0pt; text-align: center; mso-pagination: none;\" align=\"center\"><strong style=\"mso-bidi-font-weight: normal;\"><span style=\"font-size: 13.0pt; mso-bidi-font-family: Calibri; color: windowtext;\">18:30<\/span><\/strong><\/p>\n<\/td>\n<td style=\"width: 421.5pt; border-top: none; border-left: none; border-bottom: solid windowtext 1.0pt; border-right: solid windowtext 1.0pt; mso-border-top-alt: solid windowtext .5pt; mso-border-left-alt: solid windowtext .5pt; mso-border-alt: solid windowtext .5pt; padding: 0cm 3.5pt 0cm 3.5pt; height: 36.85pt;\" valign=\"top\" width=\"562\">\n<p class=\"MsoNormal\" style=\"text-indent: -18pt; margin: 3pt 0cm 0.0001pt 36pt;\"><!-- [if !supportLists]--><span style=\"font-size: 13.0pt; mso-bidi-font-family: Calibri;\"><span style=\"mso-list: Ignore;\">1.<span style=\"font: 7.0pt 'Times New Roman';\">&nbsp;&nbsp;&nbsp;&nbsp;&nbsp; <\/span><\/span><\/span><!--[endif]--><span style=\"font-size: 13.0pt; mso-bidi-font-family: Calibri;\">+ Julian Pob\u0142ocki &#8211; gregoria\u0144ska<\/span><\/p>\n<p class=\"MsoNormal\" style=\"text-indent: -18pt; margin: 3pt 0cm 0.0001pt 36pt;\"><!-- [if !supportLists]--><span style=\"font-size: 13.0pt; mso-bidi-font-family: Calibri;\"><span style=\"mso-list: Ignore;\">2.<span style=\"font: 7.0pt 'Times New Roman';\">&nbsp;&nbsp;&nbsp;&nbsp;&nbsp; <\/span><\/span><\/span><!--[endif]--><span style=\"font-size: 13.0pt; mso-bidi-font-family: Calibri;\">+ Jan, Helena i Tadeusz Ma\u0107kowiak oraz Teresa Puchacz<\/span><\/p>\n<\/td>\n<\/tr>\n<tr style=\"mso-yfti-irow: 3;\">\n<td colspan=\"2\" style=\"width: 485.45pt; border: solid windowtext 1.0pt; border-top: none; mso-border-top-alt: solid windowtext .5pt; mso-border-alt: solid windowtext .5pt; padding: 0cm 3.5pt 0cm 3.5pt;\" valign=\"top\" width=\"647\">\n<p class=\"MsoNormal\" style=\"margin-top: 3.0pt; text-align: center; mso-pagination: none;\" align=\"center\"><strong style=\"mso-bidi-font-weight: normal;\"><span style=\"font-size: 13.0pt; mso-bidi-font-family: Calibri; color: #010000;\">16\/04\/2019 Wielki Wtorek<\/span><\/strong><\/p>\n<\/td>\n<\/tr>\n<tr style=\"mso-yfti-irow: 4; height: 53.85pt;\">\n<td style=\"width: 63.95pt; border: solid windowtext 1.0pt; border-top: none; mso-border-top-alt: solid windowtext .5pt; mso-border-alt: solid windowtext .5pt; padding: 0cm 3.5pt 0cm 3.5pt; height: 53.85pt;\" width=\"85\">\n<p class=\"MsoNormal\" style=\"margin-top: 3.0pt; text-align: center; mso-pagination: none;\" align=\"center\"><strong style=\"mso-bidi-font-weight: normal;\"><span style=\"font-size: 13.0pt; mso-bidi-font-family: Calibri; color: windowtext;\">08:00<\/span><\/strong><\/p>\n<\/td>\n<td style=\"width: 421.5pt; border-top: none; border-left: none; border-bottom: solid windowtext 1.0pt; border-right: solid windowtext 1.0pt; mso-border-top-alt: solid windowtext .5pt; mso-border-left-alt: solid windowtext .5pt; mso-border-alt: solid windowtext .5pt; padding: 0cm 3.5pt 0cm 3.5pt; height: 53.85pt;\" valign=\"top\" width=\"562\">\n<p class=\"MsoNormal\" style=\"text-indent: -18.0pt; mso-pagination: none; mso-list: l7 level1 lfo3; margin: 3.0pt 0cm .0001pt 36.0pt;\"><!-- [if !supportLists]--><span style=\"font-size: 13.0pt; mso-bidi-font-family: Calibri;\"><span style=\"mso-list: Ignore;\">1.<span style=\"font: 7.0pt 'Times New Roman';\">&nbsp;&nbsp;&nbsp;&nbsp;&nbsp; <\/span><\/span><\/span><!--[endif]--><span style=\"font-size: 13.0pt; mso-bidi-font-family: Calibri;\">+ Stefania Machnikowska w 20 rocz. \u015bmierci oraz Kazimierz Machnikowski<\/span><\/p>\n<p class=\"MsoNormal\" style=\"text-indent: -18.0pt; mso-pagination: none; mso-list: l7 level1 lfo3; margin: 3.0pt 0cm .0001pt 36.0pt;\"><!-- [if !supportLists]--><span style=\"font-size: 13.0pt; mso-bidi-font-family: Calibri;\"><span style=\"mso-list: Ignore;\">2.<span style=\"font: 7.0pt 'Times New Roman';\">&nbsp;&nbsp;&nbsp;&nbsp;&nbsp; <\/span><\/span><\/span><!--[endif]--><span style=\"font-size: 13.0pt; mso-bidi-font-family: Calibri;\">+ Monika i Kleofas<\/span><\/p>\n<\/td>\n<\/tr>\n<tr style=\"mso-yfti-irow: 5; height: 39.7pt;\">\n<td style=\"width: 63.95pt; border: solid windowtext 1.0pt; border-top: none; mso-border-top-alt: solid windowtext .5pt; mso-border-alt: solid windowtext .5pt; padding: 0cm 3.5pt 0cm 3.5pt; height: 39.7pt;\" width=\"85\">\n<p class=\"MsoNormal\" style=\"margin-top: 3.0pt; text-align: center; mso-pagination: none;\" align=\"center\"><strong style=\"mso-bidi-font-weight: normal;\"><span style=\"font-size: 13.0pt; mso-bidi-font-family: Calibri; color: windowtext;\">18:30<\/span><\/strong><\/p>\n<\/td>\n<td style=\"width: 421.5pt; border-top: none; border-left: none; border-bottom: solid windowtext 1.0pt; border-right: solid windowtext 1.0pt; mso-border-top-alt: solid windowtext .5pt; mso-border-left-alt: solid windowtext .5pt; mso-border-alt: solid windowtext .5pt; padding: 0cm 3.5pt 0cm 3.5pt; height: 39.7pt;\" valign=\"top\" width=\"562\">\n<p class=\"MsoNormal\" style=\"text-indent: -18.0pt; mso-pagination: none; mso-list: l5 level1 lfo4; margin: 3.0pt 0cm .0001pt 36.0pt;\"><!-- [if !supportLists]--><span style=\"font-size: 13.0pt; mso-bidi-font-family: Calibri;\"><span style=\"mso-list: Ignore;\">1.<span style=\"font: 7.0pt 'Times New Roman';\">&nbsp;&nbsp;&nbsp;&nbsp;&nbsp; <\/span><\/span><\/span><!--[endif]--><span style=\"font-size: 13.0pt; mso-bidi-font-family: Calibri;\">+ Ryszard Brucki w 7 rocz. \u015bmierci<\/span><\/p>\n<p class=\"MsoNormal\" style=\"text-indent: -18.0pt; mso-pagination: none; mso-list: l5 level1 lfo4; margin: 3.0pt 0cm .0001pt 36.0pt;\"><!-- [if !supportLists]--><span style=\"font-size: 13.0pt; mso-bidi-font-family: Calibri;\"><span style=\"mso-list: Ignore;\">2.<span style=\"font: 7.0pt 'Times New Roman';\">&nbsp;&nbsp;&nbsp;&nbsp;&nbsp; <\/span><\/span><\/span><!--[endif]--><span style=\"font-size: 13.0pt; mso-bidi-font-family: Calibri;\">+ M\u0105\u017c Mieczys\u0142aw Kaszuba rodzice i rodze\u0144stwo z obojga stron<\/span><\/p>\n<\/td>\n<\/tr>\n<tr style=\"mso-yfti-irow: 6;\">\n<td colspan=\"2\" style=\"width: 485.45pt; border: solid windowtext 1.0pt; border-top: none; mso-border-top-alt: solid windowtext .5pt; mso-border-alt: solid windowtext .5pt; padding: 0cm 3.5pt 0cm 3.5pt;\" valign=\"top\" width=\"647\">\n<p class=\"MsoNormal\" style=\"margin-top: 3.0pt; text-align: center; mso-pagination: none;\" align=\"center\"><strong style=\"mso-bidi-font-weight: normal;\"><span style=\"font-size: 13.0pt; mso-bidi-font-family: Calibri; color: #010000;\">17\/04\/2019 Wielka \u015aroda<\/span><\/strong><\/p>\n<\/td>\n<\/tr>\n<tr style=\"mso-yfti-irow: 7; height: 2.0cm;\">\n<td style=\"width: 63.95pt; border: solid windowtext 1.0pt; border-top: none; mso-border-top-alt: solid windowtext .5pt; mso-border-alt: solid windowtext .5pt; padding: 0cm 3.5pt 0cm 3.5pt; height: 2.0cm;\" width=\"85\">\n<p class=\"MsoNormal\" style=\"margin-top: 3.0pt; text-align: center; mso-pagination: none;\" align=\"center\"><strong style=\"mso-bidi-font-weight: normal;\"><span style=\"font-size: 13.0pt; mso-bidi-font-family: Calibri; color: windowtext;\">08:00<\/span><\/strong><\/p>\n<\/td>\n<td style=\"width: 421.5pt; border-top: none; border-left: none; border-bottom: solid windowtext 1.0pt; border-right: solid windowtext 1.0pt; mso-border-top-alt: solid windowtext .5pt; mso-border-left-alt: solid windowtext .5pt; mso-border-alt: solid windowtext .5pt; padding: 0cm 3.5pt 0cm 3.5pt; height: 2.0cm;\" valign=\"top\" width=\"562\">\n<p class=\"MsoNormal\" style=\"text-indent: -18.0pt; mso-pagination: none; mso-list: l4 level1 lfo5; margin: 3.0pt 0cm .0001pt 36.0pt;\"><!-- [if !supportLists]--><span style=\"font-size: 13.0pt; mso-bidi-font-family: Calibri;\"><span style=\"mso-list: Ignore;\">1.<span style=\"font: 7.0pt 'Times New Roman';\">&nbsp;&nbsp;&nbsp;&nbsp;&nbsp; <\/span><\/span><\/span><!--[endif]--><span style=\"font-size: 13.0pt; mso-bidi-font-family: Calibri;\">+ Marianna, Stanis\u0142aw oraz bracia i m\u0105\u017c Jan<\/span><\/p>\n<p class=\"MsoNormal\" style=\"text-indent: -18.0pt; mso-pagination: none; mso-list: l4 level1 lfo5; margin: 3.0pt 0cm .0001pt 36.0pt;\"><!-- [if !supportLists]--><span style=\"font-size: 13.0pt; mso-bidi-font-family: Calibri;\"><span style=\"mso-list: Ignore;\">2.<span style=\"font: 7.0pt 'Times New Roman';\">&nbsp;&nbsp;&nbsp;&nbsp;&nbsp; <\/span><\/span><\/span><!--[endif]--><span style=\"font-size: 13.0pt; mso-bidi-font-family: Calibri;\">+ W\u0142adys\u0142aw Majewski w 4 rocz. \u015bmierci oraz Zofia i Kazimierz, Stanis\u0142awa i Wojciech Grze\u015bkowiak<\/span><\/p>\n<\/td>\n<\/tr>\n<tr style=\"mso-yfti-irow: 8; height: 39.7pt;\">\n<td style=\"width: 63.95pt; border: solid windowtext 1.0pt; border-top: none; mso-border-top-alt: solid windowtext .5pt; mso-border-alt: solid windowtext .5pt; padding: 0cm 3.5pt 0cm 3.5pt; height: 39.7pt;\" width=\"85\">\n<p class=\"MsoNormal\" style=\"margin-top: 3.0pt; text-align: center; mso-pagination: none;\" align=\"center\"><strong style=\"mso-bidi-font-weight: normal;\"><span style=\"font-size: 13.0pt; mso-bidi-font-family: Calibri; color: windowtext;\">18:30<\/span><\/strong><\/p>\n<\/td>\n<td style=\"width: 421.5pt; border-top: none; border-left: none; border-bottom: solid windowtext 1.0pt; border-right: solid windowtext 1.0pt; mso-border-top-alt: solid windowtext .5pt; mso-border-left-alt: solid windowtext .5pt; mso-border-alt: solid windowtext .5pt; padding: 0cm 3.5pt 0cm 3.5pt; height: 39.7pt;\" valign=\"top\" width=\"562\">\n<p class=\"MsoNormal\" style=\"text-indent: -18.0pt; mso-pagination: none; mso-list: l6 level1 lfo6; margin: 3.0pt 0cm .0001pt 36.0pt;\"><!-- [if !supportLists]--><span style=\"font-size: 13.0pt; mso-bidi-font-family: Calibri;\"><span style=\"mso-list: Ignore;\">1.<span style=\"font: 7.0pt 'Times New Roman';\">&nbsp;&nbsp;&nbsp;&nbsp;&nbsp; <\/span><\/span><\/span><!--[endif]--><span style=\"font-size: 13.0pt; mso-bidi-font-family: Calibri;\">Dzi\u0119kczynno-b\u0142agalna w 39 rocz. \u015blubu Beaty i Romana<\/span><\/p>\n<p class=\"MsoNormal\" style=\"text-indent: -18.0pt; mso-pagination: none; mso-list: l6 level1 lfo6; margin: 3.0pt 0cm .0001pt 36.0pt;\"><!-- [if !supportLists]--><span style=\"font-size: 13.0pt; mso-bidi-font-family: Calibri;\"><span style=\"mso-list: Ignore;\">2.<span style=\"font: 7.0pt 'Times New Roman';\">&nbsp;&nbsp;&nbsp;&nbsp;&nbsp; <\/span><\/span><\/span><!--[endif]--><span style=\"font-size: 13.0pt; mso-bidi-font-family: Calibri;\">+ Jan Weier, Ewa, rodzice, rodze\u0144stwo i dziadkowie z obojga stron<\/span><\/p>\n<\/td>\n<\/tr>\n<tr style=\"mso-yfti-irow: 9;\">\n<td colspan=\"2\" style=\"width: 485.45pt; border: solid windowtext 1.0pt; border-top: none; mso-border-top-alt: solid windowtext .5pt; mso-border-alt: solid windowtext .5pt; padding: 0cm 3.5pt 0cm 3.5pt;\" valign=\"top\" width=\"647\">\n<p class=\"MsoNormal\" style=\"margin-top: 3.0pt; text-align: center; mso-pagination: none;\" align=\"center\"><strong style=\"mso-bidi-font-weight: normal;\"><span style=\"font-size: 13.0pt; mso-bidi-font-family: Calibri; color: #010000;\">\u015aWI\u0118TE TRIDUUM PASCHALNE<\/span><\/strong><\/p>\n<p class=\"MsoNormal\" style=\"margin-top: 3.0pt; text-align: center; mso-pagination: none;\" align=\"center\"><strong style=\"mso-bidi-font-weight: normal;\"><span style=\"font-size: 13.0pt; mso-bidi-font-family: Calibri; color: #010000;\">18\/04\/2019 Wielki Czwartek<\/span><\/strong><\/p>\n<\/td>\n<\/tr>\n<tr style=\"mso-yfti-irow: 10;\">\n<td style=\"width: 63.95pt; border: solid windowtext 1.0pt; border-top: none; mso-border-top-alt: solid windowtext .5pt; mso-border-alt: solid windowtext .5pt; padding: 0cm 3.5pt 0cm 3.5pt;\" valign=\"top\" width=\"85\">\n<p class=\"MsoNormal\" style=\"margin-top: 3.0pt; text-align: center; mso-pagination: none;\" align=\"center\"><strong style=\"mso-bidi-font-weight: normal;\"><span style=\"font-size: 13.0pt; mso-bidi-font-family: Calibri; color: windowtext;\">18:30<\/span><\/strong><\/p>\n<\/td>\n<td style=\"width: 421.5pt; border-top: none; border-left: none; border-bottom: solid windowtext 1.0pt; border-right: solid windowtext 1.0pt; mso-border-top-alt: solid windowtext .5pt; mso-border-left-alt: solid windowtext .5pt; mso-border-alt: solid windowtext .5pt; padding: 0cm 3.5pt 0cm 3.5pt;\" valign=\"top\" width=\"562\">\n<p class=\"MsoNormal\" style=\"margin-top: 3.0pt; mso-pagination: none;\"><span style=\"font-size: 13.0pt; mso-bidi-font-family: Arial; color: windowtext;\">W intencji kap\u0142an&oacute;w z naszej parafii<\/span><span style=\"font-size: 13.0pt; mso-bidi-font-family: Calibri;\"><\/span><\/p>\n<\/td>\n<\/tr>\n<tr style=\"mso-yfti-irow: 11;\">\n<td colspan=\"2\" style=\"width: 485.45pt; border: solid windowtext 1.0pt; border-top: none; mso-border-top-alt: solid windowtext .5pt; mso-border-alt: solid windowtext .5pt; padding: 0cm 3.5pt 0cm 3.5pt;\" valign=\"top\" width=\"647\">\n<p class=\"MsoNormal\" style=\"margin-top: 3.0pt; text-align: center; mso-pagination: none;\" align=\"center\"><strong style=\"mso-bidi-font-weight: normal;\"><span style=\"font-size: 13.0pt; mso-bidi-font-family: Calibri; color: #010000;\">19\/04\/2019 Wielki Pi\u0105tek<\/span><\/strong><\/p>\n<\/td>\n<\/tr>\n<tr style=\"mso-yfti-irow: 12;\">\n<td style=\"width: 63.95pt; border: solid windowtext 1.0pt; border-top: none; mso-border-top-alt: solid windowtext .5pt; mso-border-alt: solid windowtext .5pt; padding: 0cm 3.5pt 0cm 3.5pt;\" width=\"85\">\n<p class=\"MsoNormal\" style=\"margin-top: 3.0pt; text-align: center; mso-pagination: none;\" align=\"center\"><strong style=\"mso-bidi-font-weight: normal;\"><span style=\"font-size: 13.0pt; mso-bidi-font-family: Calibri; color: windowtext;\">18:30<\/span><\/strong><\/p>\n<\/td>\n<td style=\"width: 421.5pt; border-top: none; border-left: none; border-bottom: solid windowtext 1.0pt; border-right: solid windowtext 1.0pt; mso-border-top-alt: solid windowtext .5pt; mso-border-left-alt: solid windowtext .5pt; mso-border-alt: solid windowtext .5pt; padding: 0cm 3.5pt 0cm 3.5pt;\" valign=\"top\" width=\"562\">\n<p class=\"MsoNormal\" style=\"margin-top: 3.0pt; mso-pagination: none;\"><span style=\"font-size: 13.0pt; color: windowtext;\">Liturgia Wielkiego Pi\u0105tku<\/span><span style=\"font-size: 13.0pt; mso-bidi-font-family: Calibri;\"><\/span><\/p>\n<\/td>\n<\/tr>\n<tr style=\"mso-yfti-irow: 13;\">\n<td colspan=\"2\" style=\"width: 485.45pt; border: solid windowtext 1.0pt; border-top: none; mso-border-top-alt: solid windowtext .5pt; mso-border-alt: solid windowtext .5pt; padding: 0cm 3.5pt 0cm 3.5pt;\" valign=\"top\" width=\"647\">\n<p class=\"MsoNormal\" style=\"margin-top: 3.0pt; text-align: center; mso-pagination: none;\" align=\"center\"><strong style=\"mso-bidi-font-weight: normal;\"><span style=\"font-size: 13.0pt; mso-bidi-font-family: Calibri; color: #010000;\">20\/04\/2019 Wielka Sobota<\/span><\/strong><\/p>\n<\/td>\n<\/tr>\n<tr style=\"mso-yfti-irow: 14; height: 90.7pt;\">\n<td style=\"width: 63.95pt; border: solid windowtext 1.0pt; border-top: none; mso-border-top-alt: solid windowtext .5pt; mso-border-alt: solid windowtext .5pt; padding: 0cm 3.5pt 0cm 3.5pt; height: 90.7pt;\" width=\"85\">\n<p class=\"MsoNormal\" style=\"margin-top: 3.0pt; text-align: center; mso-pagination: none;\" align=\"center\"><strong style=\"mso-bidi-font-weight: normal;\"><span style=\"font-size: 13.0pt; mso-bidi-font-family: Calibri; color: windowtext;\">21:30<\/span><\/strong><\/p>\n<\/td>\n<td style=\"width: 421.5pt; border-top: none; border-left: none; border-bottom: solid windowtext 1.0pt; border-right: solid windowtext 1.0pt; mso-border-top-alt: solid windowtext .5pt; mso-border-left-alt: solid windowtext .5pt; mso-border-alt: solid windowtext .5pt; padding: 0cm 3.5pt 0cm 3.5pt; height: 90.7pt;\" valign=\"top\" width=\"562\">\n<p class=\"MsoNormal\" style=\"text-indent: -17.85pt; mso-pagination: none; mso-list: l2 level1 lfo7; margin: 3.0pt 0cm .0001pt 17.85pt;\"><!-- [if !supportLists]--><span style=\"font-size: 13.0pt; mso-bidi-font-family: Calibri;\"><span style=\"mso-list: Ignore;\">1.<span style=\"font: 7.0pt 'Times New Roman';\">&nbsp;&nbsp;&nbsp;&nbsp;&nbsp; <\/span><\/span><\/span><!--[endif]--><span style=\"font-size: 13.0pt; mso-bidi-font-family: Calibri;\">W intencji parafii<\/span><\/p>\n<p class=\"MsoNormal\" style=\"text-indent: -17.85pt; mso-pagination: none; mso-list: l2 level1 lfo7; margin: 3.0pt 0cm .0001pt 17.85pt;\"><!-- [if !supportLists]--><span style=\"font-size: 13.0pt; mso-bidi-font-family: Calibri;\"><span style=\"mso-list: Ignore;\">2.<span style=\"font: 7.0pt 'Times New Roman';\">&nbsp;&nbsp;&nbsp;&nbsp;&nbsp; <\/span><\/span><\/span><!--[endif]--><span style=\"font-size: 13.0pt; mso-bidi-font-family: Calibri;\">Dzi\u0119kczynno-b\u0142agalna z pro\u015bb\u0105 o Bo\u017ce b\u0142ogos\u0142awie\u0144stwo i opiek\u0119 Maryi dla Jonasza w 1 rocz. urodzin i dla ca\u0142ej rodziny<\/span><\/p>\n<p class=\"MsoListParagraph\" style=\"mso-add-space: auto; text-indent: -17.85pt; mso-list: l2 level1 lfo7; margin: 3.0pt 0cm .0001pt 17.85pt;\"><!-- [if !supportLists]--><span style=\"font-size: 13.0pt; mso-bidi-font-family: Calibri;\"><span style=\"mso-list: Ignore;\">3.<span style=\"font: 7.0pt 'Times New Roman';\">&nbsp;&nbsp;&nbsp;&nbsp;&nbsp; <\/span><\/span><\/span><!--[endif]--><span style=\"font-size: 13.0pt; mso-bidi-font-family: Arial; color: windowtext;\">Dzi\u0119kczynno-b\u0142agalna z pro\u015bb\u0105 o Bo\u017ce b\u0142ogos\u0142awie\u0144stwo i opiek\u0119 Matki Bo\u017cej dla ca\u0142ej rodziny<\/span><span style=\"font-size: 13.0pt; mso-bidi-font-family: Calibri;\"><\/span><\/p>\n<\/td>\n<\/tr>\n<tr style=\"mso-yfti-irow: 15;\">\n<td colspan=\"2\" style=\"width: 485.45pt; border: solid windowtext 1.0pt; border-top: none; mso-border-top-alt: solid windowtext .5pt; mso-border-alt: solid windowtext .5pt; padding: 0cm 3.5pt 0cm 3.5pt;\" valign=\"top\" width=\"647\">\n<p class=\"MsoNormal\" style=\"margin-top: 3.0pt; text-align: center; mso-pagination: none;\" align=\"center\"><strong style=\"mso-bidi-font-weight: normal;\"><span style=\"font-size: 13.0pt; mso-bidi-font-family: Calibri; color: #010000;\">21\/04\/2019 Niedziela<\/span><\/strong><\/p>\n<p class=\"MsoNormal\" style=\"margin-top: 3.0pt; text-align: center; mso-pagination: none;\" align=\"center\"><strong style=\"mso-bidi-font-weight: normal;\"><span style=\"font-size: 13.0pt; mso-bidi-font-family: Calibri; color: #010000;\">Uroczysto\u015b\u0107 Zmartwychwstania Pa\u0144skiego<\/span><\/strong><\/p>\n<\/td>\n<\/tr>\n<tr style=\"mso-yfti-irow: 16;\">\n<td style=\"width: 63.95pt; border: solid windowtext 1.0pt; border-top: none; mso-border-top-alt: solid windowtext .5pt; mso-border-alt: solid windowtext .5pt; padding: 0cm 3.5pt 0cm 3.5pt;\" width=\"85\">\n<p class=\"MsoNormal\" style=\"margin-top: 3.0pt; text-align: center; mso-pagination: none;\" align=\"center\"><strong style=\"mso-bidi-font-weight: normal;\"><span style=\"font-size: 13.0pt; mso-bidi-font-family: Calibri; color: windowtext;\">06:00<\/span><\/strong><\/p>\n<\/td>\n<td style=\"width: 421.5pt; border-top: none; border-left: none; border-bottom: solid windowtext 1.0pt; border-right: solid windowtext 1.0pt; mso-border-top-alt: solid windowtext .5pt; mso-border-left-alt: solid windowtext .5pt; mso-border-alt: solid windowtext .5pt; padding: 0cm 3.5pt 0cm 3.5pt;\" valign=\"top\" width=\"562\">\n<p class=\"MsoNormal\" style=\"margin-top: 3.0pt; mso-pagination: none;\"><span style=\"font-size: 13.0pt; mso-bidi-font-family: Calibri;\">+ Anastazja, Leon Klawikowscy, Stefania, Robert Kl&oacute;skowscy<\/span><\/p>\n<\/td>\n<\/tr>\n<tr style=\"mso-yfti-irow: 17;\">\n<td style=\"width: 63.95pt; border: solid windowtext 1.0pt; border-top: none; mso-border-top-alt: solid windowtext .5pt; mso-border-alt: solid windowtext .5pt; padding: 0cm 3.5pt 0cm 3.5pt;\" width=\"85\">\n<p class=\"MsoNormal\" style=\"margin-top: 3.0pt; text-align: center; mso-pagination: none;\" align=\"center\"><strong style=\"mso-bidi-font-weight: normal;\"><span style=\"font-size: 13.0pt; mso-bidi-font-family: Calibri; color: windowtext;\">10:00<\/span><\/strong><\/p>\n<\/td>\n<td style=\"width: 421.5pt; border-top: none; border-left: none; border-bottom: solid windowtext 1.0pt; border-right: solid windowtext 1.0pt; mso-border-top-alt: solid windowtext .5pt; mso-border-left-alt: solid windowtext .5pt; mso-border-alt: solid windowtext .5pt; padding: 0cm 3.5pt 0cm 3.5pt;\" valign=\"top\" width=\"562\">\n<p class=\"MsoNormal\" style=\"text-indent: -17.85pt; mso-pagination: none; mso-list: l1 level1 lfo8; margin: 3.0pt 0cm .0001pt 17.85pt;\"><!-- [if !supportLists]--><span style=\"font-size: 13.0pt; mso-bidi-font-family: Calibri;\"><span style=\"mso-list: Ignore;\">1.<span style=\"font: 7.0pt 'Times New Roman';\">&nbsp;&nbsp;&nbsp;&nbsp;&nbsp; <\/span><\/span><\/span><!--[endif]--><span style=\"font-size: 13.0pt; mso-bidi-font-family: Calibri;\">+ Zmarli z rodzin Grzymkowskich i Kuligowskich<\/span><\/p>\n<p class=\"MsoNormal\" style=\"text-indent: -17.85pt; mso-pagination: none; mso-list: l1 level1 lfo8; margin: 3.0pt 0cm .0001pt 17.85pt;\"><!-- [if !supportLists]--><span style=\"font-size: 13.0pt; mso-bidi-font-family: Calibri;\"><span style=\"mso-list: Ignore;\">2.<span style=\"font: 7.0pt 'Times New Roman';\">&nbsp;&nbsp;&nbsp;&nbsp;&nbsp; <\/span><\/span><\/span><!--[endif]--><span style=\"font-size: 13.0pt; mso-bidi-font-family: Calibri;\">+ Rodzice Danuta i Ryszard Sie\u0144ko<\/span><\/p>\n<\/td>\n<\/tr>\n<tr style=\"mso-yfti-irow: 18;\">\n<td style=\"width: 63.95pt; border: solid windowtext 1.0pt; border-top: none; mso-border-top-alt: solid windowtext .5pt; mso-border-alt: solid windowtext .5pt; padding: 0cm 3.5pt 0cm 3.5pt;\" width=\"85\">\n<p class=\"MsoNormal\" style=\"margin-top: 3.0pt; text-align: center; mso-pagination: none;\" align=\"center\"><strong style=\"mso-bidi-font-weight: normal;\"><span style=\"font-size: 13.0pt; mso-bidi-font-family: Calibri; color: windowtext;\">11:30<\/span><\/strong><\/p>\n<\/td>\n<td style=\"width: 421.5pt; border-top: none; border-left: none; border-bottom: solid windowtext 1.0pt; border-right: solid windowtext 1.0pt; mso-border-top-alt: solid windowtext .5pt; mso-border-left-alt: solid windowtext .5pt; mso-border-alt: solid windowtext .5pt; padding: 0cm 3.5pt 0cm 3.5pt;\" valign=\"top\" width=\"562\">\n<p class=\"MsoNormal\" style=\"text-indent: -17.85pt; mso-pagination: none; margin: 3.0pt 0cm .0001pt 17.85pt;\"><span style=\"font-size: 13.0pt; mso-bidi-font-family: Calibri;\">Dzi\u0119kczynno-b\u0142agalna w 35 rocz. \u015blubu Aleksandry i Jacka Ga\u0142\u0105zka z pro\u015bba o Bo\u017ce b\u0142ogos\u0142awie\u0144stwo i opiek\u0119 Matki Bo\u017cej dla ca\u0142ej rodziny<\/span><\/p>\n<\/td>\n<\/tr>\n<tr style=\"mso-yfti-irow: 19;\">\n<td style=\"width: 63.95pt; border: solid windowtext 1.0pt; border-top: none; mso-border-top-alt: solid windowtext .5pt; mso-border-alt: solid windowtext .5pt; padding: 0cm 3.5pt 0cm 3.5pt;\" width=\"85\">\n<p class=\"MsoNormal\" style=\"margin-top: 3.0pt; text-align: center; mso-pagination: none;\" align=\"center\"><strong style=\"mso-bidi-font-weight: normal;\"><span style=\"font-size: 13.0pt; mso-bidi-font-family: Calibri; color: windowtext;\">13:00<\/span><\/strong><\/p>\n<\/td>\n<td style=\"width: 421.5pt; border-top: none; border-left: none; border-bottom: solid windowtext 1.0pt; border-right: solid windowtext 1.0pt; mso-border-top-alt: solid windowtext .5pt; mso-border-left-alt: solid windowtext .5pt; mso-border-alt: solid windowtext .5pt; padding: 0cm 3.5pt 0cm 3.5pt;\" valign=\"top\" width=\"562\">\n<p class=\"MsoNormal\" style=\"margin-top: 3.0pt; mso-pagination: none;\"><span style=\"font-size: 13.0pt; mso-bidi-font-family: Calibri;\">+ M\u0105\u017c Wiktor Kunkel w 6 rocz. \u015bmierci<\/span><\/p>\n<\/td>\n<\/tr>\n<tr style=\"mso-yfti-irow: 20; mso-yfti-lastrow: yes;\">\n<td style=\"width: 63.95pt; border: solid windowtext 1.0pt; border-top: none; mso-border-top-alt: solid windowtext .5pt; mso-border-alt: solid windowtext .5pt; padding: 0cm 3.5pt 0cm 3.5pt;\" width=\"85\">\n<p class=\"MsoNormal\" style=\"margin-top: 3.0pt; text-align: center; mso-pagination: none;\" align=\"center\"><strong style=\"mso-bidi-font-weight: normal;\"><span style=\"font-size: 13.0pt; mso-bidi-font-family: Calibri; color: windowtext;\">18:30<\/span><\/strong><\/p>\n<\/td>\n<td style=\"width: 421.5pt; border-top: none; border-left: none; border-bottom: solid windowtext 1.0pt; border-right: solid windowtext 1.0pt; mso-border-top-alt: solid windowtext .5pt; mso-border-left-alt: solid windowtext .5pt; mso-border-alt: solid windowtext .5pt; padding: 0cm 3.5pt 0cm 3.5pt;\" valign=\"top\" width=\"562\">\n<p class=\"MsoNormal\" style=\"text-indent: -17.85pt; mso-pagination: none; margin: 3.0pt 0cm .0001pt 17.85pt;\"><span style=\"font-size: 13.0pt; mso-bidi-font-family: Calibri;\">+ Helena i Stanis\u0142aw Zienkiewicz, El\u017cbieta i Franciszek Kulling, Gertruda, Jan i Rudolf Plichta-Endler<\/span><\/p>\n<\/td>\n<\/tr>\n<\/tbody>\n<\/table>\n","protected":false},"excerpt":{"rendered":"<p>15\/04\/2019 Wielki Poniedzia\u0142ek 08:00 1.&nbsp;&nbsp;&nbsp;&nbsp;&nbsp; + Syn Marek Rajko w 9 rocz. \u015bmierci oraz rodzice z obojga stron Julian i Stanis\u0142awa, Henryk i Marianna 2.&nbsp;&nbsp;&nbsp;&nbsp;&nbsp; + El\u017cbieta, Stanis\u0142aw, Leonard, Krystyna 18:30 1.&nbsp;&nbsp;&nbsp;&nbsp;&nbsp; + Julian Pob\u0142ocki &#8211; gregoria\u0144ska 2.&nbsp;&nbsp;&nbsp;&nbsp;&nbsp; + Jan, Helena i Tadeusz Ma\u0107kowiak oraz Teresa Puchacz 16\/04\/2019 Wielki Wtorek 08:00 1.&nbsp;&nbsp;&nbsp;&nbsp;&nbsp; + Stefania Machnikowska [&hellip;]<\/p>\n","protected":false},"author":6,"featured_media":0,"comment_status":"closed","ping_status":"closed","sticky":false,"template":"","format":"standard","meta":{"footnotes":""},"categories":[8,10],"tags":[],"publishpress_future_action":{"enabled":false,"date":"1970-01-01 01:00:00","action":"","terms":[],"taxonomy":"","browser_timezone_offset":0},"_links":{"self":[{"href":"https:\/\/swmikolaj.org\/index.php\/wp-json\/wp\/v2\/posts\/1321"}],"collection":[{"href":"https:\/\/swmikolaj.org\/index.php\/wp-json\/wp\/v2\/posts"}],"about":[{"href":"https:\/\/swmikolaj.org\/index.php\/wp-json\/wp\/v2\/types\/post"}],"author":[{"embeddable":true,"href":"https:\/\/swmikolaj.org\/index.php\/wp-json\/wp\/v2\/users\/6"}],"replies":[{"embeddable":true,"href":"https:\/\/swmikolaj.org\/index.php\/wp-json\/wp\/v2\/comments?post=1321"}],"version-history":[{"count":1,"href":"https:\/\/swmikolaj.org\/index.php\/wp-json\/wp\/v2\/posts\/1321\/revisions"}],"predecessor-version":[{"id":1985,"href":"https:\/\/swmikolaj.org\/index.php\/wp-json\/wp\/v2\/posts\/1321\/revisions\/1985"}],"wp:attachment":[{"href":"https:\/\/swmikolaj.org\/index.php\/wp-json\/wp\/v2\/media?parent=1321"}],"wp:term":[{"taxonomy":"category","embeddable":true,"href":"https:\/\/swmikolaj.org\/index.php\/wp-json\/wp\/v2\/categories?post=1321"},{"taxonomy":"post_tag","embeddable":true,"href":"https:\/\/swmikolaj.org\/index.php\/wp-json\/wp\/v2\/tags?post=1321"}],"curies":[{"name":"wp","href":"https:\/\/api.w.org\/{rel}","templated":true}]}}