{"id":1317,"date":"2019-03-29T13:33:00","date_gmt":"2019-03-29T13:33:00","guid":{"rendered":"http:\/\/nowa.swmikolaj.org\/?p=1317"},"modified":"2020-04-09T10:43:56","modified_gmt":"2020-04-09T10:43:56","slug":"ogloszeniaduszpasterskie31-03-2019r","status":"publish","type":"post","link":"https:\/\/swmikolaj.org\/index.php\/2019\/03\/29\/ogloszeniaduszpasterskie31-03-2019r\/","title":{"rendered":"Og\u0142oszenia Duszpasterskie, 31.03.2019 r."},"content":{"rendered":"<p><span style=\"font-size: 12pt;\"><strong>1.<\/strong>\u00a0W niedziel\u0119, 7 kwietnia rozpoczn\u0105 si\u0119 parafialne rekolekcje wielkopostne. Zaproszenie oraz plan rekolekcji dla dzieci, m\u0142odzie\u017cy i doros\u0142ych zawarty jest w biuletynie i na stronie internetowej. Prosimy o \u017carliw\u0105 modlitw\u0119 w intencji dobrego prze\u017cycia rekolekcji.<\/span><\/p>\n<p><span style=\"font-size: 12pt;\"><!-- [if !supportLists]--><strong>2.<\/strong>\u00a0Droga Krzy\u017cowa ulicami parafii rozpocznie si\u0119 w najbli\u017cszy pi\u0105tek, 5 kwietnia o 19:15 w ko\u015bciele. Nast\u0119pnie p\u00f3jdziemy ulicami: \u015aw. Miko\u0142aja, Chylo\u0144sk\u0105, Wiejsk\u0105, Wejherowska, Starogardzk\u0105, Chylo\u0144sk\u0105 i \u015aw. Miko\u0142aja. W najbli\u017cszy pi\u0105tek odb\u0119d\u0105 si\u0119 jeszcze nabo\u017ce\u0144stwa Drogi Krzy\u017cowej o 8:30 i 17:00.\u00a0<\/span><\/p>\n<p><!--more--><\/p>\n<p><strong><span style=\"font-size: 12pt; background-color: transparent;\">3.<\/span><\/strong><span style=\"font-size: 12pt; background-color: transparent;\">Nabo\u017ce\u0144stwo Gorzkich \u017bali z kazaniem pasyjnym w niedziel\u0119 o 17:00.<\/span><\/p>\n<p><span style=\"font-size: 12pt;\"><!-- [if !supportLists]--><strong>4.<\/strong>\u00a0Jutrzni\u0119 sprawujemy od poniedzia\u0142ku do pi\u0105tku o 5:30 w sali nr 10, w domu parafialnym.<\/span><\/p>\n<p><span style=\"font-size: 12pt;\"><!-- [if !supportLists]--><strong>5.<\/strong>\u00a0Nieszpory z wyznaniem wiary i \u015bwiadectwem wiary, czyli tzw. Redditio Symboli z udzia\u0142em IV wsp\u00f3lnoty neokatechumenalnej z naszej parafii odbywa si\u0119 w poniedzia\u0142ki i czwartki <\/span><span style=\"font-size: 12pt;\">o 19:30 w ko\u015bciele.<\/span><\/p>\n<p><span style=\"font-size: 12pt;\"><!-- [if !supportLists]--><strong>6.<\/strong>\u00a0Zapraszamy na spotkanie Klubu Seniora w najbli\u017csz\u0105 \u015brod\u0119 o 9:00 do domu parafialnego.<\/span><\/p>\n<p><span style=\"font-size: 12pt;\"><!-- [if !supportLists]--><strong>7.\u00a0<\/strong>Spotkanie Ko\u015bcielnej S\u0142u\u017cby M\u0119\u017cczyzn &#8222;Semper Fidelis&#8221; odb\u0119dzie si\u0119 w \u015brod\u0119 po Mszy wieczornej w kawiarence domu parafialnego. Zapraszamy na spotkanie r\u00f3wnie\u017c nowe osoby.<\/span><\/p>\n<p><span style=\"font-size: 12pt;\"><!-- [if !supportLists]--><strong>8.<\/strong>\u00a0W czwartek zapraszamy na modlitw\u0119 w intencji kap\u0142an\u00f3w, os\u00f3b konsekrowanych <\/span><span style=\"font-size: 12pt;\">i seminarzyst\u00f3w podczas ca\u0142odziennej adoracji.<\/span><\/p>\n<p><span style=\"font-size: 12pt;\"><!-- [if !supportLists]--><strong>9.<\/strong>\u00a0W pierwszy pi\u0105tek okazja do spowiedzi od 7:30 do 8:15 i od 16:30 do 18:30.<\/span><\/p>\n<p><span style=\"font-size: 12pt;\"><!-- [if !supportLists]--><strong>10.<\/strong>\u00a0Modlitwa os\u00f3b zaanga\u017cowanych w dzie\u0142o Duchowej Adopcji odb\u0119dzie si\u0119 w pi\u0105tek podczas Drogi Krzy\u017cowej o 19:15.<\/span><\/p>\n<p><span style=\"font-size: 12pt;\"><!-- [if !supportLists]--><strong>11.\u00a0<\/strong>Spotkanie \u017bywego R\u00f3\u017ca\u0144ca w sobot\u0119 o 8:00.<\/span><\/p>\n<p><span style=\"font-size: 12pt;\"><!-- [if !supportLists]--><strong>12.<\/strong>\u00a0Spotkanie dla wszystkich wolontariuszy Zupy Chylo\u0144skiej oraz dla tych, kt\u00f3rzy chcieliby do\u0142\u0105czy\u0107 do tej akcji, odb\u0119dzie si\u0119 w niedziel\u0119, 7 kwietnia po Mszy \u015bwi\u0119tej wieczornej, czyli ok. 19:30 w sali nr 5 domu parafialnego.<\/span><\/p>\n<p><span style=\"font-size: 12pt;\"><!-- [if !supportLists]--><strong>13.\u00a0<\/strong>Zapraszamy na D\u0142ugodystansow\u0105 Drog\u0119 Krzy\u017cow\u0105 z Chyloni do Wejherowa w sobot\u0119, <\/span><span style=\"font-size: 12pt;\">13 kwietnia.<\/span><\/p>\n<p><span style=\"font-size: 12pt;\"><!-- [if !supportLists]--><strong>14.<\/strong>\u00a0Stowarzyszenie \u015bw. Miko\u0142aja poszukuje wolontariuszy, kt\u00f3rzy pomogliby w odrabianiu lekcji dzieciom ze \u015awietlicy Socjoterapeutycznej w naszym domu parafialnym. Potrzebne s\u0105 r\u00f3wnie\u017c osoby, kt\u00f3re chcia\u0142yby podzieli\u0107 si\u0119 swoj\u0105 pasj\u0105 i zach\u0119ci\u0107 dzieci do dobrego sp\u0119dzania wolnego czasu. Prosimy o kontakt po numerem tel. 506\u00a0231\u00a0507 lub bezpo\u015brednio w biurze stowarzyszenia \u015bw. Miko\u0142aja.<\/span><\/p>\n<p><span style=\"font-size: 12pt;\"><!-- [if !supportLists]--><strong>15.\u00a0<\/strong>Kwesta na wsparcie os\u00f3b przygotowuj\u0105cych si\u0119 do kap\u0142a\u0144stwa, czyli na Gda\u0144skie Seminarium Duchowne odbywa si\u0119 dzisiaj po ka\u017cdej Mszy \u015awi\u0119tej. Prosimy o ja\u0142mu\u017cn\u0119 na ten wa\u017cny cel.<\/span><\/p>\n<p><span style=\"font-size: 12pt;\"><!-- [if !supportLists]--><strong>16.<\/strong> Zach\u0119camy do udzia\u0142u w wyborach do Rady Dzielnicy, kt\u00f3re odbywaj\u0105 si\u0119 dzisiaj w godz. 8:00 do 20:00.<\/span><\/p>\n<p align=\"center\"><span style=\"font-size: 12pt;\">W minionych dniach zmarli:<\/span><\/p>\n<p style=\"text-align: center; line-height: 90%; margin: 0cm 3.4pt .0001pt 3.4pt;\" align=\"center\"><span style=\"font-size: 12pt;\">+ Leon Kirszka, lat 75; + Janusz Wojciechowski, lat 78; + Jerzy Wojciechowski, lat 71.<\/span><\/p>\n","protected":false},"excerpt":{"rendered":"<p>1.\u00a0W niedziel\u0119, 7 kwietnia rozpoczn\u0105 si\u0119 parafialne rekolekcje wielkopostne. Zaproszenie oraz plan rekolekcji dla dzieci, m\u0142odzie\u017cy i doros\u0142ych zawarty jest w biuletynie i na stronie internetowej. Prosimy o \u017carliw\u0105 modlitw\u0119 w intencji dobrego prze\u017cycia rekolekcji. 2.\u00a0Droga Krzy\u017cowa ulicami parafii rozpocznie si\u0119 w najbli\u017cszy pi\u0105tek, 5 kwietnia o 19:15 w ko\u015bciele. Nast\u0119pnie p\u00f3jdziemy ulicami: \u015aw. Miko\u0142aja, [&hellip;]<\/p>\n","protected":false},"author":6,"featured_media":0,"comment_status":"closed","ping_status":"closed","sticky":false,"template":"","format":"standard","meta":{"footnotes":""},"categories":[8,12],"tags":[],"publishpress_future_action":{"enabled":false,"date":"1970-01-01 01:00:00","action":"","terms":[],"taxonomy":"","browser_timezone_offset":0},"_links":{"self":[{"href":"https:\/\/swmikolaj.org\/index.php\/wp-json\/wp\/v2\/posts\/1317"}],"collection":[{"href":"https:\/\/swmikolaj.org\/index.php\/wp-json\/wp\/v2\/posts"}],"about":[{"href":"https:\/\/swmikolaj.org\/index.php\/wp-json\/wp\/v2\/types\/post"}],"author":[{"embeddable":true,"href":"https:\/\/swmikolaj.org\/index.php\/wp-json\/wp\/v2\/users\/6"}],"replies":[{"embeddable":true,"href":"https:\/\/swmikolaj.org\/index.php\/wp-json\/wp\/v2\/comments?post=1317"}],"version-history":[{"count":1,"href":"https:\/\/swmikolaj.org\/index.php\/wp-json\/wp\/v2\/posts\/1317\/revisions"}],"predecessor-version":[{"id":2681,"href":"https:\/\/swmikolaj.org\/index.php\/wp-json\/wp\/v2\/posts\/1317\/revisions\/2681"}],"wp:attachment":[{"href":"https:\/\/swmikolaj.org\/index.php\/wp-json\/wp\/v2\/media?parent=1317"}],"wp:term":[{"taxonomy":"category","embeddable":true,"href":"https:\/\/swmikolaj.org\/index.php\/wp-json\/wp\/v2\/categories?post=1317"},{"taxonomy":"post_tag","embeddable":true,"href":"https:\/\/swmikolaj.org\/index.php\/wp-json\/wp\/v2\/tags?post=1317"}],"curies":[{"name":"wp","href":"https:\/\/api.w.org\/{rel}","templated":true}]}}