{"id":1300,"date":"2019-02-08T14:41:04","date_gmt":"2019-02-08T14:41:04","guid":{"rendered":"http:\/\/nowa.swmikolaj.org\/?p=1300"},"modified":"2020-04-02T10:38:14","modified_gmt":"2020-04-02T10:38:14","slug":"intencjemszyswietych11-17-02-2019","status":"publish","type":"post","link":"https:\/\/swmikolaj.org\/index.php\/2019\/02\/08\/intencjemszyswietych11-17-02-2019\/","title":{"rendered":"INTENCJE MSZY \u015aWI\u0118TYCH 11 &#8211; 17\/02\/2019"},"content":{"rendered":"<table border=\"1\" class=\"MsoNormalTable\" style=\"border-collapse: collapse; border: none; width: 647px;\" cellspacing=\"0\" cellpadding=\"0\">\n<tbody>\n<tr style=\"mso-yfti-irow: 0; mso-yfti-firstrow: yes;\">\n<td colspan=\"2\" valign=\"top\" width=\"647\">\n<p align=\"center\"><span style=\"font-size: 12pt;\">11\/02\/2019 Poniedzia\u0142ek<\/span><\/p>\n<\/td>\n<\/tr>\n<tr style=\"mso-yfti-irow: 1; height: 89.5pt;\">\n<td width=\"85\">\n<p align=\"center\"><span style=\"font-size: 12pt;\">08:00<\/span><\/p>\n<\/td>\n<td valign=\"top\" width=\"562\">\n<p><span style=\"font-size: 12pt;\"><!-- [if !supportLists]-->1.&nbsp;&nbsp;&nbsp; <!--[endif]-->Dzi\u0119kczynno-b\u0142agalna z pro\u015bb\u0105 o Bo\u017ce b\u0142ogos\u0142awie\u0144stwo, zdrowie duszy i cia\u0142a, dary Ducha \u015awi\u0119tego i opiek\u0119 Matki Naj\u015bwi\u0119tszej dla c&oacute;rek, wnucz\u0105t, m\u0119\u017ca i ca\u0142ej rodziny<\/span><\/p>\n<p><span style=\"font-size: 12pt;\"><!-- [if !supportLists]-->2.&nbsp;&nbsp;&nbsp; <!--[endif]-->+ Syn Henryk Jahn w 19 rocz. \u015bmierci<\/span><\/p>\n<\/td>\n<\/tr>\n<tr style=\"mso-yfti-irow: 2; height: 48.0pt;\">\n<td width=\"85\">\n<p align=\"center\"><span style=\"font-size: 12pt;\">18:30<\/span><\/p>\n<\/td>\n<td valign=\"top\" width=\"562\">\n<p><span style=\"font-size: 12pt;\"><!-- [if !supportLists]-->1.&nbsp;&nbsp;&nbsp; <!--[endif]-->+ Helena Kr&oacute;l &#8211; gregoria\u0144ska<\/span><\/p>\n<p><span style=\"font-size: 12pt;\"><!-- [if !supportLists]-->2.&nbsp;&nbsp;&nbsp; <!--[endif]-->+ Stanis\u0142aw, Ryszard, Jerzy i Miros\u0142awa<\/span><\/p>\n<\/td>\n<\/tr>\n<tr style=\"mso-yfti-irow: 3;\">\n<td colspan=\"2\" valign=\"top\" width=\"647\">\n<p align=\"center\"><span style=\"font-size: 12pt;\">12\/02\/2019 Wtorek<\/span><\/p>\n<\/td>\n<\/tr>\n<tr style=\"mso-yfti-irow: 4; height: 48.0pt;\">\n<td width=\"85\">\n<p align=\"center\"><span style=\"font-size: 12pt;\">08:00<\/span><\/p>\n<\/td>\n<td valign=\"top\" width=\"562\">\n<p><span style=\"font-size: 12pt;\"><!-- [if !supportLists]-->1.&nbsp;&nbsp;&nbsp; <!--[endif]-->+ Helena Kr&oacute;l &#8211; gregoria\u0144ska<\/span><\/p>\n<p><span style=\"font-size: 12pt;\"><!-- [if !supportLists]-->2.&nbsp;&nbsp;&nbsp; <!--[endif]-->+ Ksawera i Stanis\u0142aw<\/span><\/p>\n<\/td>\n<\/tr>\n<tr style=\"mso-yfti-irow: 5; height: 68.75pt;\">\n<td width=\"85\">\n<p align=\"center\"><span style=\"font-size: 12pt;\">18:30<\/span><\/p>\n<\/td>\n<td valign=\"top\" width=\"562\">\n<p><span style=\"font-size: 12pt;\"><!-- [if !supportLists]-->1.&nbsp;&nbsp;&nbsp; <!--[endif]-->+ Rodzice z obojga stron oraz zmarli z rodzin Krawczyk, Miko\u0142ajewskich, Osowickich i Gerke<\/span><\/p>\n<p><span style=\"font-size: 12pt;\"><!-- [if !supportLists]-->2.&nbsp;&nbsp;&nbsp; <!--[endif]-->Dzi\u0119kczynno-b\u0142agalna w intencji Joann\u0119 w dniu urodzin<\/span><\/p>\n<\/td>\n<\/tr>\n<tr style=\"mso-yfti-irow: 6;\">\n<td colspan=\"2\" valign=\"top\" width=\"647\">\n<p align=\"center\"><span style=\"font-size: 12pt;\">13\/02\/2019 \u015aroda<\/span><\/p>\n<\/td>\n<\/tr>\n<tr style=\"mso-yfti-irow: 7; height: 3.0cm;\">\n<td width=\"85\">\n<p align=\"center\"><span style=\"font-size: 12pt;\">08:00<\/span><\/p>\n<\/td>\n<td valign=\"top\" width=\"562\">\n<p><span style=\"font-size: 12pt;\"><!-- [if !supportLists]-->1.&nbsp;&nbsp;&nbsp; <!--[endif]-->+ M\u0105\u017c Andrzej Zi&oacute;\u0142kowski w 4 rocz. \u015bmierci oraz rodzice z obojga stron<\/span><\/p>\n<p><span style=\"font-size: 12pt;\"><!-- [if !supportLists]-->2.&nbsp;&nbsp;&nbsp; <!--[endif]-->+ Leokadia, Adam, Jerzy, Janina zmarli z rodziny Kinel, Sie\u0144kowskich, Sikora i Wr&oacute;blewskich<\/span><\/p>\n<\/td>\n<\/tr>\n<tr style=\"mso-yfti-irow: 8; height: 48.0pt;\">\n<td width=\"85\">\n<p align=\"center\"><span style=\"font-size: 12pt;\">18:30<\/span><\/p>\n<\/td>\n<td valign=\"top\" width=\"562\">\n<p><span style=\"font-size: 12pt;\"><!-- [if !supportLists]-->1.&nbsp;&nbsp;&nbsp; <!--[endif]-->+ Helena Kr&oacute;l &#8211; gregoria\u0144ska<\/span><\/p>\n<p><span style=\"font-size: 12pt;\"><!-- [if !supportLists]-->2.&nbsp;&nbsp;&nbsp; <!--[endif]-->+ Syn Piotr Zielski w 9 rocz. \u015bmierci oraz m\u0105\u017c Julian<\/span><\/p>\n<\/td>\n<\/tr>\n<tr style=\"mso-yfti-irow: 9;\">\n<td colspan=\"2\" valign=\"top\" width=\"647\">\n<p align=\"center\"><span style=\"font-size: 12pt;\">14\/02\/2019 Czwartek<\/span><\/p>\n<\/td>\n<\/tr>\n<tr style=\"mso-yfti-irow: 10; height: 89.5pt;\">\n<td width=\"85\">\n<p align=\"center\"><span style=\"font-size: 12pt;\">08:00<\/span><\/p>\n<\/td>\n<td valign=\"top\" width=\"562\">\n<p><span style=\"font-size: 12pt;\"><!-- [if !supportLists]-->1.&nbsp;&nbsp;&nbsp; <!--[endif]-->+ Wanda i Jan Blok, Teresa i Wawrzyniec, Alfons i Teresa Podlasiak, Helena Patok oraz Henryk, Regina i Piotr Grandzicki<\/span><\/p>\n<p><span style=\"font-size: 12pt;\"><!-- [if !supportLists]-->2.&nbsp;&nbsp;&nbsp; <!--[endif]-->+ Zmarli z rodziny Kasprzak<\/span><\/p>\n<\/td>\n<\/tr>\n<tr style=\"mso-yfti-irow: 11; height: 48.0pt;\">\n<td width=\"85\">\n<p align=\"center\"><span style=\"font-size: 12pt;\">18:30<\/span><\/p>\n<\/td>\n<td valign=\"top\" width=\"562\">\n<p><span style=\"font-size: 12pt;\"><!-- [if !supportLists]-->1.&nbsp;&nbsp;&nbsp; <!--[endif]-->+ Helena Kr&oacute;l &#8211; gregoria\u0144ska<\/span><\/p>\n<p><span style=\"font-size: 12pt;\"><!-- [if !supportLists]-->2.&nbsp;&nbsp;&nbsp; <!--[endif]-->+ Zbigniew Pawlikowski oraz dziadkowie<\/span><\/p>\n<\/td>\n<\/tr>\n<tr style=\"mso-yfti-irow: 12;\">\n<td colspan=\"2\" valign=\"top\" width=\"647\">\n<p align=\"center\"><span style=\"font-size: 12pt;\">15\/02\/2019 Pi\u0105tek<\/span><\/p>\n<\/td>\n<\/tr>\n<tr style=\"mso-yfti-irow: 13; height: 48.0pt;\">\n<td width=\"85\">\n<p align=\"center\"><span style=\"font-size: 12pt;\">08:00<\/span><\/p>\n<\/td>\n<td valign=\"top\" width=\"562\">\n<p><span style=\"font-size: 12pt;\"><!-- [if !supportLists]-->1.&nbsp;&nbsp;&nbsp; <!--[endif]-->+ Helena Kr&oacute;l &#8211; gregoria\u0144ska<\/span><\/p>\n<p><span style=\"font-size: 12pt;\"><!-- [if !supportLists]-->2.&nbsp;&nbsp;&nbsp; <!--[endif]-->+ Rodzice Stanis\u0142aw i Stefania<\/span><\/p>\n<\/td>\n<\/tr>\n<tr style=\"mso-yfti-irow: 14; height: 48.0pt;\">\n<td width=\"85\">\n<p align=\"center\"><span style=\"font-size: 12pt;\">18:30<\/span><\/p>\n<\/td>\n<td valign=\"top\" width=\"562\">\n<p><span style=\"font-size: 12pt;\"><!-- [if !supportLists]-->1.&nbsp;&nbsp;&nbsp; <!--[endif]-->+ Klara Cerowska w 19 rocz. \u015bmierci oraz zmarli z rodziny<\/span><\/p>\n<p><span style=\"font-size: 12pt;\"><!-- [if !supportLists]-->2.&nbsp;&nbsp;&nbsp; <!--[endif]-->+ W\u0142adys\u0142awa i Albin oraz zmarli z rodziny<\/span><\/p>\n<\/td>\n<\/tr>\n<tr style=\"mso-yfti-irow: 15;\">\n<td colspan=\"2\" valign=\"top\" width=\"647\">\n<p align=\"center\"><span style=\"font-size: 12pt;\">16\/02\/2019 Sobota<\/span><\/p>\n<\/td>\n<\/tr>\n<tr style=\"mso-yfti-irow: 16; height: 72.25pt;\">\n<td width=\"85\">\n<p align=\"center\"><span style=\"font-size: 12pt;\">08:00<\/span><\/p>\n<\/td>\n<td valign=\"top\" width=\"562\">\n<p><span style=\"font-size: 12pt;\"><!-- [if !supportLists]-->1.&nbsp;&nbsp;&nbsp; <!--[endif]-->+ Helena Kr&oacute;l &#8211; gregoria\u0144ska<\/span><\/p>\n<p><span style=\"font-size: 12pt;\"><!-- [if !supportLists]-->2.&nbsp;&nbsp;&nbsp; <!--[endif]-->+ Marek, Waleria i J&oacute;zef<\/span><\/p>\n<p><span style=\"font-size: 12pt;\"><!-- [if !supportLists]-->3.&nbsp;&nbsp;&nbsp; <!--[endif]-->+ J&oacute;zef Dratwi\u0144ski w 3 rocz. \u015bmierci<\/span><\/p>\n<\/td>\n<\/tr>\n<tr style=\"mso-yfti-irow: 17;\">\n<td width=\"85\">\n<p align=\"center\"><span style=\"font-size: 12pt;\">18:30<\/span><\/p>\n<\/td>\n<td valign=\"top\" width=\"562\">\n<p><span style=\"font-size: 12pt;\">+ Karwowska Helena w 16 rocz. \u015bmierci <\/span><\/p>\n<\/td>\n<\/tr>\n<tr style=\"mso-yfti-irow: 18;\">\n<td colspan=\"2\" valign=\"top\" width=\"647\">\n<p align=\"center\"><span style=\"font-size: 12pt;\">17\/02\/2019 <\/span><\/p>\n<p align=\"center\"><span style=\"font-size: 12pt;\">VI Niedziela Zwyk\u0142a<\/span><\/p>\n<\/td>\n<\/tr>\n<tr style=\"mso-yfti-irow: 19; height: 48.0pt;\">\n<td width=\"85\">\n<p align=\"center\"><span style=\"font-size: 12pt;\">08:00<\/span><\/p>\n<\/td>\n<td valign=\"top\" width=\"562\">\n<p><span style=\"font-size: 12pt;\"><!-- [if !supportLists]-->1.&nbsp;&nbsp;&nbsp; <!--[endif]-->+ W\u0142adys\u0142aw, Stanis\u0142aw, Marta, Robert, Jan Wro\u0144scy<\/span><\/p>\n<p><span style=\"font-size: 12pt;\"><!-- [if !supportLists]-->2.&nbsp;&nbsp;&nbsp; <!--[endif]-->+ Jan Wojtczak<\/span><\/p>\n<\/td>\n<\/tr>\n<tr style=\"mso-yfti-irow: 20;\">\n<td width=\"85\">\n<p align=\"center\"><span style=\"font-size: 12pt;\">10:00<\/span><\/p>\n<\/td>\n<td valign=\"top\" width=\"562\">\n<p><span style=\"font-size: 12pt;\">W intencji parafii <\/span><\/p>\n<\/td>\n<\/tr>\n<tr style=\"mso-yfti-irow: 21;\">\n<td width=\"85\">\n<p align=\"center\"><span style=\"font-size: 12pt;\">11:30<\/span><\/p>\n<\/td>\n<td valign=\"top\" width=\"562\">\n<p><span style=\"font-size: 12pt;\">+ Helena Kr&oacute;l &#8211; gregoria\u0144ska<\/span><\/p>\n<\/td>\n<\/tr>\n<tr style=\"mso-yfti-irow: 22;\">\n<td width=\"85\">\n<p align=\"center\"><span style=\"font-size: 12pt;\">13:00<\/span><\/p>\n<\/td>\n<td valign=\"top\" width=\"562\">\n<p><span style=\"font-size: 12pt;\">Dzi\u0119kczynno-b\u0142agalna w intencji Barbary w dniu urodzin z pro\u015bb\u0105 o wszelkie potrzebne \u0142aski i dar zdrowia<\/span><\/p>\n<\/td>\n<\/tr>\n<tr style=\"mso-yfti-irow: 23; mso-yfti-lastrow: yes;\">\n<td width=\"85\">\n<p align=\"center\"><span style=\"font-size: 12pt;\">18:30<\/span><\/p>\n<\/td>\n<td valign=\"top\" width=\"562\">\n<p><span style=\"font-size: 12pt;\">W intencji uzdrowienia duszy i cia\u0142a<\/span><\/p>\n<\/td>\n<\/tr>\n<\/tbody>\n<\/table>\n","protected":false},"excerpt":{"rendered":"<p>11\/02\/2019 Poniedzia\u0142ek 08:00 1.&nbsp;&nbsp;&nbsp; Dzi\u0119kczynno-b\u0142agalna z pro\u015bb\u0105 o Bo\u017ce b\u0142ogos\u0142awie\u0144stwo, zdrowie duszy i cia\u0142a, dary Ducha \u015awi\u0119tego i opiek\u0119 Matki Naj\u015bwi\u0119tszej dla c&oacute;rek, wnucz\u0105t, m\u0119\u017ca i ca\u0142ej rodziny 2.&nbsp;&nbsp;&nbsp; + Syn Henryk Jahn w 19 rocz. \u015bmierci 18:30 1.&nbsp;&nbsp;&nbsp; + Helena Kr&oacute;l &#8211; gregoria\u0144ska 2.&nbsp;&nbsp;&nbsp; + Stanis\u0142aw, Ryszard, Jerzy i Miros\u0142awa 12\/02\/2019 Wtorek 08:00 1.&nbsp;&nbsp;&nbsp; [&hellip;]<\/p>\n","protected":false},"author":6,"featured_media":0,"comment_status":"closed","ping_status":"closed","sticky":false,"template":"","format":"standard","meta":{"footnotes":""},"categories":[8,10],"tags":[],"publishpress_future_action":{"enabled":false,"date":"1970-01-01 01:00:00","action":"","terms":[],"taxonomy":"","browser_timezone_offset":0},"_links":{"self":[{"href":"https:\/\/swmikolaj.org\/index.php\/wp-json\/wp\/v2\/posts\/1300"}],"collection":[{"href":"https:\/\/swmikolaj.org\/index.php\/wp-json\/wp\/v2\/posts"}],"about":[{"href":"https:\/\/swmikolaj.org\/index.php\/wp-json\/wp\/v2\/types\/post"}],"author":[{"embeddable":true,"href":"https:\/\/swmikolaj.org\/index.php\/wp-json\/wp\/v2\/users\/6"}],"replies":[{"embeddable":true,"href":"https:\/\/swmikolaj.org\/index.php\/wp-json\/wp\/v2\/comments?post=1300"}],"version-history":[{"count":1,"href":"https:\/\/swmikolaj.org\/index.php\/wp-json\/wp\/v2\/posts\/1300\/revisions"}],"predecessor-version":[{"id":1994,"href":"https:\/\/swmikolaj.org\/index.php\/wp-json\/wp\/v2\/posts\/1300\/revisions\/1994"}],"wp:attachment":[{"href":"https:\/\/swmikolaj.org\/index.php\/wp-json\/wp\/v2\/media?parent=1300"}],"wp:term":[{"taxonomy":"category","embeddable":true,"href":"https:\/\/swmikolaj.org\/index.php\/wp-json\/wp\/v2\/categories?post=1300"},{"taxonomy":"post_tag","embeddable":true,"href":"https:\/\/swmikolaj.org\/index.php\/wp-json\/wp\/v2\/tags?post=1300"}],"curies":[{"name":"wp","href":"https:\/\/api.w.org\/{rel}","templated":true}]}}