{"id":128400,"date":"2023-10-24T14:24:05","date_gmt":"2023-10-24T13:24:05","guid":{"rendered":"https:\/\/swmikolaj.org\/?p=128400"},"modified":"2023-10-24T14:24:07","modified_gmt":"2023-10-24T13:24:07","slug":"intencje-mszy-swietej-23-29-10-2023","status":"publish","type":"post","link":"https:\/\/swmikolaj.org\/index.php\/2023\/10\/24\/intencje-mszy-swietej-23-29-10-2023\/","title":{"rendered":"INTENCJE MSZY \u015aWI\u0118TEJ 23 &#8211; 29\/10\/2023"},"content":{"rendered":"<table width=\"647\">\n<tbody>\n<tr>\n<td colspan=\"2\" width=\"647\"><strong>23\/10\/2023 Poniedzia\u0142ek<\/strong><\/td>\n<\/tr>\n<tr>\n<td width=\"85\"><strong>08:00<\/strong><\/td>\n<td width=\"562\">1.\u00a0\u00a0\u00a0\u00a0 + Krystyna i Micha\u0142, zmarli w czy\u015b\u0107cu<\/p>\n<p>2.\u00a0\u00a0\u00a0\u00a0 + Halina Imio\u0142a w 1 rocz. \u015bmierci<\/td>\n<\/tr>\n<tr>\n<td width=\"85\"><strong>18:30<\/strong><\/td>\n<td width=\"562\">1.\u00a0\u00a0\u00a0\u00a0 + M\u0105\u017c Tadeusz, siostra Ewa oraz rodzice z obojga stron<\/p>\n<p>2.\u00a0\u00a0\u00a0\u00a0 + Franciszek Wenta &#8211; intencja od s\u0105siad\u00f3w z Chylo\u0144skiej 7<\/p>\n<p>3.\u00a0\u00a0\u00a0\u00a0 + Teresa Rdze\u0144 &#8211; gregoria\u0144ska<\/td>\n<\/tr>\n<tr>\n<td colspan=\"2\" width=\"647\"><strong>24\/10\/2023 Wtorek<\/strong><\/td>\n<\/tr>\n<tr>\n<td width=\"85\"><strong>08:00<\/strong><\/td>\n<td width=\"562\">1.\u00a0\u00a0\u00a0\u00a0 + Ewa Antoniak<\/p>\n<p>2.\u00a0\u00a0\u00a0\u00a0 + Zmarli w czy\u015b\u0107cu<\/td>\n<\/tr>\n<tr>\n<td width=\"85\"><strong>18:30<\/strong><\/td>\n<td width=\"562\">1.\u00a0\u00a0\u00a0\u00a0 W intencji o dary Ducha \u015awi\u0119tego i potrzebne \u0142aski dla uczestnik\u00f3w i prowadz\u0105cych spotkania \u00a0dwunastu krok\u00f3w<\/p>\n<p>2.\u00a0\u00a0\u00a0\u00a0 + Klemens Kosza\u0142ka w 34 rocz. \u015bmierci i Bo\u017cena Kosza\u0142ka w 4 rocz. \u015bmierci<\/p>\n<p>3.\u00a0\u00a0\u00a0\u00a0 + Teresa Rdze\u0144 &#8211; gregoria\u0144ska<\/td>\n<\/tr>\n<tr>\n<td colspan=\"2\" width=\"647\"><strong>25\/10\/2023 \u015aroda<\/strong><\/td>\n<\/tr>\n<tr>\n<td width=\"85\"><strong>08:00<\/strong><\/td>\n<td width=\"562\">1.\u00a0\u00a0\u00a0\u00a0 + Ryszard Dzimira<\/p>\n<p>2.\u00a0\u00a0\u00a0\u00a0 + M\u0105\u017c J\u00f3zef, rodzice, te\u015bciowie, zmarli z rodzin z obojga stron i Piotr<\/td>\n<\/tr>\n<tr>\n<td width=\"85\"><strong>18:30<\/strong><\/td>\n<td width=\"562\">1.\u00a0\u00a0\u00a0\u00a0 + Wnuk Maciej Zastawa w 1 rocz. \u015bmierci<\/p>\n<p>2.\u00a0\u00a0\u00a0\u00a0 + Franciszka Danuta Dobiega\u0142a oraz zmarli z rodziny<\/p>\n<p>3.\u00a0\u00a0\u00a0\u00a0 + Teresa Rdze\u0144 &#8211; gregoria\u0144ska<\/td>\n<\/tr>\n<tr>\n<td colspan=\"2\" width=\"647\"><strong>26\/10\/2023 Czwartek<\/strong><\/td>\n<\/tr>\n<tr>\n<td width=\"85\"><strong>08:00<\/strong><\/td>\n<td width=\"562\">1.\u00a0\u00a0\u00a0\u00a0 + Teresa Rdze\u0144 &#8211; gregoria\u0144ska<\/p>\n<p>2.\u00a0\u00a0\u00a0\u00a0 + Izabela Go\u0142\u0119biowska<\/p>\n<p>3.\u00a0\u00a0\u00a0\u00a0 + Jerzy Pa\u0142ubicki<\/td>\n<\/tr>\n<tr>\n<td width=\"85\"><strong>18:30<\/strong><\/td>\n<td width=\"562\">1.\u00a0\u00a0\u00a0\u00a0 Balbina Grabowska, Mieczys\u0142aw Maternicki,<br \/>\nHelena Szarmach, Piotr Cepiga, Kazimierz Ciecierski, Stanis\u0142awa Anna Dobosz, \u00a0Romualda Bad\u017amirowska, Hildegarda Smuga\u0142a, Albin Hallmann, J\u00f3zefa Czaplewska, Halina Pisarczyk, Zdzis\u0142aw Gasowski<\/p>\n<p>2.\u00a0\u00a0\u00a0\u00a0 + Jerzy 3 rocz. \u015bmierci oraz rodzice i rodze\u0144stwo z obojga stron<\/td>\n<\/tr>\n<tr>\n<td colspan=\"2\" width=\"647\"><strong>27\/10\/2023 Pi\u0105tek<\/strong><\/td>\n<\/tr>\n<tr>\n<td width=\"85\"><strong>08:00<\/strong><\/td>\n<td width=\"562\">1.\u00a0\u00a0\u00a0\u00a0 + Tadeusz, W\u0142adys\u0142awa, Antoni, Leokadia i Aleksander<\/p>\n<p>2.\u00a0\u00a0\u00a0\u00a0 + Zmarli w czy\u015b\u0107cu<\/td>\n<\/tr>\n<tr>\n<td width=\"85\"><strong>11:00<\/strong><\/td>\n<td width=\"562\">Pogrzeb: \u015bp. Anna Fierka, lat 84<\/td>\n<\/tr>\n<tr>\n<td width=\"85\"><strong>18:30<\/strong><\/td>\n<td width=\"562\">1.\u00a0\u00a0\u00a0\u00a0 + Pawe\u0142<\/p>\n<p>2.\u00a0\u00a0\u00a0\u00a0 + Teresa Rdze\u0144 w 1 rocz. \u015bmierci<\/p>\n<p>3.\u00a0\u00a0\u00a0\u00a0 + Bronis\u0142awa w 19 rocz. \u015bmierci i Antoni 3 rocz. \u015bmierci Leszczy\u0144scy<\/td>\n<\/tr>\n<tr>\n<td colspan=\"2\" width=\"647\"><strong>28\/10\/2023 Sobota<\/strong><\/td>\n<\/tr>\n<tr>\n<td width=\"85\"><strong>08:00<\/strong><\/td>\n<td width=\"562\">1.\u00a0\u00a0\u00a0\u00a0 + Siostra Jadwiga w 2 rocz. \u015bmierci, Kazimiera, Monika i Jacek oraz szwagrowie<\/p>\n<p>2.\u00a0\u00a0\u00a0\u00a0 + Siostra Krystyna w 4 rocz. \u015bmierci<\/p>\n<p>3.\u00a0\u00a0\u00a0\u00a0 + M\u0105\u017c Tadeusz Nakonieczny, brat Brunon oraz rodzice z obojga stron<\/p>\n<p>4.\u00a0\u00a0\u00a0\u00a0 + Janina Basiak, Wojciech, Czes\u0142aw i Jan<\/td>\n<\/tr>\n<tr>\n<td width=\"85\"><strong>10:30<\/strong><\/td>\n<td width=\"562\">Pogrzeb: \u015bp. Edwin Murawa, lat 83<\/td>\n<\/tr>\n<tr>\n<td width=\"85\"><strong>11:30<\/strong><\/td>\n<td width=\"562\">Pogrzeb: \u015bp. El\u017cbieta Chyrek, lat 69<\/td>\n<\/tr>\n<tr>\n<td width=\"85\"><strong>18:30<\/strong><\/td>\n<td width=\"562\">+ M\u0105\u017c Tadeusz w 7 rocz. \u015bmierci oraz rodzice z obojga stron i bracia Stefan i Czes\u0142aw<\/td>\n<\/tr>\n<tr>\n<td colspan=\"2\" width=\"647\"><strong>29\/10\/2023 <\/strong><\/p>\n<p><strong>XXX Niedziela Zwyk\u0142a<\/strong><\/td>\n<\/tr>\n<tr>\n<td width=\"85\"><strong>08:00<\/strong><\/td>\n<td width=\"562\">1.\u00a0\u00a0\u00a0\u00a0 + Rodzice Genowefa i Wiktor, bracia Czes\u0142aw i Jan, bratowa Irena siostrzeniec Jacek, szwagier Jan, ks. Franciszek i Janina<\/p>\n<p>2.\u00a0\u00a0\u00a0\u00a0 + Anna, Bazyli, Zofia, Feliks, Bronis\u0142aw, Stanis\u0142aw, Henryk, Dawid, Jerzy oraz rodzice z obojga stron<\/td>\n<\/tr>\n<tr>\n<td width=\"85\"><strong>10:00<\/strong><\/td>\n<td width=\"562\">W intencji parafii<\/td>\n<\/tr>\n<tr>\n<td width=\"85\"><strong>11:30<\/strong><\/td>\n<td width=\"562\">+ Irena Baczy\u0144ska w 1 rocz. \u015bmierci<\/td>\n<\/tr>\n<tr>\n<td width=\"85\"><strong>13:00<\/strong><\/td>\n<td width=\"562\">1.\u00a0\u00a0\u00a0\u00a0 + Jan i Irena Ronewicz<\/p>\n<p>2.\u00a0\u00a0\u00a0\u00a0 + M\u0105\u017c Jan w 10 rocz. \u015bmierci, syn Marek rodzice z obojga stron brat Kazimierz ciocia Genia i zmarli w czy\u015b\u0107cu<\/td>\n<\/tr>\n<tr>\n<td width=\"85\"><strong>18:30<\/strong><\/td>\n<td width=\"562\">+ Leokadia i Wac\u0142aw Szczepkowscy<\/td>\n<\/tr>\n<tr>\n<td width=\"85\"><strong>17:00DK<\/strong><\/td>\n<td width=\"562\">+ M\u0105\u017c Marian M\u0119\u017cyk oraz Janina Rosiak, El\u017cbieta Ga\u0142\u0119dzka, Regina i Boles\u0142aw Pieciukiewiczowie<\/td>\n<\/tr>\n<\/tbody>\n<\/table>\n","protected":false},"excerpt":{"rendered":"<p>23\/10\/2023 Poniedzia\u0142ek 08:00 1.\u00a0\u00a0\u00a0\u00a0 + Krystyna i Micha\u0142, zmarli w czy\u015b\u0107cu 2.\u00a0\u00a0\u00a0\u00a0 + Halina Imio\u0142a w 1 rocz. \u015bmierci 18:30 1.\u00a0\u00a0\u00a0\u00a0 + M\u0105\u017c Tadeusz, siostra Ewa oraz rodzice z obojga stron 2.\u00a0\u00a0\u00a0\u00a0 + Franciszek Wenta &#8211; intencja od s\u0105siad\u00f3w z Chylo\u0144skiej 7 3.\u00a0\u00a0\u00a0\u00a0 + Teresa Rdze\u0144 &#8211; gregoria\u0144ska 24\/10\/2023 Wtorek 08:00 1.\u00a0\u00a0\u00a0\u00a0 + Ewa Antoniak [&hellip;]<\/p>\n","protected":false},"author":6,"featured_media":0,"comment_status":"closed","ping_status":"closed","sticky":false,"template":"","format":"standard","meta":{"footnotes":""},"categories":[10],"tags":[],"publishpress_future_action":{"enabled":false,"date":"1970-01-01 01:00:00","action":"","terms":[],"taxonomy":"","browser_timezone_offset":0},"_links":{"self":[{"href":"https:\/\/swmikolaj.org\/index.php\/wp-json\/wp\/v2\/posts\/128400"}],"collection":[{"href":"https:\/\/swmikolaj.org\/index.php\/wp-json\/wp\/v2\/posts"}],"about":[{"href":"https:\/\/swmikolaj.org\/index.php\/wp-json\/wp\/v2\/types\/post"}],"author":[{"embeddable":true,"href":"https:\/\/swmikolaj.org\/index.php\/wp-json\/wp\/v2\/users\/6"}],"replies":[{"embeddable":true,"href":"https:\/\/swmikolaj.org\/index.php\/wp-json\/wp\/v2\/comments?post=128400"}],"version-history":[{"count":1,"href":"https:\/\/swmikolaj.org\/index.php\/wp-json\/wp\/v2\/posts\/128400\/revisions"}],"predecessor-version":[{"id":128401,"href":"https:\/\/swmikolaj.org\/index.php\/wp-json\/wp\/v2\/posts\/128400\/revisions\/128401"}],"wp:attachment":[{"href":"https:\/\/swmikolaj.org\/index.php\/wp-json\/wp\/v2\/media?parent=128400"}],"wp:term":[{"taxonomy":"category","embeddable":true,"href":"https:\/\/swmikolaj.org\/index.php\/wp-json\/wp\/v2\/categories?post=128400"},{"taxonomy":"post_tag","embeddable":true,"href":"https:\/\/swmikolaj.org\/index.php\/wp-json\/wp\/v2\/tags?post=128400"}],"curies":[{"name":"wp","href":"https:\/\/api.w.org\/{rel}","templated":true}]}}