{"id":1276,"date":"2018-11-16T14:33:57","date_gmt":"2018-11-16T14:33:57","guid":{"rendered":"http:\/\/nowa.swmikolaj.org\/?p=1276"},"modified":"2020-04-09T10:43:57","modified_gmt":"2020-04-09T10:43:57","slug":"ogloszeniaduszpasterskie18-11-2018r","status":"publish","type":"post","link":"https:\/\/swmikolaj.org\/index.php\/2018\/11\/16\/ogloszeniaduszpasterskie18-11-2018r\/","title":{"rendered":"Og\u0142oszenia Duszpasterskie, 18.11.2018 r."},"content":{"rendered":"<p style=\"text-align: justify;\"><!-- [if !supportLists]--><span style=\"font-size: 12pt;\"> <strong>1. <\/strong>D<\/span><span style=\"font-size: 12pt;\">zisiaj obchodzimy Drugi \u015awiatowy Dzie\u0144 Ubogich. Papie\u017c Franciszek zaprasza nas do solidarno\u015bci z lud\u017ami ubogimi. Zach\u0119camy do przeczytania w internecie Or\u0119dzia na ten dzie\u0144 oraz wsparcia naszego parafialnego dzie\u0142a,\u00a0 tzn. Zupy Chylo\u0144skiej poprzez osobiste w\u0142\u0105czenie si\u0119 lub wsparcie finansowe. Zbli\u017ca si\u0119 zima i chcieliby\u015bmy opr\u00f3cz \u017cywno\u015bci zakupi\u0107 np. buty i kurtki dla potrzebuj\u0105cych. W minionych dniach zosta\u0142 zakupiony nowy garnek, termos na zup\u0119 i inne akcesoria ze wzgl\u0119du na powi\u0119kszenie si\u0119 grupy potrzebuj\u0105cych.\u00a0<\/span><\/p>\n<p><!--more--><\/p>\n<p style=\"text-align: justify;\"><strong><span style=\"font-size: 12pt; background-color: transparent;\">2.<\/span><\/strong><span style=\"font-size: 12pt; background-color: transparent;\">\u00a0 <\/span><span style=\"font-size: 12pt; background-color: transparent;\">Nowenna do NMP Nieustaj\u0105cej Pomocy sprawowana jest w \u015brody o 8:00 i 18:30, a Godzinki ku czci Niepokalanego Pocz\u0119cia Maryi \u015bpiewamy w soboty o 7:40.<\/span><\/p>\n<p style=\"text-align: justify;\"><span style=\"font-size: 12pt;\"><!-- [if !supportLists]--><strong>3.<\/strong>\u00a0Najbli\u017csze spotkanie Wsp\u00f3lnoty Trudnych Ma\u0142\u017ce\u0144stw \u201eSychar\u201d odb\u0119dzie si\u0119 w poniedzia\u0142ek, 26 listopada. Msza \u015bwi\u0119ta o 18:30 w ko\u015bciele, a nast\u0119pnie o 19:15 spotkanie w piwnicy starej plebanii.<\/span><\/p>\n<p style=\"text-align: justify;\"><span style=\"font-size: 12pt;\"><!-- [if !supportLists]--><strong>4.<\/strong> Spotkanie Czcicieli Mi\u0142osierdzia Bo\u017cego we wtorek, 20 listopada o godz. 15:30 w domu parafialnym.<\/span><\/p>\n<p style=\"text-align: justify;\"><span style=\"font-size: 12pt;\"><!-- [if !supportLists]--><strong>5.<\/strong>\u00a0Spotkanie Apostolatu Maryjnego odb\u0119dzie si\u0119 we wtorek, 20 listopada o godz. 16:30 w domu parafialnym, w sali nr 8. Serdecznie zapraszamy nowych cz\u0142onk\u00f3w czcicieli Niepokalanej.<\/span><\/p>\n<p style=\"text-align: justify;\"><span style=\"font-size: 12pt;\"><!-- [if !supportLists]--><strong>6.<\/strong>\u00a0Spotkanie Klubu Seniora odb\u0119dzie si\u0119 w najbli\u017csza \u015brod\u0119 o 9:00 w domu parafialnym. <\/span><\/p>\n<p style=\"text-align: justify;\"><span style=\"font-size: 12pt;\"><!-- [if !supportLists]--><strong>7.<\/strong>\u00a0Pan Andrzej Ka\u0142dowski, organista chylo\u0144ski roznosi op\u0142atki na st\u00f3\u0142 wigilijny w naszej parafii.<\/span><\/p>\n<p style=\"text-align: justify;\"><span style=\"font-size: 12pt;\"><!-- [if !supportLists]--><strong>8.<\/strong>\u00a0Prosimy o zamykanie drzwi ze wzgl\u0119du na w\u0142\u0105czone ogrzewanie dolnego i g\u00f3rnego ko\u015bcio\u0142a.<\/span><\/p>\n<p style=\"text-align: justify;\"><span style=\"font-size: 12pt;\"><strong>9. <\/strong>Przypominamy, \u017ce z inicjatywy Gda\u0144skiej Szko\u0142y Nowej Ewangelizacji,\u00a0 mo\u017cna skorzysta\u0107 z projektu pod nazw\u0105 \u201eDom \u0141aski\u201d,\u00a0 w naszej starej plebanii, w ka\u017cdy drugi poniedzia\u0142ek miesi\u0105ca, w godz. od 17:00 do 20:00. Dom \u0141aski to odpowied\u017a na rosn\u0105ce\u00a0 potrzeby ca\u0142o\u015bciowej pomocy w ich zmaganiach psychiczno-duchowych. Zesp\u00f3\u0142 psycholog\u00f3w, mediator\u00f3w, psychoterapeut\u00f3w pracuj\u0105c w atmosferze wiary i modlitwy wraz z kap\u0142anem staj\u0105 w gotowo\u015bci by otoczy\u0107 Ci\u0119 odpowiedni\u0105 opiek\u0105,\u00a0 pokaza\u0107 prawid\u0142owe kierunki rozwoju i towarzyszy\u0107 ci w drodze. Projekt jest bezp\u0142atny dzi\u0119ki \u017cyczliwo\u015bci Proboszcza i zespo\u0142u wolontariuszy. Konsultacje psychologiczne, rozmowa z ksi\u0119dzem, mediacje ma\u0142\u017ce\u0144skie lub rodzinne, okazja do spowiedzi czy modlitwy wstawienniczej mog\u0105 Ci na nowo zapali\u0107 nadziej\u0119 w Chrystusie i doda\u0107 si\u0142 do \u017cycia. Nie no\u015b ci\u0119\u017car\u00f3w nie do uniesienia. Podziel je z nami. Spotkajmy si\u0119&#8230; Zg\u0142oszenia przyjmuje ks. Zbigniew W\u0105drzyk 791-306-192.<\/span><\/p>\n<p style=\"text-align: justify;\"><span style=\"font-size: 12pt;\"><!-- [if !supportLists]--><strong>10.<\/strong>\u00a0Sk\u0142adamy serdecznie \u201eB\u00f3g zap\u0142a\u0107\u201d za ofiary przeznaczone na remont zaplecza dolnego ko\u015bcio\u0142a i pokrycie koszt\u00f3w bie\u017c\u0105cego utrzymania parafii. Za ogrzewanie budynk\u00f3w parafialnych w pa\u017adzierniku zap\u0142acili\u015bmy 5600 z\u0142, a za wyw\u00f3z \u015bmieci z cmentarza parafialnego w ostatnich tygodniach ponad 8000 z\u0142. Koszty utrzymania parafii s\u0105 wi\u0119c du\u017ce, datego tym bardziej sk\u0142adamy podziekowanie wszystkim wspieraj\u0105cym nasz\u0105 &#8222;miko\u0142ajow\u0105&#8221; parafi\u0119.<br \/>\n<\/span><\/p>\n<p style=\"text-align: justify;\"><span style=\"font-size: 12pt;\"><!-- [if !supportLists]--><strong>11.\u00a0<\/strong>M\u0142odzie\u017c wyje\u017cd\u017caj\u0105ca w styczniu do Panamy kwestuje na swoj\u0105 pielgrzymk\u0119 dzisiaj po ka\u017cdej Mszy \u015awi\u0119tej. <\/span><\/p>\n<p style=\"text-align: justify;\">\n<p style=\"text-align: center;\" align=\"center\"><span style=\"font-size: 12pt;\">W minionych dniach zmarli:<\/span><\/p>\n<p align=\"center\"><span style=\"font-size: 12pt;\">+ Jan Weier, lat 80; <\/span><\/p>\n<p align=\"center\"><span style=\"font-size: 12pt;\">+ W\u0142odzimierz Sobczy\u0144ski, lat 76; <\/span><\/p>\n<p style=\"text-align: center; text-indent: -17.85pt; margin: 0cm 0cm .0001pt 17.85pt;\" align=\"center\"><span style=\"font-size: 12pt;\">+ Marcin Adamczak, lat 31.<\/span><\/p>\n","protected":false},"excerpt":{"rendered":"<p>1. Dzisiaj obchodzimy Drugi \u015awiatowy Dzie\u0144 Ubogich. Papie\u017c Franciszek zaprasza nas do solidarno\u015bci z lud\u017ami ubogimi. Zach\u0119camy do przeczytania w internecie Or\u0119dzia na ten dzie\u0144 oraz wsparcia naszego parafialnego dzie\u0142a,\u00a0 tzn. Zupy Chylo\u0144skiej poprzez osobiste w\u0142\u0105czenie si\u0119 lub wsparcie finansowe. Zbli\u017ca si\u0119 zima i chcieliby\u015bmy opr\u00f3cz \u017cywno\u015bci zakupi\u0107 np. buty i kurtki dla potrzebuj\u0105cych. W [&hellip;]<\/p>\n","protected":false},"author":6,"featured_media":0,"comment_status":"closed","ping_status":"closed","sticky":false,"template":"","format":"standard","meta":{"footnotes":""},"categories":[8,12],"tags":[],"publishpress_future_action":{"enabled":false,"date":"1970-01-01 01:00:00","action":"","terms":[],"taxonomy":"","browser_timezone_offset":0},"_links":{"self":[{"href":"https:\/\/swmikolaj.org\/index.php\/wp-json\/wp\/v2\/posts\/1276"}],"collection":[{"href":"https:\/\/swmikolaj.org\/index.php\/wp-json\/wp\/v2\/posts"}],"about":[{"href":"https:\/\/swmikolaj.org\/index.php\/wp-json\/wp\/v2\/types\/post"}],"author":[{"embeddable":true,"href":"https:\/\/swmikolaj.org\/index.php\/wp-json\/wp\/v2\/users\/6"}],"replies":[{"embeddable":true,"href":"https:\/\/swmikolaj.org\/index.php\/wp-json\/wp\/v2\/comments?post=1276"}],"version-history":[{"count":1,"href":"https:\/\/swmikolaj.org\/index.php\/wp-json\/wp\/v2\/posts\/1276\/revisions"}],"predecessor-version":[{"id":2717,"href":"https:\/\/swmikolaj.org\/index.php\/wp-json\/wp\/v2\/posts\/1276\/revisions\/2717"}],"wp:attachment":[{"href":"https:\/\/swmikolaj.org\/index.php\/wp-json\/wp\/v2\/media?parent=1276"}],"wp:term":[{"taxonomy":"category","embeddable":true,"href":"https:\/\/swmikolaj.org\/index.php\/wp-json\/wp\/v2\/categories?post=1276"},{"taxonomy":"post_tag","embeddable":true,"href":"https:\/\/swmikolaj.org\/index.php\/wp-json\/wp\/v2\/tags?post=1276"}],"curies":[{"name":"wp","href":"https:\/\/api.w.org\/{rel}","templated":true}]}}