{"id":1272,"date":"2018-11-02T15:28:57","date_gmt":"2018-11-02T15:28:57","guid":{"rendered":"http:\/\/nowa.swmikolaj.org\/?p=1272"},"modified":"2020-04-09T10:43:58","modified_gmt":"2020-04-09T10:43:58","slug":"ogloszeniaduszpasterskie04-11-2018r","status":"publish","type":"post","link":"https:\/\/swmikolaj.org\/index.php\/2018\/11\/02\/ogloszeniaduszpasterskie04-11-2018r\/","title":{"rendered":"Og\u0142oszenia Duszpasterskie, 04.11.2018 r."},"content":{"rendered":"<p><!-- [if !supportLists]--><span style=\"font-size: 12pt;\"><strong>1.\u00a0<\/strong>11 listopada, w niedziel\u0119, przypada setna rocznica odzyskania przez Polsk\u0119 niepodleg\u0142o\u015bci. Zapraszamy do modlitwy w intencji Ojczyzny podczas Mszy \u015bwi\u0119tej o godz. 10:00. Zach\u0119camy te\u017c do wywieszenia tego dnia flagi narodowej. W li\u015bcie pasterskim polscy biskupi pisz\u0105 w nast\u0119puj\u0105cy spos\u00f3b:<\/span><\/p>\n<p><em><span style=\"font-size: 12pt;\">Drodzy Siostry i Bracia!<\/span><\/em><\/p>\n<p><em><span style=\"font-size: 12pt;\">\u00a0 \u00a0 Niepodleg\u0142o\u015b\u0107 zosta\u0142a wymodlona, wypracowana i wywalczona przez Polak\u00f3w, kt\u00f3rzy stali si\u0119 wewn\u0119trznie wolnymi, ugruntowanymi w wierze i odpowiedzialnymi za nar\u00f3d. W pami\u0119tnym listopadzie 1918 r. wielcy przyw\u00f3dcy narodu oraz zwykli Polacy stan\u0119li razem do budowania niepodleg\u0142ej Rzeczypospolitej w historycznej chwili danej przez Boga po I wojnie \u015bwiatowej. Niepodleg\u0142o\u015b\u0107 odzyskana 100 lat temu nie jest dana Polskiemu Narodowi raz na zawsze. Wymaga ona od ka\u017cdego pokolenia Polak\u00f3w troski o Ojczyzn\u0119.<\/span><\/em><\/p>\n<p><!--more--><\/p>\n<p><span style=\"font-size: 12pt;\"><strong>2.<\/strong>\u00a0<span style=\"text-align: justify; text-indent: -23.8px;\">Za zmar\u0142ych b\u0119dziemy modlili si\u0119 do czwartku w\u0142\u0105cznie. Wypominki b\u0119d\u0105 odczytywane od 17:30, a o 18:30 Msza \u015awi\u0119ta.<\/span><\/span><\/p>\n<p><span style=\"font-size: 12pt;\"><!-- [if !supportLists]--><strong>3.<\/strong>\u00a0Adoracja Naj\u015bwi\u0119tszego Sakramentu odbywa si\u0119 w dolnym ko\u015bciele od poniedzia\u0142ku do soboty, od 8:40 do 18:20.<\/span><\/p>\n<p><span style=\"font-size: 12pt;\"><!-- [if !supportLists]--><strong>4.<\/strong>\u00a0Najbli\u017csze spotkanie Wsp\u00f3lnoty Trudnych Ma\u0142\u017ce\u0144stw \u201eSychar\u201d odb\u0119dzie si\u0119 w poniedzia\u0142ek, 12 listopada. Msza \u015bwi\u0119ta o 18:30 w ko\u015bciele, a nast\u0119pnie o 19:15 spotkanie w piwnicy starej plebanii.<\/span><\/p>\n<p><span style=\"font-size: 12pt;\"><!-- [if !supportLists]--><strong>5.\u00a0<\/strong>Spotkanie Klubu Seniora odb\u0119dzie si\u0119 w najbli\u017csza \u015brod\u0119, 7 listopada o godz. 9:00. Natomiast, 14 listopada w Klubie Seniora czeka nas ciekawy wyk\u0142ad dr Mariusza Kardasa \u201eKaszuby a Polska niepodleg\u0142o\u015b\u0107. O Kamerdynerze s\u0142\u00f3w kilka\u201d.<\/span><\/p>\n<p><span style=\"font-size: 12pt;\"><!-- [if !supportLists]--><strong>6.<\/strong>\u00a0Senior\u00f3w zapraszamy na cykl wyj\u015b\u0107 do Centrum Filmowego mi\u0119dzy innymi na filmy: \u201eZimna Wojna\u201d oraz \u201eKamerdyner\u201d. Wyj\u015bcia w terminach 6, 12 i 20 listopada godzina 11:00. Zapisy w biurze parafialnym. Bilety b\u0119d\u0105 cz\u0119\u015bciowo refundowane: 3 wyj\u015bcia &#8211; 24 z\u0142; 2 wyj\u015bcia &#8211; 18 z\u0142; 1 wyj\u015bcie &#8211; 10 z\u0142.<\/span><\/p>\n<p><span style=\"font-size: 12pt;\"><!-- [if !supportLists]--><strong>7.<\/strong>\u00a0Muzyk\u00f3w amator\u00f3w i profesjonalist\u00f3w zapraszamy na spotkanie Tr\u00f3jmiejskiej Formacji Uwielbienia w pi\u0105tek, 9 listopada na 19:30 do starej plebanii.<\/span><\/p>\n<p><span style=\"font-size: 12pt;\"><!-- [if !supportLists]--><strong>8.\u00a0<\/strong>Dzisiaj, po ka\u017cdej Mszy \u015bwi\u0119tej, odb\u0119dzie si\u0119 kwesta na dzia\u0142alno\u015b\u0107 Parafialnego Zespo\u0142u Caritas oraz na dzie\u0142o Zupy Chylo\u0144skiej.<\/span><\/p>\n<p><span style=\"font-size: 12pt;\"><!-- [if !supportLists]--><strong>9.<\/strong>\u00a0<!--[endif]-->11 i 18 listopada taca przeznaczona b\u0119dzie na prace zwi\u0105zane z doporowadzeniem kanalizacji do zaplecza dolnego ko\u015bcio\u0142a. Je\u015bli kto\u015b z m\u0119\u017cczyzn chcia\u0142by i m\u00f3g\u0142by pom\u00f3c w prowadzonych pracach zapraszamy w poniedzia\u0142ek na godz. 8:00.<\/span><\/p>\n<p align=\"center\"><span style=\"font-size: 12pt;\">W minionych dniach zmar\u0142y:<\/span><\/p>\n<p style=\"text-align: center;\"><span style=\"font-size: 12pt;\">+ Danuta Graczyk, lat 89, <\/span><\/p>\n<p style=\"text-align: center;\"><span style=\"font-size: 12pt;\">+ Izabela B\u00f6hm, lat 25.<\/span><\/p>\n","protected":false},"excerpt":{"rendered":"<p>1.\u00a011 listopada, w niedziel\u0119, przypada setna rocznica odzyskania przez Polsk\u0119 niepodleg\u0142o\u015bci. Zapraszamy do modlitwy w intencji Ojczyzny podczas Mszy \u015bwi\u0119tej o godz. 10:00. Zach\u0119camy te\u017c do wywieszenia tego dnia flagi narodowej. W li\u015bcie pasterskim polscy biskupi pisz\u0105 w nast\u0119puj\u0105cy spos\u00f3b: Drodzy Siostry i Bracia! \u00a0 \u00a0 Niepodleg\u0142o\u015b\u0107 zosta\u0142a wymodlona, wypracowana i wywalczona przez Polak\u00f3w, kt\u00f3rzy [&hellip;]<\/p>\n","protected":false},"author":6,"featured_media":0,"comment_status":"closed","ping_status":"closed","sticky":false,"template":"","format":"standard","meta":{"footnotes":""},"categories":[8,12],"tags":[],"publishpress_future_action":{"enabled":false,"date":"1970-01-01 01:00:00","action":"","terms":[],"taxonomy":"","browser_timezone_offset":0},"_links":{"self":[{"href":"https:\/\/swmikolaj.org\/index.php\/wp-json\/wp\/v2\/posts\/1272"}],"collection":[{"href":"https:\/\/swmikolaj.org\/index.php\/wp-json\/wp\/v2\/posts"}],"about":[{"href":"https:\/\/swmikolaj.org\/index.php\/wp-json\/wp\/v2\/types\/post"}],"author":[{"embeddable":true,"href":"https:\/\/swmikolaj.org\/index.php\/wp-json\/wp\/v2\/users\/6"}],"replies":[{"embeddable":true,"href":"https:\/\/swmikolaj.org\/index.php\/wp-json\/wp\/v2\/comments?post=1272"}],"version-history":[{"count":1,"href":"https:\/\/swmikolaj.org\/index.php\/wp-json\/wp\/v2\/posts\/1272\/revisions"}],"predecessor-version":[{"id":2721,"href":"https:\/\/swmikolaj.org\/index.php\/wp-json\/wp\/v2\/posts\/1272\/revisions\/2721"}],"wp:attachment":[{"href":"https:\/\/swmikolaj.org\/index.php\/wp-json\/wp\/v2\/media?parent=1272"}],"wp:term":[{"taxonomy":"category","embeddable":true,"href":"https:\/\/swmikolaj.org\/index.php\/wp-json\/wp\/v2\/categories?post=1272"},{"taxonomy":"post_tag","embeddable":true,"href":"https:\/\/swmikolaj.org\/index.php\/wp-json\/wp\/v2\/tags?post=1272"}],"curies":[{"name":"wp","href":"https:\/\/api.w.org\/{rel}","templated":true}]}}