{"id":126932,"date":"2023-10-02T19:47:52","date_gmt":"2023-10-02T18:47:52","guid":{"rendered":"https:\/\/swmikolaj.org\/?p=126932"},"modified":"2023-10-02T19:49:33","modified_gmt":"2023-10-02T18:49:33","slug":"alpha-czyli-czy-jest-cos-wiecej","status":"publish","type":"post","link":"https:\/\/swmikolaj.org\/index.php\/2023\/10\/02\/alpha-czyli-czy-jest-cos-wiecej\/","title":{"rendered":"Alpha, czyli czy jest co\u015b wi\u0119cej?"},"content":{"rendered":"\n<div class=\"xdj266r x11i5rnm xat24cr x1mh8g0r x1vvkbs x126k92a\">\n<div dir=\"auto\">\u00a0<\/div>\n<\/div>\n<div class=\"x11i5rnm xat24cr x1mh8g0r x1vvkbs xtlvy1s x126k92a\">\n<div dir=\"auto\">Rozpocz\u0119li\u015bmy <span class=\"x3nfvp2 x1j61x8r x1fcty0u xdj266r xhhsvwb xat24cr xgzva0m xxymvpz xlup9mm x1kky2od\"><img decoding=\"async\" loading=\"lazy\" src=\"https:\/\/static.xx.fbcdn.net\/images\/emoji.php\/v9\/teb\/2\/16\/1f642.png\" alt=\"\ud83d\ude42\" width=\"16\" height=\"16\" \/><\/span> Zawsze rado\u015bnie, w atmosferze szacunku i wolno\u015bci.<\/div>\n<div dir=\"auto\">Cieszymy si\u0119 z 24 uczestnik\u00f3w, a w\u015br\u00f3d nich z licznej grupy z Wiczlina <span class=\"x3nfvp2 x1j61x8r x1fcty0u xdj266r xhhsvwb xat24cr xgzva0m xxymvpz xlup9mm x1kky2od\"><img decoding=\"async\" loading=\"lazy\" src=\"https:\/\/static.xx.fbcdn.net\/images\/emoji.php\/v9\/teb\/2\/16\/1f642.png\" alt=\"\ud83d\ude42\" width=\"16\" height=\"16\" \/><\/span><\/div>\n<div dir=\"auto\">Mo\u017cna do\u0142\u0105czy\u0107 za tydzie\u0144, 9 pa\u017adziernika o 19:00. Zapraszamy<\/div>\n<\/div>\n<div dir=\"auto\">\u00a0<\/div>\n<div dir=\"auto\"><img decoding=\"async\" loading=\"lazy\" class=\"alignnone  wp-image-126933\" src=\"https:\/\/swmikolaj.org\/wp-content\/uploads\/2023\/10\/IMG_6212-2-300x225.jpg\" alt=\"\" width=\"744\" height=\"558\" srcset=\"https:\/\/swmikolaj.org\/wp-content\/uploads\/2023\/10\/IMG_6212-2-300x225.jpg 300w, https:\/\/swmikolaj.org\/wp-content\/uploads\/2023\/10\/IMG_6212-2-1024x768.jpg 1024w, https:\/\/swmikolaj.org\/wp-content\/uploads\/2023\/10\/IMG_6212-2-768x576.jpg 768w, https:\/\/swmikolaj.org\/wp-content\/uploads\/2023\/10\/IMG_6212-2-1536x1152.jpg 1536w, https:\/\/swmikolaj.org\/wp-content\/uploads\/2023\/10\/IMG_6212-2-2048x1536.jpg 2048w, https:\/\/swmikolaj.org\/wp-content\/uploads\/2023\/10\/IMG_6212-2-676x507.jpg 676w\" sizes=\"(max-width: 744px) 100vw, 744px\" \/><\/div>\n","protected":false},"excerpt":{"rendered":"<p>\u00a0 Rozpocz\u0119li\u015bmy Zawsze rado\u015bnie, w atmosferze szacunku i wolno\u015bci. Cieszymy si\u0119 z 24 uczestnik\u00f3w, a w\u015br\u00f3d nich z licznej grupy z Wiczlina Mo\u017cna do\u0142\u0105czy\u0107 za tydzie\u0144, 9 pa\u017adziernika o 19:00. Zapraszamy \u00a0<\/p>\n","protected":false},"author":6,"featured_media":0,"comment_status":"closed","ping_status":"closed","sticky":false,"template":"","format":"standard","meta":{"footnotes":""},"categories":[8],"tags":[],"publishpress_future_action":{"enabled":false,"date":"1970-01-01 01:00:00","action":"","terms":[],"taxonomy":"","browser_timezone_offset":0},"_links":{"self":[{"href":"https:\/\/swmikolaj.org\/index.php\/wp-json\/wp\/v2\/posts\/126932"}],"collection":[{"href":"https:\/\/swmikolaj.org\/index.php\/wp-json\/wp\/v2\/posts"}],"about":[{"href":"https:\/\/swmikolaj.org\/index.php\/wp-json\/wp\/v2\/types\/post"}],"author":[{"embeddable":true,"href":"https:\/\/swmikolaj.org\/index.php\/wp-json\/wp\/v2\/users\/6"}],"replies":[{"embeddable":true,"href":"https:\/\/swmikolaj.org\/index.php\/wp-json\/wp\/v2\/comments?post=126932"}],"version-history":[{"count":3,"href":"https:\/\/swmikolaj.org\/index.php\/wp-json\/wp\/v2\/posts\/126932\/revisions"}],"predecessor-version":[{"id":126936,"href":"https:\/\/swmikolaj.org\/index.php\/wp-json\/wp\/v2\/posts\/126932\/revisions\/126936"}],"wp:attachment":[{"href":"https:\/\/swmikolaj.org\/index.php\/wp-json\/wp\/v2\/media?parent=126932"}],"wp:term":[{"taxonomy":"category","embeddable":true,"href":"https:\/\/swmikolaj.org\/index.php\/wp-json\/wp\/v2\/categories?post=126932"},{"taxonomy":"post_tag","embeddable":true,"href":"https:\/\/swmikolaj.org\/index.php\/wp-json\/wp\/v2\/tags?post=126932"}],"curies":[{"name":"wp","href":"https:\/\/api.w.org\/{rel}","templated":true}]}}