{"id":1267,"date":"2018-10-19T14:59:41","date_gmt":"2018-10-19T14:59:41","guid":{"rendered":"http:\/\/nowa.swmikolaj.org\/?p=1267"},"modified":"2020-04-09T10:43:58","modified_gmt":"2020-04-09T10:43:58","slug":"ogloszeniaduszpasterskie21-10-2018r","status":"publish","type":"post","link":"https:\/\/swmikolaj.org\/index.php\/2018\/10\/19\/ogloszeniaduszpasterskie21-10-2018r\/","title":{"rendered":"Og\u0142oszenia Duszpasterskie, 21.10.2018 r."},"content":{"rendered":"<p style=\"text-align: justify;\"><span style=\"font-size: 12pt;\"><strong>1.<\/strong>\u00a0<\/span><span style=\"font-size: 16px; text-align: justify; text-indent: -23.8px;\">Trwa 24 godzinne uwielbienie z dolnym ko\u015bciele, do godziny 15:00. Zapraszamy wszystkich do tej modlitwy.<\/span><\/p>\n<p style=\"text-align: justify;\"><span style=\"font-size: 12pt;\"><!-- [if !supportLists]--><strong>2.<\/strong>\u00a0Nabo\u017ce\u0144stwa r\u00f3\u017ca\u0144cowe sprawujemy codziennie o 17:45, a z udzia\u0142em dzieci <\/span><span style=\"font-size: 12pt;\">w poniedzia\u0142ek, \u015brod\u0119 i pi\u0105tek o 17:00. <\/span><\/p>\n<p><!--more--><\/p>\n<p style=\"text-align: justify;\"><span style=\"font-size: 12pt;\"><strong>3.<\/strong>\u00a0Kartki na wypominki mo\u017cna wzi\u0105\u0107 z dw\u00f3ch stolik\u00f3w ustawionych z tylu ko\u015bcio\u0142a. Wype\u0142nione prosimy o przyniesienie do biura parafialnego.<\/span><\/p>\n<p style=\"text-align: justify;\"><span style=\"font-size: 12pt;\"><!-- [if !supportLists]--><strong>4.<\/strong>\u00a0Intencje mszalne na rok 2019 przyjmujemy w biurze parafialnym w godzinach urz\u0119dowania.<\/span><\/p>\n<p style=\"text-align: justify;\"><span style=\"font-size: 12pt;\"><!-- [if !supportLists]--><strong>5.<\/strong> Ostatnie katechezy neokatechumenalne odb\u0119d\u0105 si\u0119 <\/span><span style=\"font-size: 12pt;\">w poniedzia\u0142ek i \u015brod\u0119 o 19:15 w dolnym ko\u015bciele. Wyjazd na rekolekcje, na zako\u0144czenie katechez, odb\u0119dzie si\u0119 w dniach 26-28 pa\u017adziernika. Je\u015bli kto\u015b chcia\u0142by pojecha\u0107, to prosimy o zg\u0142oszenie si\u0119 do prowadz\u0105cych spotkania w najbli\u017cszy poniedzia\u0142ek po katechezie.<\/span><\/p>\n<p style=\"text-align: justify;\"><span style=\"font-size: 12pt;\"><!-- [if !supportLists]--><strong>6.<\/strong>\u00a0Wszystkich ma\u0142\u017conk\u00f3w prze\u017cywaj\u0105cych kryzys zapraszamy na spotkanie Wsp\u00f3lnoty Trudnych Ma\u0142\u017ce\u0144stw \u201eSychar\u201d w poniedzia\u0142ek, 22 pa\u017adziernika. <\/span><span style=\"font-size: 12pt;\">W planie: Msza \u015awi\u0119ta o 18:30 w ko\u015bciele, a o 19:15 spotkanie w piwnicy starej plebanii.<\/span><\/p>\n<p style=\"text-align: justify;\"><span style=\"font-size: 12pt;\"><!-- [if !supportLists]--><strong>7.<\/strong>\u00a0Spotkanie Apostolatu Maryjnego odb\u0119dzie si\u0119 we wtorek, 23 pa\u017adziernika <\/span><span style=\"font-size: 12pt;\">o godz. 16:30 w domu parafialnym, w sali nr 8. Serdecznie zapraszamy nowych cz\u0142onk\u00f3w czcicieli Niepokalanej.<\/span><\/p>\n<p style=\"text-align: justify;\"><span style=\"font-size: 12pt;\"><!-- [if !supportLists]--><strong>8.<\/strong>\u00a0Przypominamy, \u017ce z inicjatywy Gda\u0144skiej Szko\u0142y Nowej Ewangelizacji mo\u017cna skorzysta\u0107 z projektu pod nazw\u0105 \u201eDom \u0141aski\u201d. W naszej starej plebanii, w ka\u017cdy drugi poniedzia\u0142ek miesi\u0105ca, w godz. od 17:00 do 20:00, b\u0119dzie mo\u017cliwo\u015b\u0107 rozmowy z kap\u0142anem, psychologiem, psychoterapeut\u0105 i mediatorem. B\u0119dzie te\u017c mo\u017cna sp\u0119dzi\u0107 czas na adoracji czy poprosi\u0107 o modlitw\u0119 wstawiennicz\u0105. Zg\u0142oszenia przyjmuje ks. Zbigniew W\u0105drzyk 791-306-192.<\/span><\/p>\n<p style=\"text-align: justify;\"><span style=\"font-size: 12pt;\"><!-- [if !supportLists]--><strong>9.<\/strong>\u00a0Kwesta na wyjazd m\u0142odych z naszej parafii do Panamy odbywa si\u0119 dzisiaj <\/span><span style=\"font-size: 12pt;\">po ka\u017cdej Mszy \u015awi\u0119tej.<\/span><\/p>\n<p style=\"text-align: justify;\"><span style=\"font-size: 12pt;\"><!-- [if !supportLists]--><strong>10.\u00a0<\/strong> <!--[endif]-->Biuletyn Parafialny znajduje si\u0119 na dw\u00f3ch specjalnych stolikach ustawionych <\/span><span style=\"font-size: 12pt;\">z ty\u0142u ko\u015bcio\u0142a, a nowy Go\u015b\u0107 Niedzielny mo\u017cna kupi\u0107 w zakrystii.<\/span><\/p>\n<p><span style=\"font-size: 12pt;\"><strong>11<\/strong>. M\u00f3dlmy si\u0119 za nasze miasto w dniu wybor\u00f3w samorzadowych. Zach\u0119camy do aktywnego i m\u0105drego g\u0142osowania, co b\u0119dzie wyrazem mi\u0142o\u015bci do &#8222;ma\u0142ej Ojczyzny&#8221;.<\/span><\/p>\n<p style=\"text-align: justify;\">\n<p style=\"text-align: center;\" align=\"center\"><span style=\"font-size: 12pt;\"><a name=\"_Hlk525313379\"><\/a>W minionych dniach zmarli:<\/span><\/p>\n<p style=\"text-align: center; text-indent: -17.85pt; line-height: 110%; margin: 0cm 0cm .0001pt 17.85pt;\" align=\"center\"><span style=\"font-size: 12pt;\">+ Ryszard Redli\u0144ski, lat 78, + J\u00f3zef Kobus, lat 70;<\/span><\/p>\n","protected":false},"excerpt":{"rendered":"<p>1.\u00a0Trwa 24 godzinne uwielbienie z dolnym ko\u015bciele, do godziny 15:00. Zapraszamy wszystkich do tej modlitwy. 2.\u00a0Nabo\u017ce\u0144stwa r\u00f3\u017ca\u0144cowe sprawujemy codziennie o 17:45, a z udzia\u0142em dzieci w poniedzia\u0142ek, \u015brod\u0119 i pi\u0105tek o 17:00.<\/p>\n","protected":false},"author":6,"featured_media":0,"comment_status":"closed","ping_status":"closed","sticky":false,"template":"","format":"standard","meta":{"footnotes":""},"categories":[8,12],"tags":[],"publishpress_future_action":{"enabled":false,"date":"1970-01-01 01:00:00","action":"","terms":[],"taxonomy":"","browser_timezone_offset":0},"_links":{"self":[{"href":"https:\/\/swmikolaj.org\/index.php\/wp-json\/wp\/v2\/posts\/1267"}],"collection":[{"href":"https:\/\/swmikolaj.org\/index.php\/wp-json\/wp\/v2\/posts"}],"about":[{"href":"https:\/\/swmikolaj.org\/index.php\/wp-json\/wp\/v2\/types\/post"}],"author":[{"embeddable":true,"href":"https:\/\/swmikolaj.org\/index.php\/wp-json\/wp\/v2\/users\/6"}],"replies":[{"embeddable":true,"href":"https:\/\/swmikolaj.org\/index.php\/wp-json\/wp\/v2\/comments?post=1267"}],"version-history":[{"count":1,"href":"https:\/\/swmikolaj.org\/index.php\/wp-json\/wp\/v2\/posts\/1267\/revisions"}],"predecessor-version":[{"id":2725,"href":"https:\/\/swmikolaj.org\/index.php\/wp-json\/wp\/v2\/posts\/1267\/revisions\/2725"}],"wp:attachment":[{"href":"https:\/\/swmikolaj.org\/index.php\/wp-json\/wp\/v2\/media?parent=1267"}],"wp:term":[{"taxonomy":"category","embeddable":true,"href":"https:\/\/swmikolaj.org\/index.php\/wp-json\/wp\/v2\/categories?post=1267"},{"taxonomy":"post_tag","embeddable":true,"href":"https:\/\/swmikolaj.org\/index.php\/wp-json\/wp\/v2\/tags?post=1267"}],"curies":[{"name":"wp","href":"https:\/\/api.w.org\/{rel}","templated":true}]}}