{"id":1261,"date":"2018-09-28T13:13:24","date_gmt":"2018-09-28T13:13:24","guid":{"rendered":"http:\/\/nowa.swmikolaj.org\/?p=1261"},"modified":"2020-04-09T10:43:58","modified_gmt":"2020-04-09T10:43:58","slug":"ogloszeniaduszpasterskie30-09-2018r","status":"publish","type":"post","link":"https:\/\/swmikolaj.org\/index.php\/2018\/09\/28\/ogloszeniaduszpasterskie30-09-2018r\/","title":{"rendered":"Og\u0142oszenia Duszpasterskie, 30.09.2018 r."},"content":{"rendered":"<p><span style=\"font-size: 12pt;\"><strong>1.<\/strong>\u00a0Nabo\u017ce\u0144stwa r\u00f3\u017ca\u0144cowe sprawujemy w pa\u017adzierniku codziennie o 17:45, a dzieci zapraszamy w: poniedzia\u0142ek, \u015brod\u0119 i pi\u0105tek na 17:00.<\/span><\/p>\n<p><span style=\"font-size: 12pt;\"><!-- [if !supportLists]--><strong>2.\u00a0<\/strong>\u015awi\u0119to patronalne \u017bywego R\u00f3\u017ca\u0144ca obchodzi\u0107 b\u0119dziemy w niedziel\u0119, 7 pa\u017adziernika. Cz\u0142onk\u00f3w \u017bywego R\u00f3\u017ca\u0144ca i wszystkich, kt\u00f3rzy chcieliby w\u0142\u0105czy\u0107 si\u0119 w to dzie\u0142o zapraszamy tego dnia na Msz\u0119 \u015bwi\u0119t\u0105 o 8:00 i r\u00f3\u017caniec o 17:45 ko\u015bciele.<\/span><\/p>\n<p><!--more--><\/p>\n<p><strong><span style=\"font-size: 12pt; background-color: transparent;\">3.<\/span><\/strong><span style=\"font-size: 12pt; background-color: transparent;\">W czwartek zapraszamy na ca\u0142odzienn\u0105 modlitw\u0119 za kap\u0142an\u00f3w, osoby konsekrowane i kleryk\u00f3w. W minionych dniach dw\u00f3ch naszych parafian rozpocz\u0119\u0142o trzeci rok studi\u00f3w w Gda\u0144skim Seminarium Duchownym. M\u00f3dlmy si\u0119 za nich.<\/span><\/p>\n<p><span style=\"font-size: 12pt;\"><!-- [if !supportLists]--><strong>4.<\/strong>\u00a0W pi\u0105tek okazja do spowiedzi \u015bwi\u0119tej przed porann\u0105 Msz\u0105 \u015bwi\u0119t\u0105 oraz od 16:30 do 18:30.<\/span><\/p>\n<p><span style=\"font-size: 12pt;\"><!-- [if !supportLists]--><strong>5.<\/strong>\u00a0Dzieci wraz z rodzicami, w pierwszy pi\u0105tek miesi\u0105ca, zapraszamy na 17:00 na r\u00f3\u017caniec z obrz\u0119dem Komunii \u015awi\u0119tej.<\/span><\/p>\n<p><span style=\"font-size: 12pt;\"><!-- [if !supportLists]--><strong>6.\u00a0<\/strong>Trwaj\u0105 katechezy neokatechumenalne w dolnym ko\u015bciele. Szczeg\u00f3lnie zapraszamy w tym tygodniu w poniedzia\u0142ek i czwartek o 19:15, b\u0119dzie g\u0142oszony Kerygmat &#8211; Dobra Nowina o Jezusie Chrystusie Zmartwychwsta\u0142ym. S\u0142owo, kt\u00f3re ma moc przemieni\u0107 \u017cycie cz\u0142owieka, wla\u0107 w jego serce nadziej\u0119 i rado\u015b\u0107. Jest to wydarzenie szczeg\u00f3lne dla naszej wiary, tym bardziej zach\u0119camy do uczestnictwa.<\/span><\/p>\n<p><span style=\"font-size: 12pt;\"><!-- [if !supportLists]--><strong>7.<\/strong>\u00a0Wsp\u00f3lnota Trudnych Ma\u0142\u017ce\u0144stw Sychar zaprasza w poniedzia\u0142ek, 1 pa\u017adziernika. Msza \u015bwi\u0119ta o 18:30, a potem spotkanie oko\u0142o 19:15 w piwnicy starej plebanii.<\/span><\/p>\n<p><span style=\"font-size: 12pt;\"><!-- [if !supportLists]--><strong>8.<\/strong> Spotkanie Zelator\u00f3w R\u00f3\u017c \u017bywego R\u00f3\u017ca\u0144ca we wtorek, 2 pa\u017adziernika o godz. 17:00 w sali nr 8 w domu parafialnym.<\/span><\/p>\n<p><span style=\"font-size: 12pt;\"><!-- [if !supportLists]--><strong>9.<\/strong>\u00a0Wsp\u00f3lnota SNE Magnificat zaprasza na Msze \u015bwi\u0119t\u0105 we wtorek na 19:15 do dolnego ko\u015bcio\u0142a.<\/span><\/p>\n<p><span style=\"font-size: 12pt;\"><!-- [if !supportLists]--><strong>10.<\/strong> S<!--[endif]-->enior\u00f3w zapraszamy na spotkanie Klubu Seniora w najbli\u017csz\u0105 \u015brod\u0119 o 9:00 w kawiarni domu parafialnego.<\/span><\/p>\n<p><span style=\"font-size: 12pt;\"><!-- [if !supportLists]--><strong>11.<\/strong> Modlitwa os\u00f3b zaanga\u017cowanych w dzie\u0142o Duchowej Adopcji odb\u0119dzie si\u0119 w pi\u0105tek o 17:45 w g\u00f3rnym ko\u015bciele, podczas modlitwy r\u00f3\u017ca\u0144cowej.<\/span><\/p>\n<p><span style=\"font-size: 12pt;\"><!-- [if !supportLists]--><strong>12.<\/strong> Spotkanie dla \u017bywego R\u00f3\u017ca\u0144ca w sobot\u0119 o godz. 8:00.<\/span><\/p>\n<p><span style=\"font-size: 12pt;\"><!-- [if !supportLists]--><strong>13.<\/strong>\u00a0Spotkanie dla wszystkich os\u00f3b zaanga\u017cowanych w dzie\u0142o Zupy Chylo\u0144skiej odb\u0119dzie si\u0119 w niedziel\u0119, 7 pa\u017adziernika po wieczornej Mszy \u015awi\u0119tej w sali nr 10 domu parafialnego.<\/span><\/p>\n<p><span style=\"font-size: 12pt;\"><!-- [if !supportLists]--><strong>14.<\/strong>\u00a0Ju\u017c dzisiaj zapraszamy na koncert zespo\u0142u Deus Meus w niedziel\u0119, 14 pa\u017adziernika o 19:30.<\/span><\/p>\n<p><span style=\"font-size: 12pt;\"><!-- [if !supportLists]--><strong>15.<\/strong>\u00a0Naprzeciwko naszego ko\u015bcio\u0142a, przy ul. Opata Hackiego 33, powstaje Centrum S\u0105siedzkie \u201ePrzysta\u0144\u201d, kt\u00f3re zostanie uroczy\u015bcie otworzone w grudniu. Ju\u017c dzisiaj mo\u017cna je obejrze\u0107 w godzinach mi\u0119dzy 11:00 a 13:00.<\/span><\/p>\n<p><span style=\"font-size: 12pt;\"><!-- [if !supportLists]--><strong>16.<\/strong> Serdecznie dzi\u0119kujemy za ofiary z\u0142o\u017cone na tac\u0119 przeznaczone na przebudow\u0119 zaplecza dolnego ko\u015bcio\u0142a, gdzie powstan\u0105 m.in. toalety.<\/span><\/p>\n<p align=\"center\"><span style=\"font-size: 12pt;\"><a name=\"_Hlk525313379\"><\/a>W minionych dniach zmarli:<\/span><\/p>\n<p align=\"center\"><span style=\"font-size: 12pt;\">+ Agnieszka Lange, lat 84; + Helena Kr\u00f3l, lat 81, + Zofia D\u0105browska, lat 91, <\/span><\/p>\n<p style=\"text-align: center;\"><span style=\"font-size: 12pt;\"> + Barbara Ba\u0144ka, lat 84, + Andrzej Wensierski, lat 48.<\/span><\/p>\n","protected":false},"excerpt":{"rendered":"<p>1.\u00a0Nabo\u017ce\u0144stwa r\u00f3\u017ca\u0144cowe sprawujemy w pa\u017adzierniku codziennie o 17:45, a dzieci zapraszamy w: poniedzia\u0142ek, \u015brod\u0119 i pi\u0105tek na 17:00. 2.\u00a0\u015awi\u0119to patronalne \u017bywego R\u00f3\u017ca\u0144ca obchodzi\u0107 b\u0119dziemy w niedziel\u0119, 7 pa\u017adziernika. Cz\u0142onk\u00f3w \u017bywego R\u00f3\u017ca\u0144ca i wszystkich, kt\u00f3rzy chcieliby w\u0142\u0105czy\u0107 si\u0119 w to dzie\u0142o zapraszamy tego dnia na Msz\u0119 \u015bwi\u0119t\u0105 o 8:00 i r\u00f3\u017caniec o 17:45 ko\u015bciele.<\/p>\n","protected":false},"author":6,"featured_media":0,"comment_status":"closed","ping_status":"closed","sticky":false,"template":"","format":"standard","meta":{"footnotes":""},"categories":[8,12],"tags":[],"publishpress_future_action":{"enabled":false,"date":"1970-01-01 01:00:00","action":"","terms":[],"taxonomy":"","browser_timezone_offset":0},"_links":{"self":[{"href":"https:\/\/swmikolaj.org\/index.php\/wp-json\/wp\/v2\/posts\/1261"}],"collection":[{"href":"https:\/\/swmikolaj.org\/index.php\/wp-json\/wp\/v2\/posts"}],"about":[{"href":"https:\/\/swmikolaj.org\/index.php\/wp-json\/wp\/v2\/types\/post"}],"author":[{"embeddable":true,"href":"https:\/\/swmikolaj.org\/index.php\/wp-json\/wp\/v2\/users\/6"}],"replies":[{"embeddable":true,"href":"https:\/\/swmikolaj.org\/index.php\/wp-json\/wp\/v2\/comments?post=1261"}],"version-history":[{"count":1,"href":"https:\/\/swmikolaj.org\/index.php\/wp-json\/wp\/v2\/posts\/1261\/revisions"}],"predecessor-version":[{"id":2732,"href":"https:\/\/swmikolaj.org\/index.php\/wp-json\/wp\/v2\/posts\/1261\/revisions\/2732"}],"wp:attachment":[{"href":"https:\/\/swmikolaj.org\/index.php\/wp-json\/wp\/v2\/media?parent=1261"}],"wp:term":[{"taxonomy":"category","embeddable":true,"href":"https:\/\/swmikolaj.org\/index.php\/wp-json\/wp\/v2\/categories?post=1261"},{"taxonomy":"post_tag","embeddable":true,"href":"https:\/\/swmikolaj.org\/index.php\/wp-json\/wp\/v2\/tags?post=1261"}],"curies":[{"name":"wp","href":"https:\/\/api.w.org\/{rel}","templated":true}]}}