{"id":1241,"date":"2018-07-20T08:27:50","date_gmt":"2018-07-20T08:27:50","guid":{"rendered":"http:\/\/nowa.swmikolaj.org\/?p=1241"},"modified":"2020-04-09T10:43:58","modified_gmt":"2020-04-09T10:43:58","slug":"ogloszeniaduszpasterskie2018-07-22","status":"publish","type":"post","link":"https:\/\/swmikolaj.org\/index.php\/2018\/07\/20\/ogloszeniaduszpasterskie2018-07-22\/","title":{"rendered":"Og\u0142oszenia duszpasterskie \u2013 2018.07.22"},"content":{"rendered":"<p style=\"text-align: justify;\"><span style=\"font-size: 12pt;\">1. Spotkanie Wsp&oacute;lnoty Trudnych Ma\u0142\u017ce\u0144stw &#8222;Sychar&#8221; odb\u0119dzie si\u0119 w poniedzia\u0142ek, 30 lipca. W planie Msza \u015awi\u0119ta o 18:30, &nbsp;a nast\u0119pnie spotkanie w starej plebanii.<\/span><\/p>\n<p style=\"text-align: justify;\"><span style=\"font-size: 12pt;\">2. Spotkanie Apostolatu Maryjnego odb\u0119dzie si\u0119 we wtorek, 24 lipca o 16:30 w sali nr 8 domu parafialnego.<\/span><\/p>\n<p><\/p>\n<p style=\"text-align: justify;\"><span style=\"font-size: 12pt;\">3. \u015awi\u0119to Jakuba Aposto\u0142a i wspomnienie \u015bw. Krzysztofa obchodzi\u0107 b\u0119dziemy w najbli\u017csz\u0105 \u015brod\u0119, 25 lipca. Modlitwa za kierowc&oacute;w i wszystkich podr&oacute;\u017cuj\u0105cych b\u0119dzie mia\u0142a miejsce podczas Eucharystii o 18:30, a po\u015bwi\u0119cenie samochod&oacute;w, motocykli i rower&oacute;w odb\u0119dzie si\u0119 &nbsp;po wieczornej Mszy \u015awi\u0119tej przed ko\u015bcio\u0142em.<\/span><\/p>\n<p style=\"text-align: justify;\"><span style=\"font-size: 12pt;\">4. W czwartek, 26 lipca &nbsp;wyrusza z Gdyni piesza pielgrzymka na Jasn\u0105 G&oacute;r\u0119. Mo\u017cna si\u0119 jeszcze zapisa\u0107. Zach\u0119camy do udzia\u0142u w tych rekolekcjach &bdquo;w drodze&rdquo;. Zapisy w parafii Niepokalanego Serca Maryi na Karwinach i pod&nbsp; numerem telefonu 515 501&nbsp;789.<\/span><\/p>\n<p style=\"text-align: justify;\"><span style=\"font-size: 12pt;\"><!-- [if !supportLists]-->5. Polecamy nowy numer &bdquo;Go\u015bcia Niedzielnego&rdquo;, &nbsp;a w nim m.in. \u015bwiadectwo wiary J&oacute;zefa Skrzeka &#8211; muzyka &nbsp;oraz specjalny dodatek &ndash; obrazek z modlitw\u0105 kierowcy do \u015bw. Krzysztofa. <\/span><\/p>\n<p style=\"text-align: center;\"><span style=\"font-size: 12pt;\">W minionych dniach zmarli:<\/span><\/p>\n<p style=\"text-align: center;\"><span style=\"font-size: 12pt;\">Wojciech Obacz, l. 78; Edmund Natzke l. 87;&nbsp; Janusz Kwa\u015bniewski l. 68;&nbsp; Jan Holz l. 77;&nbsp; Jan Zdrojewski l. 73; Jerzy Duda l. 74;&nbsp; Leonard Imio\u0142a l. 73; Jadwiga Mi\u0142kowska l. 90.<\/span><\/p>\n<p style=\"text-align: center;\">&nbsp;<\/p>\n","protected":false},"excerpt":{"rendered":"<p>1. Spotkanie Wsp&oacute;lnoty Trudnych Ma\u0142\u017ce\u0144stw &#8222;Sychar&#8221; odb\u0119dzie si\u0119 w poniedzia\u0142ek, 30 lipca. W planie Msza \u015awi\u0119ta o 18:30, &nbsp;a nast\u0119pnie spotkanie w starej plebanii. 2. Spotkanie Apostolatu Maryjnego odb\u0119dzie si\u0119 we wtorek, 24 lipca o 16:30 w sali nr 8 domu parafialnego. 3. \u015awi\u0119to Jakuba Aposto\u0142a i wspomnienie \u015bw. Krzysztofa obchodzi\u0107 b\u0119dziemy w najbli\u017csz\u0105 \u015brod\u0119, [&hellip;]<\/p>\n","protected":false},"author":6,"featured_media":0,"comment_status":"closed","ping_status":"closed","sticky":false,"template":"","format":"standard","meta":{"footnotes":""},"categories":[8,12],"tags":[],"publishpress_future_action":{"enabled":false,"date":"1970-01-01 01:00:00","action":"","terms":[],"taxonomy":"","browser_timezone_offset":0},"_links":{"self":[{"href":"https:\/\/swmikolaj.org\/index.php\/wp-json\/wp\/v2\/posts\/1241"}],"collection":[{"href":"https:\/\/swmikolaj.org\/index.php\/wp-json\/wp\/v2\/posts"}],"about":[{"href":"https:\/\/swmikolaj.org\/index.php\/wp-json\/wp\/v2\/types\/post"}],"author":[{"embeddable":true,"href":"https:\/\/swmikolaj.org\/index.php\/wp-json\/wp\/v2\/users\/6"}],"replies":[{"embeddable":true,"href":"https:\/\/swmikolaj.org\/index.php\/wp-json\/wp\/v2\/comments?post=1241"}],"version-history":[{"count":1,"href":"https:\/\/swmikolaj.org\/index.php\/wp-json\/wp\/v2\/posts\/1241\/revisions"}],"predecessor-version":[{"id":3431,"href":"https:\/\/swmikolaj.org\/index.php\/wp-json\/wp\/v2\/posts\/1241\/revisions\/3431"}],"wp:attachment":[{"href":"https:\/\/swmikolaj.org\/index.php\/wp-json\/wp\/v2\/media?parent=1241"}],"wp:term":[{"taxonomy":"category","embeddable":true,"href":"https:\/\/swmikolaj.org\/index.php\/wp-json\/wp\/v2\/categories?post=1241"},{"taxonomy":"post_tag","embeddable":true,"href":"https:\/\/swmikolaj.org\/index.php\/wp-json\/wp\/v2\/tags?post=1241"}],"curies":[{"name":"wp","href":"https:\/\/api.w.org\/{rel}","templated":true}]}}