{"id":122716,"date":"2023-09-08T15:49:07","date_gmt":"2023-09-08T14:49:07","guid":{"rendered":"https:\/\/swmikolaj.org\/?p=122716"},"modified":"2023-09-08T17:21:01","modified_gmt":"2023-09-08T16:21:01","slug":"ogloszenia-duszpasterskie-10-09-2023-r","status":"publish","type":"post","link":"https:\/\/swmikolaj.org\/index.php\/2023\/09\/08\/ogloszenia-duszpasterskie-10-09-2023-r\/","title":{"rendered":"Og\u0142oszenia Duszpasterskie i Biuletyn Parafialny, 10.09.2023r."},"content":{"rendered":"<p style=\"text-align: justify;\"><span style=\"font-size: 18pt;\"><strong>1.<\/strong> <\/span>Nowenna do Ducha \u015awi\u0119tego przed uroczysto\u015bci\u0105 Bierzmowania rozpocznie si\u0119 we wtorek, 12 wrze\u015bnia. Obowi\u0105zkowa obecno\u015b\u0107 wszystkich kandydat\u00f3w we wtorek o 19:15 w ko\u015bciele.<\/p>\n<p style=\"text-align: justify;\"><span style=\"font-size: 18pt;\"><strong>2.<\/strong> <\/span>\u015awi\u0119to Podwy\u017cszenia Krzy\u017ca \u015awi\u0119tego obchodzi\u0107 b\u0119dziemy w czwartek, a \u015bwi\u0119to NMP Bolesnej w pi\u0105tek, 15 wrze\u015bnia. W te dni zapraszamy na Msze \u015bwi\u0119te o 8:00 i 18:30.<\/p>\n\n\n<!--more-->\n\n\n<p style=\"text-align: justify;\"><span style=\"font-size: 18pt;\"><strong>3.<\/strong> <\/span>Rodzic\u00f3w dzieci, kt\u00f3re przyst\u0105pi\u0105 do Pierwszej Komunii \u015awi\u0119tej w 2024 roku, zapraszamy do zapisywania dzieci na katechez\u0119 przygotowuj\u0105c\u0105 do sakramentu poprzez wype\u0142nienie formularza umieszczonego na parafialnej stronie internetowej.<\/p>\n<p style=\"text-align: justify;\"><span style=\"font-size: 18pt;\"><strong>4.<\/strong><\/span> Zapraszamy m\u0142odzie\u017c z rocznika 2010 i starszych, kt\u00f3rzy chcieliby przygotowa\u0107 si\u0119 do Bierzmowania w naszej parafii na spotkanie w \u015brod\u0119, 27 wrze\u015bnia o godz. 19:15 do dolnego ko\u015bcio\u0142a. Prosimy, by towarzyszyli im rodzice.<\/p>\n<p style=\"text-align: justify;\"><span style=\"font-size: 18pt;\"><strong>5.<\/strong> <\/span>Msza \u015bwi\u0119ta w intencji o uproszenie zdrowia duszy i cia\u0142a b\u0119dzie sprawowana w przysz\u0142\u0105 niedziel\u0119, 17 wrze\u015bnia o 18:30. Liturgi\u0119 t\u0119 przygotowuje Szko\u0142a Ewangelizacji Magnificat.<\/p>\n<p style=\"text-align: justify;\"><span style=\"font-size: 18pt;\"><strong>6.<\/strong> <\/span>Za dwa tygodnie, w niedziel\u0119 24 wrze\u015bnia, czeka nas niezwyk\u0142e prze\u017cycie, prawdziwa petarda. Zesp\u00f3\u0142 Harpa Dei, kt\u00f3ry podbi\u0142 miliony serc na \u015bwiecie poprzez niesamowite po\u0142\u0105czenie chora\u0142u gregoria\u0144skiego z prostot\u0105 modlitwy, ubogaci \u015bpiewem Msze \u015awi\u0119t\u0105 o 18:30, a po Mszy da koncert.<\/p>\n<p style=\"text-align: justify;\"><span style=\"font-size: 18pt;\"><strong>7.<\/strong> <\/span>Przypominamy, \u017ce zacz\u0119li\u015bmy codziennie u\u017cywa\u0107 w pierwszej kolejno\u015bci bardziej wyciszonego konfesjona\u0142u, stoj\u0105cego z ty\u0142u w g\u0142\u0119bi ko\u015bcio\u0142a, w starym prezbiterium.<\/p>\n<p style=\"text-align: justify;\"><span style=\"font-size: 18pt;\"><strong>8.<\/strong> <\/span>Spotkanie zelator\u00f3w R\u00f3\u017c R\u00f3\u017ca\u0144cowych odb\u0119dzie si\u0119 w poniedzia\u0142ek, 11 wrze\u015bnia o godz. 17:00 w kawiarence, w domu parafialnym.<\/p>\n<p style=\"text-align: justify;\"><span style=\"font-size: 18pt;\"><strong>9.<\/strong> <\/span>Spotkanie Czcicieli Mi\u0142osierdzia Bo\u017cego we wtorek, 12 wrze\u015bnia o 15:30 w sali nr 8 w domu parafialnym.<\/p>\n<p style=\"text-align: justify;\"><span style=\"font-size: 18pt;\"><strong>10.<\/strong> <\/span>Spotkanie dla Szko\u0142y Ewangelizacji Magnificat odb\u0119dzie si\u0119 we wtorek, 12 wrze\u015bnia o 19:15 w dolnym ko\u015bciele.<\/p>\n<p style=\"text-align: justify;\"><span style=\"font-size: 18pt;\"><strong>11.<\/strong> <\/span>Pierwsze, powakacyjne spotkanie Klubu Seniora, przy kawie, odb\u0119dzie si\u0119 w \u015brod\u0119, 13 wrze\u015bnia o 9:00.<\/p>\n<p style=\"text-align: justify;\"><span style=\"font-size: 18pt;\"><strong>12.<\/strong> <\/span>Zapraszamy dzieci w wieku szkolnym do IV klasy w\u0142\u0105cznie na spotkania Oazy Dzieci Bo\u017cych w soboty o godz. 10:00 w sali nr 8 w domu parafialnym, a wszystkie dzieci ch\u0119tne do \u015bpiewania w scholii na godz. 11:00 w tym samym miejscu.<\/p>\n<p style=\"text-align: justify;\"><span style=\"font-size: 18pt;\"><strong>13.<\/strong> <\/span>S\u0105 jeszcze wolne miejsca na wyjazd w G\u00f3ry Sowie w terminie: 24 \u2013 30 wrze\u015bnia. Zakwaterowanie w Lasocinie, codzienna gimnastyka z fizjoterapeut\u0105, warsztaty, wycieczki, wieczory muzyczno-taneczne i inne atrakcje. Koszt: 1800 z\u0142. Zapisy w biurze parafialnym lub pod numerem telefonu podanym na plakacie.<\/p>\n<p style=\"text-align: justify;\"><span style=\"font-size: 18pt;\"><strong>14.<\/strong> <\/span>Ks. Zbigniew Lorkowski organizuje pielgrzymk\u0119 na Kociewie. Wyjazd 16 wrze\u015bnia, szczeg\u00f3\u0142y i zapisy pod numerem telefonu: 604 37 36 77.<\/p>\n<p style=\"text-align: justify;\"><span style=\"font-size: 18pt;\"><strong>15.<\/strong> <\/span>W ka\u017cd\u0105 niedziel\u0119, po Mszy \u015bw. rodzinnej o 11:30, b\u0119dzie otwarta w domu parafialnym kawiarnia. Chcemy by by\u0142o to miejsce spotka\u0144 rodzic\u00f3w z dzie\u0107mi przy kawie i ciastku w rodzinnej atmosferze. Serdecznie zapraszamy. Zainteresowanych spotkaniami zapraszamy do do\u0142\u0105czenia do grupy na facebooku.<\/p>\n<p style=\"text-align: justify;\">\u00a0<a href=\"https:\/\/www.facebook.com\/groups\/724515219427057\/?ref=share\">https:\/\/www.facebook.com\/groups\/724515219427057\/?ref=share<\/a><\/p>\n<p style=\"text-align: center;\">W minionych dniach zmarli:<br \/>Piotr Kowalczewski, lat 60; Tadeusz Zakrzewski, lat 84.<\/p>\n\n\n<div class=\"wp-block-file\"><a href=\"https:\/\/swmikolaj.org\/wp-content\/uploads\/2023\/09\/Biuletyn-Parafialny-2023-09-10.pdf\">Biuletyn-Parafialny-2023-09-10<\/a><a href=\"https:\/\/swmikolaj.org\/wp-content\/uploads\/2023\/09\/Biuletyn-Parafialny-2023-09-10.pdf\" class=\"wp-block-file__button\" download>Pobierz<\/a><\/div>\n","protected":false},"excerpt":{"rendered":"<p>1. Nowenna do Ducha \u015awi\u0119tego przed uroczysto\u015bci\u0105 Bierzmowania rozpocznie si\u0119 we wtorek, 12 wrze\u015bnia. Obowi\u0105zkowa obecno\u015b\u0107 wszystkich kandydat\u00f3w we wtorek o 19:15 w ko\u015bciele. 2. \u015awi\u0119to Podwy\u017cszenia Krzy\u017ca \u015awi\u0119tego obchodzi\u0107 b\u0119dziemy w czwartek, a \u015bwi\u0119to NMP Bolesnej w pi\u0105tek, 15 wrze\u015bnia. W te dni zapraszamy na Msze \u015bwi\u0119te o 8:00 i 18:30.<\/p>\n","protected":false},"author":6,"featured_media":0,"comment_status":"closed","ping_status":"closed","sticky":false,"template":"","format":"standard","meta":{"footnotes":""},"categories":[8,12],"tags":[],"publishpress_future_action":{"enabled":false,"date":"1970-01-01 01:00:00","action":"","terms":[],"taxonomy":"","browser_timezone_offset":0},"_links":{"self":[{"href":"https:\/\/swmikolaj.org\/index.php\/wp-json\/wp\/v2\/posts\/122716"}],"collection":[{"href":"https:\/\/swmikolaj.org\/index.php\/wp-json\/wp\/v2\/posts"}],"about":[{"href":"https:\/\/swmikolaj.org\/index.php\/wp-json\/wp\/v2\/types\/post"}],"author":[{"embeddable":true,"href":"https:\/\/swmikolaj.org\/index.php\/wp-json\/wp\/v2\/users\/6"}],"replies":[{"embeddable":true,"href":"https:\/\/swmikolaj.org\/index.php\/wp-json\/wp\/v2\/comments?post=122716"}],"version-history":[{"count":5,"href":"https:\/\/swmikolaj.org\/index.php\/wp-json\/wp\/v2\/posts\/122716\/revisions"}],"predecessor-version":[{"id":122903,"href":"https:\/\/swmikolaj.org\/index.php\/wp-json\/wp\/v2\/posts\/122716\/revisions\/122903"}],"wp:attachment":[{"href":"https:\/\/swmikolaj.org\/index.php\/wp-json\/wp\/v2\/media?parent=122716"}],"wp:term":[{"taxonomy":"category","embeddable":true,"href":"https:\/\/swmikolaj.org\/index.php\/wp-json\/wp\/v2\/categories?post=122716"},{"taxonomy":"post_tag","embeddable":true,"href":"https:\/\/swmikolaj.org\/index.php\/wp-json\/wp\/v2\/tags?post=122716"}],"curies":[{"name":"wp","href":"https:\/\/api.w.org\/{rel}","templated":true}]}}