{"id":121787,"date":"2023-09-01T14:39:26","date_gmt":"2023-09-01T13:39:26","guid":{"rendered":"https:\/\/swmikolaj.org\/?p=121787"},"modified":"2023-09-01T14:39:27","modified_gmt":"2023-09-01T13:39:27","slug":"intencje-mszy-swietych-28-8-03-09-2023","status":"publish","type":"post","link":"https:\/\/swmikolaj.org\/index.php\/2023\/09\/01\/intencje-mszy-swietych-28-8-03-09-2023\/","title":{"rendered":"INTENCJE MSZY \u015aWI\u0118TYCH 28\/8 &#8211; 03\/09\/2023"},"content":{"rendered":"<table width=\"647\">\n<tbody>\n<tr>\n<td colspan=\"2\" width=\"647\"><strong>28\/08\/2023 Poniedzia\u0142ek<\/strong><\/td>\n<\/tr>\n<tr>\n<td width=\"85\"><strong>08:00<\/strong><\/td>\n<td width=\"562\">+ Lucjan Wasi\u0144ski &#8211; gregoria\u0144ska<\/td>\n<\/tr>\n<tr>\n<td width=\"85\"><strong>12:00<\/strong><\/td>\n<td width=\"562\">Pogrzeb: \u015bp. Stanis\u0142aw Gewartowski, lat 74<\/td>\n<\/tr>\n<tr>\n<td width=\"85\"><strong>18:30<\/strong><\/td>\n<td width=\"562\">1.\u00a0\u00a0\u00a0\u00a0\u00a0 + Andrzej Lis w dniu urodzin<\/p>\n<p>2.\u00a0\u00a0\u00a0\u00a0\u00a0 + Romuald Dakowicz w 22 rocz. \u015bmierci oraz rodzice z obojga stron<\/p>\n<p>3.\u00a0\u00a0\u00a0\u00a0\u00a0 + Mariusz Domaradzki &#8211; gregoria\u0144ska<\/td>\n<\/tr>\n<tr>\n<td colspan=\"2\" width=\"647\"><strong>29\/08\/2023 Wtorek<\/strong><\/td>\n<\/tr>\n<tr>\n<td width=\"85\"><strong>08:00<\/strong><\/td>\n<td width=\"562\">1.\u00a0\u00a0\u00a0\u00a0\u00a0 Dzi\u0119kczynna za otrzymane \u0142aski dla Martynki z pro\u015bb\u0105 o dalsze<\/p>\n<p>2.\u00a0\u00a0\u00a0\u00a0\u00a0 + Ewa Dulak w rocz. \u015bmierci<\/td>\n<\/tr>\n<tr>\n<td width=\"85\"><strong>18:30<\/strong><\/td>\n<td width=\"562\">1.\u00a0\u00a0\u00a0\u00a0\u00a0 + \u0141ukasz Myszograj w dniu urodzin<\/p>\n<p>2.\u00a0\u00a0\u00a0\u00a0\u00a0 + Mariusz Domaradzki &#8211; gregoria\u0144ska<\/td>\n<\/tr>\n<tr>\n<td colspan=\"2\" width=\"647\"><strong>30\/08\/2023 \u015aroda<\/strong><\/td>\n<\/tr>\n<tr>\n<td width=\"85\"><strong>08:00<\/strong><\/p>\n<p><strong>\u00a0<\/strong><\/td>\n<td width=\"562\">1.\u00a0\u00a0\u00a0\u00a0\u00a0 O prowadzenie Ducha \u015awi\u0119tego w sprawie Bogu wiadomej<\/p>\n<p>2.\u00a0\u00a0\u00a0\u00a0\u00a0 B\u0142agalna o Bo\u017ce b\u0142ogos\u0142awie\u0144stwo dla Mariusza i Doroty oraz ich dzieci<\/td>\n<\/tr>\n<tr>\n<td width=\"85\"><strong>12:30<\/strong><\/td>\n<td width=\"562\">Pogrzeb: \u015bp. J\u00f3zef Wyka, lat 92<\/td>\n<\/tr>\n<tr>\n<td width=\"85\"><strong>18:30<\/strong><\/td>\n<td width=\"562\">1.\u00a0\u00a0\u00a0\u00a0\u00a0 + Anna Stuferska 23 rocz. \u015bmierci, J\u00f3zef , rodzice i rodze\u0144stwo z obojga stron<\/p>\n<p>2.\u00a0\u00a0\u00a0\u00a0\u00a0 + Mariusz Domaradzki &#8211; gregoria\u0144ska<\/td>\n<\/tr>\n<tr>\n<td colspan=\"2\" width=\"647\"><strong>31\/08\/2023 Czwartek<\/strong><\/td>\n<\/tr>\n<tr>\n<td width=\"85\"><strong>08:00<\/strong><\/td>\n<td width=\"562\">1.\u00a0\u00a0\u00a0\u00a0\u00a0 + M\u0105\u017c Jan, syn Leszek oraz rodzice z obojga stron, zmarli z rodziny<\/p>\n<p>2.\u00a0\u00a0\u00a0\u00a0\u00a0 + Mariusz Domaradzki &#8211; gregoria\u0144ska<\/td>\n<\/tr>\n<tr>\n<td width=\"85\"><strong>10:30<\/strong><\/td>\n<td width=\"562\">Pogrzeb: \u015bp. J\u00f3zefa Richert, lat 83<\/td>\n<\/tr>\n<tr>\n<td width=\"85\"><strong>18:30<\/strong><\/td>\n<td width=\"562\">1.\u00a0\u00a0\u00a0\u00a0\u00a0 + Maria Bratke, Adela Semk\u00f3w, Adam \u015amia\u0142ek, Henryk Antoniak, Halina Ko\u0142odziej, Eugeniusz Wo\u0142owski, Ma\u0142gorzata Szmit, Zdzis\u0142awa Komarowska, Ewa Antoniak, Teresa Stenka, Wanda Wypiorczyk, Leszek Pranschke, Zdzis\u0142aw Strzelecki, Teresa Wolszlegier, Marcin Ferdynus<\/p>\n<p>2.\u00a0\u00a0\u00a0\u00a0\u00a0 + Anna i Bernard Penk i Matylda i Jan<\/td>\n<\/tr>\n<tr>\n<td colspan=\"2\" width=\"647\"><strong>01\/09\/2023 Pi\u0105tek<\/strong><\/td>\n<\/tr>\n<tr>\n<td width=\"85\"><strong>08:00<\/strong><\/td>\n<td width=\"562\">1.\u00a0\u00a0\u00a0\u00a0\u00a0 + Lucyna i Stefan, zmarli z rodzin Makarewicz i Rogalskich<\/p>\n<p>2.\u00a0\u00a0\u00a0\u00a0\u00a0 + Hans Jaskulke w 1 rocz. \u015bmierci oraz Karol Jaskulke, Wanda Szyma\u0144ska w 2 rocz. \u015bmierci, Jerzy i Eugeniusz Szyma\u0144scy<\/td>\n<\/tr>\n<tr>\n<td width=\"85\"><strong>10:00<\/strong><\/td>\n<td width=\"562\">Pogrzeb: \u015bp. Andrzej Brechelke, lat 51<\/td>\n<\/tr>\n<tr>\n<td width=\"85\"><strong>18:30<\/strong><\/td>\n<td width=\"562\">1.\u00a0\u00a0\u00a0\u00a0\u00a0 + Bronis\u0142aw i rodzice z obojga stron oraz rodze\u0144stwo<\/p>\n<p>2.\u00a0\u00a0\u00a0\u00a0\u00a0 + Krystyna Semak w 1 rocz. \u015bmierci<\/p>\n<p>3.\u00a0\u00a0\u00a0\u00a0\u00a0 + Mariusz Domaradzki &#8211; gregoria\u0144ska<\/td>\n<\/tr>\n<tr>\n<td colspan=\"2\" width=\"647\"><strong>02\/09\/2023 Sobota<\/strong><\/td>\n<\/tr>\n<tr>\n<td width=\"85\"><strong>08:00<\/strong><\/td>\n<td width=\"562\">1.\u00a0\u00a0\u00a0\u00a0\u00a0 Dzi\u0119kczynno-b\u0142agalna w intencji VIII R\u00f3\u017cy \u017bywego R\u00f3\u017ca\u0144ca z pro\u015bb\u0105 o zdrowie, Bo\u017ce b\u0142ogos\u0142awie\u0144stwo i opiek\u0119 Matki Bo\u017cej dla cz\u0142onki\u0144 i ich rodzin oraz o \u017cycie wieczne dla zmar\u0142ych<\/p>\n<p>2.\u00a0\u00a0\u00a0\u00a0\u00a0 + Teresa Kinowska i Zofia Bednarska<\/p>\n<p>3.\u00a0\u00a0\u00a0\u00a0\u00a0 + Helena i Stefan Bochentyn<\/p>\n<p>4.\u00a0\u00a0\u00a0\u00a0\u00a0 + Mariusz Domaradzki &#8211; gregoria\u0144ska<\/td>\n<\/tr>\n<tr>\n<td width=\"85\"><strong>18:30<\/strong><\/td>\n<td width=\"562\">+ Marianna i J\u00f3zef Moskwa<\/td>\n<\/tr>\n<tr>\n<td colspan=\"2\" width=\"647\"><strong>03\/09\/2023 <\/strong><\/p>\n<p><strong>XXII Niedziela Zwyk\u0142a<\/strong><\/td>\n<\/tr>\n<tr>\n<td width=\"85\"><strong>08:00<\/strong><\/td>\n<td width=\"562\">1.\u00a0\u00a0\u00a0\u00a0\u00a0 + Stefania i Robert Kl\u00f3skowscy, Zygmunt Kl\u00f3skowski i Eryk Moczad\u0142owski<\/p>\n<p>2.\u00a0\u00a0\u00a0\u00a0\u00a0 + \u0141ucja w 14 rocz. \u015bmierci, Edward, Henryk, Dawid, dziadkowie i rodze\u0144stwo oraz zmarli z rodzin Miko\u0142ajczyk, Kortas i Kancyr<\/td>\n<\/tr>\n<tr>\n<td width=\"85\"><strong>10:00<\/strong><\/td>\n<td width=\"562\">W intencji parafii<\/td>\n<\/tr>\n<tr>\n<td width=\"85\"><strong>11:30<\/strong><\/td>\n<td width=\"562\">+ Jadwiga Czarnecka w 11 rocz. \u015bmierci<\/td>\n<\/tr>\n<tr>\n<td width=\"85\"><strong>13:00<\/strong><\/td>\n<td width=\"562\">+ M\u0105\u017c Kazimierz, mama Stefania, rodzice: Jan i Ma\u0142gorzata, bracia: Hubert i Zygmunt oraz szwagier Miros\u0142aw<\/td>\n<\/tr>\n<tr>\n<td width=\"85\"><strong>18:30<\/strong><\/td>\n<td width=\"562\">+ Zofia i W\u0142adys\u0142aw Borowiec, Krystyna i Jerzy \u017bbikowscy<\/td>\n<\/tr>\n<tr>\n<td width=\"85\"><strong>17:00DK<\/strong><\/td>\n<td width=\"562\">+ Mariusz Domaradzki &#8211; gregoria\u0144ska<\/td>\n<\/tr>\n<\/tbody>\n<\/table>\n","protected":false},"excerpt":{"rendered":"<p>28\/08\/2023 Poniedzia\u0142ek 08:00 + Lucjan Wasi\u0144ski &#8211; gregoria\u0144ska 12:00 Pogrzeb: \u015bp. Stanis\u0142aw Gewartowski, lat 74 18:30 1.\u00a0\u00a0\u00a0\u00a0\u00a0 + Andrzej Lis w dniu urodzin 2.\u00a0\u00a0\u00a0\u00a0\u00a0 + Romuald Dakowicz w 22 rocz. \u015bmierci oraz rodzice z obojga stron 3.\u00a0\u00a0\u00a0\u00a0\u00a0 + Mariusz Domaradzki &#8211; gregoria\u0144ska 29\/08\/2023 Wtorek 08:00 1.\u00a0\u00a0\u00a0\u00a0\u00a0 Dzi\u0119kczynna za otrzymane \u0142aski dla Martynki z pro\u015bb\u0105 o [&hellip;]<\/p>\n","protected":false},"author":6,"featured_media":0,"comment_status":"closed","ping_status":"closed","sticky":false,"template":"","format":"standard","meta":{"footnotes":""},"categories":[10],"tags":[],"publishpress_future_action":{"enabled":false,"date":"1970-01-01 01:00:00","action":"","terms":[],"taxonomy":"","browser_timezone_offset":0},"_links":{"self":[{"href":"https:\/\/swmikolaj.org\/index.php\/wp-json\/wp\/v2\/posts\/121787"}],"collection":[{"href":"https:\/\/swmikolaj.org\/index.php\/wp-json\/wp\/v2\/posts"}],"about":[{"href":"https:\/\/swmikolaj.org\/index.php\/wp-json\/wp\/v2\/types\/post"}],"author":[{"embeddable":true,"href":"https:\/\/swmikolaj.org\/index.php\/wp-json\/wp\/v2\/users\/6"}],"replies":[{"embeddable":true,"href":"https:\/\/swmikolaj.org\/index.php\/wp-json\/wp\/v2\/comments?post=121787"}],"version-history":[{"count":1,"href":"https:\/\/swmikolaj.org\/index.php\/wp-json\/wp\/v2\/posts\/121787\/revisions"}],"predecessor-version":[{"id":121788,"href":"https:\/\/swmikolaj.org\/index.php\/wp-json\/wp\/v2\/posts\/121787\/revisions\/121788"}],"wp:attachment":[{"href":"https:\/\/swmikolaj.org\/index.php\/wp-json\/wp\/v2\/media?parent=121787"}],"wp:term":[{"taxonomy":"category","embeddable":true,"href":"https:\/\/swmikolaj.org\/index.php\/wp-json\/wp\/v2\/categories?post=121787"},{"taxonomy":"post_tag","embeddable":true,"href":"https:\/\/swmikolaj.org\/index.php\/wp-json\/wp\/v2\/tags?post=121787"}],"curies":[{"name":"wp","href":"https:\/\/api.w.org\/{rel}","templated":true}]}}