{"id":1211,"date":"2018-03-29T14:34:33","date_gmt":"2018-03-29T14:34:33","guid":{"rendered":"http:\/\/nowa.swmikolaj.org\/?p=1211"},"modified":"2020-04-09T10:44:00","modified_gmt":"2020-04-09T10:44:00","slug":"ogloszeniaduszpasterskie01-04-2018r-niedzielazmartwychwstaniapanskiego","status":"publish","type":"post","link":"https:\/\/swmikolaj.org\/index.php\/2018\/03\/29\/ogloszeniaduszpasterskie01-04-2018r-niedzielazmartwychwstaniapanskiego\/","title":{"rendered":"Og\u0142oszenia Duszpasterskie, 01.04.2018 r. Niedziela Zmartwychwstania Pa\u0144skiego"},"content":{"rendered":"<p class=\"MsoListParagraphCxSpFirst\" style=\"mso-add-space: auto; text-align: justify; text-indent: -17.85pt; line-height: 105%; mso-list: l0 level1 lfo1; margin: 0cm 0cm .0001pt 17.85pt;\"><!-- [if !supportLists]--><span style=\"font-size: 12pt;\"><br \/>\n<\/span><\/p>\n<p><strong><span style=\"font-size: 16px; text-align: justify; text-indent: -23.8px;\">1.<\/span><\/strong><span style=\"font-size: 16px; text-align: justify; text-indent: -23.8px;\">W Poniedzia\u0142ek Wielkanocny Msze \u015awi\u0119te sprawowa\u0107 b\u0119dziemy w porz\u0105dku niedzielnym. Nie b\u0119dzie jedynie Mszy \u015bw. w dolnym ko\u015bciele o 17:00, st\u0105d m\u0142odzie\u017c zapraszamy na godz. 18:30. W dolnym ko\u015bciele Msza \u015bwi\u0119ta b\u0119dzie sprawowana za tydzie\u0144, 8 kwietnia.<\/span><\/p>\n<p><span style=\"font-size: 12pt;\"><!-- [if !supportLists]--><strong>2.<\/strong>\u00a0Adoracja Naj\u015bwi\u0119tszego Sakramentu od wtorku do soboty od 8:30 do 18:30 w dolnym ko\u015bciele.<\/span><\/p>\n<p><!--more--><\/p>\n<p><strong><span style=\"font-size: 12pt; background-color: transparent;\">3.<\/span><\/strong><span style=\"font-size: 12pt; background-color: transparent;\">Trwa nowenna przed Niedziel\u0105 Mi\u0142osierdzia. Na wsp\u00f3ln\u0105 modlitw\u0119 zapraszamy wed\u0142ug nast\u0119puj\u0105cego porz\u0105dku: w niedziel\u0119 i poniedzia\u0142ek o godz. 9:30 do g\u00f3rnego ko\u015bcio\u0142a; od wtorku do soboty do dolnego ko\u015bcio\u0142a na godz. 15:00.<\/span><\/p>\n<p><span style=\"font-size: 12pt;\"><!-- [if !supportLists]--><strong>4.<\/strong>\u00a0Dzieci \u201epierwszokomunijne\u201d zapraszamy na pr\u00f3by: <\/span><\/p>\n<p style=\"padding-left: 30px;\"><span style=\"font-size: 12pt;\"><!-- [if !supportLists]--><strong>a.<\/strong>\u00a0w \u015brod\u0119, 4 kwietnia o 16:30 w ko\u015bciele .<\/span><\/p>\n<p style=\"padding-left: 30px;\"><span style=\"font-size: 12pt;\"><!-- [if !supportLists]--><strong>b.<\/strong>\u00a0w sobot\u0119, 7 kwietnia o 10:00 przygotowanie do spowiedzi w domu parafialnym.<\/span><\/p>\n<p><span style=\"font-size: 12pt;\"><!-- [if !supportLists]--><strong>5.\u00a0<\/strong>Dzieci z klas czwartych, obchodz\u0105ce w tym roku rocznice Pierwszej Komunii \u015awi\u0119tej zapraszamy na pr\u00f3b\u0119 liturgiczn\u0105 przed rocznic\u0105, w czwartek, 5 kwietnia o 16:30 w ko\u015bciele.<\/span><\/p>\n<p><span style=\"font-size: 12pt;\"><!-- [if !supportLists]--><strong>6.<\/strong> W czwartek, podczas adoracji w dolnym ko\u015bciele, zapraszamy na modlitw\u0119 w intencji kap\u0142an\u00f3w, os\u00f3b konsekrowanych i seminarzyst\u00f3w.<\/span><\/p>\n<p><span style=\"font-size: 12pt;\"><!-- [if !supportLists]--><strong>7.\u00a0<\/strong>Msza \u015awi\u0119ta \u201epierwszopi\u0105tkowa\u201d z udzia\u0142em dzieci b\u0119dzie sprawowana 6 kwietnia o 17:00.<\/span><\/p>\n<p><span style=\"font-size: 12pt;\"><!-- [if !supportLists]--><strong>8.\u00a0<\/strong>Modlitwa os\u00f3b zaanga\u017cowanych w dzie\u0142o Duchowej Adopcji odb\u0119dzie si\u0119 w pi\u0105tek o 17:45 w dolnym ko\u015bciele.<\/span><\/p>\n<p><span style=\"font-size: 12pt;\"><!-- [if !supportLists]--><strong>9.<\/strong>\u00a0Spotkanie dla \u017bywego R\u00f3\u017ca\u0144ca w sobot\u0119. Msza \u015bw.\u00a0 o godz. 8:00, a nast\u0119pnie nabo\u017ce\u0144stwo pierwszosobotnie w dolnym ko\u015bciele.<\/span><\/p>\n<p><span style=\"font-size: 12pt;\"><!-- [if !supportLists]--><strong>10.<\/strong>\u00a0Z rado\u015bci\u0105 informujemy, \u017ce druga wsp\u00f3lnota neokatechumenalna z naszej parafii w uroczysty spos\u00f3b odnowi\u0142a przyrzeczenia chrzcielne podczas Wigilii Paschalnej w Katedrze Oliwskiej i w ten spos\u00f3b zako\u0144czy\u0142a ponad dwudziestoletni\u0105 formacj\u0119 do dojrza\u0142ej wiary.<\/span><\/p>\n<p><span style=\"font-size: 12pt;\"><!-- [if !supportLists]--><strong>11.<\/strong>\u00a0 <!--[endif]-->Wsp\u00f3lnota SNE Magnificat zaprasza na Eucharysti\u0119 we wtorek o 19:15 do dolnego ko\u015bcio\u0142a.<\/span><\/p>\n<p><span style=\"font-size: 12pt;\">12. Kurs Nowe \u017bycie odb\u0119dzie si\u0119 w naszej parafii w dniach 6-8 kwietnia. Zapraszamy do uczestnictwa osoby, kt\u00f3re chcia\u0142yby do\u015bwiadczy\u0107 tego, ze krok wiary daje nowe spojrzenie. Zapisy w biurze parafialnym.<\/span><\/p>\n","protected":false},"excerpt":{"rendered":"<p>1.W Poniedzia\u0142ek Wielkanocny Msze \u015awi\u0119te sprawowa\u0107 b\u0119dziemy w porz\u0105dku niedzielnym. Nie b\u0119dzie jedynie Mszy \u015bw. w dolnym ko\u015bciele o 17:00, st\u0105d m\u0142odzie\u017c zapraszamy na godz. 18:30. W dolnym ko\u015bciele Msza \u015bwi\u0119ta b\u0119dzie sprawowana za tydzie\u0144, 8 kwietnia. 2.\u00a0Adoracja Naj\u015bwi\u0119tszego Sakramentu od wtorku do soboty od 8:30 do 18:30 w dolnym ko\u015bciele.<\/p>\n","protected":false},"author":6,"featured_media":0,"comment_status":"closed","ping_status":"closed","sticky":false,"template":"","format":"standard","meta":{"footnotes":""},"categories":[8,12],"tags":[],"publishpress_future_action":{"enabled":false,"date":"1970-01-01 01:00:00","action":"","terms":[],"taxonomy":"","browser_timezone_offset":0},"_links":{"self":[{"href":"https:\/\/swmikolaj.org\/index.php\/wp-json\/wp\/v2\/posts\/1211"}],"collection":[{"href":"https:\/\/swmikolaj.org\/index.php\/wp-json\/wp\/v2\/posts"}],"about":[{"href":"https:\/\/swmikolaj.org\/index.php\/wp-json\/wp\/v2\/types\/post"}],"author":[{"embeddable":true,"href":"https:\/\/swmikolaj.org\/index.php\/wp-json\/wp\/v2\/users\/6"}],"replies":[{"embeddable":true,"href":"https:\/\/swmikolaj.org\/index.php\/wp-json\/wp\/v2\/comments?post=1211"}],"version-history":[{"count":1,"href":"https:\/\/swmikolaj.org\/index.php\/wp-json\/wp\/v2\/posts\/1211\/revisions"}],"predecessor-version":[{"id":2797,"href":"https:\/\/swmikolaj.org\/index.php\/wp-json\/wp\/v2\/posts\/1211\/revisions\/2797"}],"wp:attachment":[{"href":"https:\/\/swmikolaj.org\/index.php\/wp-json\/wp\/v2\/media?parent=1211"}],"wp:term":[{"taxonomy":"category","embeddable":true,"href":"https:\/\/swmikolaj.org\/index.php\/wp-json\/wp\/v2\/categories?post=1211"},{"taxonomy":"post_tag","embeddable":true,"href":"https:\/\/swmikolaj.org\/index.php\/wp-json\/wp\/v2\/tags?post=1211"}],"curies":[{"name":"wp","href":"https:\/\/api.w.org\/{rel}","templated":true}]}}